{"id":22601,"date":"2017-09-08T09:58:17","date_gmt":"2017-09-08T06:58:17","guid":{"rendered":"http:\/\/www.bbyhaber.com\/bby\/?p=22601"},"modified":"2017-09-08T09:58:32","modified_gmt":"2017-09-08T06:58:32","slug":"kutuphaneciler-bursada-bulustu","status":"publish","type":"post","link":"https:\/\/www.bbyhaber.com\/bby\/2017\/09\/08\/kutuphaneciler-bursada-bulustu","title":{"rendered":"K\u00fct\u00fcphaneciler Bursa&#8217;da bulu\u015ftu"},"content":{"rendered":"<p><a href=\"http:\/\/www.bbyhaber.com\/bby\/wp-content\/uploads\/2017\/09\/kutuphaneciler-bursada-bulustu.jpg\"><img loading=\"lazy\" decoding=\"async\" class=\"alignleft size-full wp-image-22602\" src=\"http:\/\/www.bbyhaber.com\/bby\/wp-content\/uploads\/2017\/09\/kutuphaneciler-bursada-bulustu.jpg\" alt=\"\" width=\"380\" height=\"190\" \/><\/a>BURSA B\u00fcy\u00fck\u015fehir Belediyesi taraf\u0131ndan d\u00fczenlenen &#8216;Yerel Y\u00f6netimlerde K\u00fclt\u00fcrel Miras\u0131n Y\u00f6netimi ve K\u00fct\u00fcphaneler Uluslararas\u0131 Sempozyumu&#8217; Bursa ba\u015flad\u0131. Cuma g\u00fcn\u00fcne kadar s\u00fcrecek sempozyumda bir\u00e7ok konu ele al\u0131nacak. Bursa B\u00fcy\u00fck\u015fehir Belediyesi taraf\u0131ndan d\u00fczenlenen ve T\u00fcrk K\u00fct\u00fcphaneciler Derne\u011fi Bursa \u015eubesi\u2019nin de destekledi\u011fi, 17 \u00fclkeden 54 konu\u015fmac\u0131n\u0131n kat\u0131ld\u0131\u011f\u0131 \u2018Yerel Y\u00f6netimlerde K\u00fclt\u00fcrel Miras\u0131n Y\u00f6netimi ve K\u00fct\u00fcphaneler Uluslararas\u0131 Sempozyumu\u2019 Bursa\u2019da ba\u015flad\u0131. Cuma g\u00fcn\u00fc sona erecek sempozyumda, k\u00fct\u00fcphanecili\u011fin d\u00fcn\u00fc, bug\u00fcn\u00fc ve gelece\u011fi 11 oturum, 53 bildiri ve 1 at\u00f6lye \u00e7al\u0131\u015fmas\u0131yla kat\u0131l\u0131mc\u0131lara aktar\u0131lacak.<!--more--><\/p>\n<p>AMA\u00c7 B\u0130LG\u0130 PAYLA\u015eIMININ GEL\u0130\u015e\u0130M\u0130<\/p>\n<p>Merinos Atat\u00fcrk Kongre ve K\u00fclt\u00fcr Merkezi H\u00fcdavendigar Salonu\u2019ndaki sempozyumun a\u00e7\u0131l\u0131\u015f konu\u015fmalar\u0131, B\u00fcy\u00fck\u015fehir Belediye Ba\u015fkanvekili Abd\u00fclkadir Karl\u0131k ve Do\u00e7. Dr. Nevzat \u00d6zel taraf\u0131ndan yap\u0131ld\u0131. B\u00fcy\u00fck\u015fehir Belediye Ba\u015fkanvekili Abd\u00fclkadir Karl\u0131k, faaliyetlerin daha verimli s\u00fcrd\u00fcr\u00fclmesini ve daha yenilik\u00e7i stratejilerin belirlenmesini destekleyen veri ile bilgi a\u011flar\u0131n\u0131n olu\u015fturulmas\u0131 ve geli\u015ftirilmesinin gittik\u00e7e \u00f6nem kazand\u0131\u011f\u0131n\u0131 belirterek, bilginin yayg\u0131nla\u015ft\u0131r\u0131lmas\u0131 ve hizmetlerin iyile\u015ftirilmesini destekledi\u011fini vurgulad\u0131. Do\u00e7. Dr. Nevzat \u00d6zel ise organizasyonun hedefinin ilgili akademisyenler, uygulamac\u0131lar ve karar al\u0131c\u0131lar ile kurum ve kurulu\u015flar aras\u0131nda bilgi birikimlerinin ve deneyimlerinin aktar\u0131labilece\u011fi payla\u015f\u0131m ve etkile\u015fim ortam\u0131n\u0131 sa\u011flamak oldu\u011funu ifade etti.<\/p>\n<p>B\u0130R\u00c7OK KONU ELE ALINACAK<\/p>\n<p>6-8 Eyl\u00fcl tarihleri aras\u0131nda organize edilen sempozyum, K\u00fclt\u00fcrel Miras-Kent Bellekleri Olu\u015fturma ile K\u00fct\u00fcphaneler ve Gelece\u011fi konulu 2 ana ba\u015fl\u0131k alt\u0131nda d\u00fczenleniyor. K\u00fclt\u00fcrel Miras-Kent Bellekleri Olu\u015fturma konulu ba\u015fl\u0131k alt\u0131nda yerel y\u00f6netimlerin k\u00fclt\u00fcrel miras ve k\u00fclt\u00fcrel bellek sorumlulu\u011fu, yerel y\u00f6netimlerde kent belle\u011fi olu\u015fturma-kent k\u00fclt\u00fcr\u00fc i\u00e7in s\u00f6zl\u00fc tarih \u00e7al\u0131\u015fmalar\u0131, ge\u00e7mi\u015ften g\u00fcn\u00fcm\u00fcze k\u00fct\u00fcphaneler, yerel k\u00fclt\u00fcr varl\u0131klar\u0131n\u0131n-somut olmayan k\u00fclt\u00fcrel miras\u0131n tan\u0131t\u0131lmas\u0131nda k\u00fct\u00fcphanelerin rol\u00fc gibi konular ayr\u0131nt\u0131lar\u0131yla tart\u0131\u015f\u0131lacak. K\u00fct\u00fcphaneler ve Gelece\u011fi konulu ba\u015fl\u0131kta ise; \u015fehir planlamada k\u00fct\u00fcphanelerin konumu ve \u00f6nemi, k\u00fct\u00fcphane binalar\u0131n\u0131n tasar\u0131m\u0131 modern-ekolojik mimari, yenilik\u00e7i ve inovatif k\u00fct\u00fcphane hizmetleri gibi bir\u00e7ok konu uzman ki\u015filer taraf\u0131ndan ele al\u0131nacak.<\/p>\n<p><a href=\"http:\/\/www.hurriyet.com.tr\" target=\"_blank\" rel=\"noopener\">Kaynak<\/a><\/p>\n","protected":false},"excerpt":{"rendered":"<p>BURSA B\u00fcy\u00fck\u015fehir Belediyesi taraf\u0131ndan d\u00fczenlenen &#8216;Yerel Y\u00f6netimlerde K\u00fclt\u00fcrel Miras\u0131n Y\u00f6netimi ve K\u00fct\u00fcphaneler Uluslararas\u0131 Sempozyumu&#8217; Bursa ba\u015flad\u0131. Cuma g\u00fcn\u00fcne kadar s\u00fcrecek sempozyumda bir\u00e7ok konu ele al\u0131nacak. Bursa B\u00fcy\u00fck\u015fehir Belediyesi taraf\u0131ndan d\u00fczenlenen ve T\u00fcrk K\u00fct\u00fcphaneciler Derne\u011fi Bursa \u015eubesi\u2019nin de destekledi\u011fi, 17 \u00fclkeden 54 konu\u015fmac\u0131n\u0131n kat\u0131ld\u0131\u011f\u0131 \u2018Yerel Y\u00f6netimlerde K\u00fclt\u00fcrel Miras\u0131n Y\u00f6netimi ve K\u00fct\u00fcphaneler Uluslararas\u0131 Sempozyumu\u2019 Bursa\u2019da ba\u015flad\u0131. Cuma [&hellip;]<\/p>\n","protected":false},"author":1,"featured_media":22602,"comment_status":"open","ping_status":"open","sticky":false,"template":"","format":"standard","meta":{"footnotes":""},"categories":[1],"tags":[],"class_list":["post-22601","post","type-post","status-publish","format-standard","has-post-thumbnail","hentry","category-genel"],"_links":{"self":[{"href":"https:\/\/www.bbyhaber.com\/bby\/wp-json\/wp\/v2\/posts\/22601"}],"collection":[{"href":"https:\/\/www.bbyhaber.com\/bby\/wp-json\/wp\/v2\/posts"}],"about":[{"href":"https:\/\/www.bbyhaber.com\/bby\/wp-json\/wp\/v2\/types\/post"}],"author":[{"embeddable":true,"href":"https:\/\/www.bbyhaber.com\/bby\/wp-json\/wp\/v2\/users\/1"}],"replies":[{"embeddable":true,"href":"https:\/\/www.bbyhaber.com\/bby\/wp-json\/wp\/v2\/comments?post=22601"}],"version-history":[{"count":2,"href":"https:\/\/www.bbyhaber.com\/bby\/wp-json\/wp\/v2\/posts\/22601\/revisions"}],"predecessor-version":[{"id":22604,"href":"https:\/\/www.bbyhaber.com\/bby\/wp-json\/wp\/v2\/posts\/22601\/revisions\/22604"}],"wp:featuredmedia":[{"embeddable":true,"href":"https:\/\/www.bbyhaber.com\/bby\/wp-json\/wp\/v2\/media\/22602"}],"wp:attachment":[{"href":"https:\/\/www.bbyhaber.com\/bby\/wp-json\/wp\/v2\/media?parent=22601"}],"wp:term":[{"taxonomy":"category","embeddable":true,"href":"https:\/\/www.bbyhaber.com\/bby\/wp-json\/wp\/v2\/categories?post=22601"},{"taxonomy":"post_tag","embeddable":true,"href":"https:\/\/www.bbyhaber.com\/bby\/wp-json\/wp\/v2\/tags?post=22601"}],"curies":[{"name":"wp","href":"https:\/\/api.w.org\/{rel}","templated":true}]}}