{"id":22591,"date":"2017-09-07T09:08:51","date_gmt":"2017-09-07T06:08:51","guid":{"rendered":"http:\/\/www.bbyhaber.com\/bby\/?p=22591"},"modified":"2017-09-07T09:09:31","modified_gmt":"2017-09-07T06:09:31","slug":"kutuphane-evleri-oldu","status":"publish","type":"post","link":"https:\/\/www.bbyhaber.com\/bby\/2017\/09\/07\/kutuphane-evleri-oldu","title":{"rendered":"K\u00fct\u00fcphane evleri oldu"},"content":{"rendered":"<p><a href=\"http:\/\/www.bbyhaber.com\/bby\/wp-content\/uploads\/2017\/09\/internet-yerine-kutuphane.jpeg\"><img loading=\"lazy\" decoding=\"async\" class=\"alignleft size-full wp-image-22592\" src=\"http:\/\/www.bbyhaber.com\/bby\/wp-content\/uploads\/2017\/09\/internet-yerine-kutuphane.jpeg\" alt=\"\" width=\"380\" height=\"180\" \/><\/a>\u015eerefliko\u00e7hisar\u2019da en \u00e7ok kitap okuyan aile, Yunus Emre Halk K\u00fct\u00fcphanesi\u2019ne \u00fcye olan Kara ailesi oldu. Kara ailesinin evlerinde ne internet ne televizyon var. 3.5 ya\u015f\u0131ndaki Bet\u00fcl Kara\u2019n\u0131n bile elinden kitap d\u00fc\u015fm\u00fcyor. \u0130l\u00e7enin Hac\u0131embiya Mahallesi&#8217;nde ikamet eden Kara ailesi, en \u00e7ok kitap okuyanlar olarak tespit edildi. K\u00fct\u00fcphaneye \u00fcye olan Kara ailesinden Atila Kara Yavuz Sultan Selim Fen Lisesi M\u00fcd\u00fcr\u00fc, e\u015fi G\u00fcler Abd\u00fclbaki \u00dcnl\u00fc \u0130mam Hatip Ortaokulu \u0130ngilizce \u00d6\u011fretmeni, \u00c7ocuklar\u0131 15 ya\u015f\u0131ndaki Ay\u015feg\u00fcl Kara Yavuz Sultan Selim Fen Lisesi 2. s\u0131n\u0131f \u00f6\u011frencisi,<!--more--> 14 ya\u015f\u0131ndaki Elif Kara ise yine Yavuz Sultan Selim Fen Lisesi 1. s\u0131n\u0131f \u00f6\u011frencisi, 9 ya\u015f\u0131ndaki Fatma Suden Kara Emek \u0130lkokulu \u00f6\u011frencisi, ailenin en k\u00fc\u00e7\u00fc\u011f\u00fc ise 3,5 ya\u015f\u0131ndaki Bet\u00fcl Kara. \u00e7ocuklar\u0131 ile s\u00fcrekli diyalog halinde bulundu\u011funu belirten baba Atila Kara, &#8220;\u00c7ocuklar\u0131m\u0131n \u00f6zg\u00fcvenli, ba\u015far\u0131l\u0131, sa\u011fl\u0131kl\u0131, kendilerini ifade edip, yeti\u015fmelerini istiyoruz. Karar da onlar\u0131n, tercihler de onlar\u0131n&#8221; dedi. G\u00fcler Kara ise \u00e7ocuklar\u0131 ile birlikte kitap okuduklar\u0131n\u0131 belirtirken, &#8220;Hatta k\u00fct\u00fcphanecilik oynuyoruz. Yeri geldi\u011finde &#8216;okudu\u011funuz kitap hakk\u0131nda ne d\u00fc\u015f\u00fcn\u00fcyorsunuz?&#8217; diye soruyor, yazarlarla ilgili yorumlar, kritikler yap\u0131yoruz. Okulumda \u00f6\u011frencilerime mutlaka kitap okumalar\u0131n\u0131 s\u00f6yl\u00fcyorum&#8221; dedi.<\/p>\n<p>K\u0130TAP OKUMALI<br \/>\n4 karde\u015fin b\u00fcy\u00fc\u011f\u00fc olan Ay\u015feg\u00fcl Kara da kitap okuman\u0131n en \u00e7ok yarar\u0131n\u0131 g\u00f6rd\u00fc\u011f\u00fcn\u00fc, s\u0131navlarda ba\u015far\u0131l\u0131 oldu\u011funu belirtirken, TEOG&#8217;da 478 puan al\u0131p, Yavuz Sultan Selim Fen Lisesi&#8217;ni kazand\u0131\u011f\u0131n\u0131 s\u00f6yledi. Kitap okuman\u0131n e\u011flenceli ve yararl\u0131 olmas\u0131 nedeniyle bo\u015f vakitlerini doldurdu\u011funu belirten Ay\u015feg\u00fcl Kara, &#8220;\u0130nsan\u0131n ufkunu geli\u015ftiriyor. T\u00fcm \u00e7ocuklar\u0131n kitap okumas\u0131 gerekiyor&#8221; ifadelerini kulland\u0131.<\/p>\n<p>\u0130NTERNET YER\u0130NE K\u00dcT\u00dcPHANE<br \/>\nEvlerinde internet olmad\u0131\u011f\u0131n\u0131, televizyonu izlemediklerini belirten Atilla Kara, &#8220;\u00c7ocuklar\u0131n bir ara\u015ft\u0131rma \u00f6devi oldu\u011fu zaman evimizdeki k\u00fct\u00fcphanede bulunan ansiklopedilere bak\u0131p, kendilerinin yapmalar\u0131n\u0131 s\u00f6yl\u00fcyorum. \u00d6yle internete bak\u0131p, haz\u0131ra konmalar\u0131n\u0131 istemiyoruz. Kitap okumak ve \u00e7ocuklar\u0131n baz\u0131 \u015feyleri kavramalar\u0131 k\u00fc\u00e7\u00fck ya\u015flarda olur. K\u00fc\u00e7\u00fckten herkes kendi gelece\u011fini kendi kurmal\u0131. O temelde olmal\u0131. Sonradan olmaz&#8221; diye konu\u015ftu.<\/p>\n<p><a href=\"http:\/\/www.sabah.com.tr\/\" target=\"_blank\" rel=\"noopener\">Kaynak<\/a><\/p>\n","protected":false},"excerpt":{"rendered":"<p>\u015eerefliko\u00e7hisar\u2019da en \u00e7ok kitap okuyan aile, Yunus Emre Halk K\u00fct\u00fcphanesi\u2019ne \u00fcye olan Kara ailesi oldu. Kara ailesinin evlerinde ne internet ne televizyon var. 3.5 ya\u015f\u0131ndaki Bet\u00fcl Kara\u2019n\u0131n bile elinden kitap d\u00fc\u015fm\u00fcyor. \u0130l\u00e7enin Hac\u0131embiya Mahallesi&#8217;nde ikamet eden Kara ailesi, en \u00e7ok kitap okuyanlar olarak tespit edildi. K\u00fct\u00fcphaneye \u00fcye olan Kara ailesinden Atila Kara Yavuz Sultan Selim [&hellip;]<\/p>\n","protected":false},"author":1,"featured_media":22592,"comment_status":"open","ping_status":"open","sticky":false,"template":"","format":"standard","meta":{"footnotes":""},"categories":[1],"tags":[],"class_list":["post-22591","post","type-post","status-publish","format-standard","has-post-thumbnail","hentry","category-genel"],"_links":{"self":[{"href":"https:\/\/www.bbyhaber.com\/bby\/wp-json\/wp\/v2\/posts\/22591"}],"collection":[{"href":"https:\/\/www.bbyhaber.com\/bby\/wp-json\/wp\/v2\/posts"}],"about":[{"href":"https:\/\/www.bbyhaber.com\/bby\/wp-json\/wp\/v2\/types\/post"}],"author":[{"embeddable":true,"href":"https:\/\/www.bbyhaber.com\/bby\/wp-json\/wp\/v2\/users\/1"}],"replies":[{"embeddable":true,"href":"https:\/\/www.bbyhaber.com\/bby\/wp-json\/wp\/v2\/comments?post=22591"}],"version-history":[{"count":3,"href":"https:\/\/www.bbyhaber.com\/bby\/wp-json\/wp\/v2\/posts\/22591\/revisions"}],"predecessor-version":[{"id":22595,"href":"https:\/\/www.bbyhaber.com\/bby\/wp-json\/wp\/v2\/posts\/22591\/revisions\/22595"}],"wp:featuredmedia":[{"embeddable":true,"href":"https:\/\/www.bbyhaber.com\/bby\/wp-json\/wp\/v2\/media\/22592"}],"wp:attachment":[{"href":"https:\/\/www.bbyhaber.com\/bby\/wp-json\/wp\/v2\/media?parent=22591"}],"wp:term":[{"taxonomy":"category","embeddable":true,"href":"https:\/\/www.bbyhaber.com\/bby\/wp-json\/wp\/v2\/categories?post=22591"},{"taxonomy":"post_tag","embeddable":true,"href":"https:\/\/www.bbyhaber.com\/bby\/wp-json\/wp\/v2\/tags?post=22591"}],"curies":[{"name":"wp","href":"https:\/\/api.w.org\/{rel}","templated":true}]}}