{"id":22582,"date":"2017-08-30T18:16:09","date_gmt":"2017-08-30T15:16:09","guid":{"rendered":"http:\/\/www.bbyhaber.com\/bby\/?p=22582"},"modified":"2017-11-24T18:10:09","modified_gmt":"2017-11-24T15:10:09","slug":"ii-osmanli-cografyasi-uluslararasi-arsiv-kongresi","status":"publish","type":"post","link":"https:\/\/www.bbyhaber.com\/bby\/2017\/08\/30\/ii-osmanli-cografyasi-uluslararasi-arsiv-kongresi","title":{"rendered":"II. Osmanl\u0131 Co\u011frafyas\u0131 Uluslararas\u0131 Ar\u015fiv Kongresi-20-24 Kas\u0131m 2017,\u0130stanbul"},"content":{"rendered":"<p><a href=\"http:\/\/www.bbyhaber.com\/bby\/wp-content\/uploads\/2017\/08\/OsmanliCografyasiUluslararasiArsivKongresi.jpg\"><img loading=\"lazy\" decoding=\"async\" class=\"alignleft size-full wp-image-22583\" src=\"http:\/\/www.bbyhaber.com\/bby\/wp-content\/uploads\/2017\/08\/OsmanliCografyasiUluslararasiArsivKongresi.jpg\" alt=\"\" width=\"380\" height=\"190\" srcset=\"https:\/\/www.bbyhaber.com\/bby\/wp-content\/uploads\/2017\/08\/OsmanliCografyasiUluslararasiArsivKongresi.jpg 619w, https:\/\/www.bbyhaber.com\/bby\/wp-content\/uploads\/2017\/08\/OsmanliCografyasiUluslararasiArsivKongresi-300x151.jpg 300w\" sizes=\"(max-width: 380px) 100vw, 380px\" \/><\/a>\u00c7evre ve \u015eehircilik Bakanl\u0131\u011f\u0131 Tapu ve Kadastro Genel M\u00fcd\u00fcrl\u00fc\u011f\u00fc, <strong>II. Osmanl\u0131 Co\u011frafyas\u0131 Uluslararas\u0131 Ar\u015fiv Kongresi<\/strong>\u2019ni T\u00fcrkiye Cumhuriyeti Cumhurba\u015fkanl\u0131\u011f\u0131 himayelerinde <span style=\"color: #0000ff;\"><strong>20-24 Kas\u0131m 2017<\/strong> <\/span>tarihleri aras\u0131nda <span style=\"color: #0000ff;\"><strong>\u0130stanbul<\/strong><\/span>\u2019da d\u00fczenlemektedir.<!--more--><\/p>\n<p>Kongre dili T\u00fcrk\u00e7e ve \u0130ngilizcedir. Kat\u0131lmak isteyenlerin <strong>22 Eyl\u00fcl 2017<\/strong> tarihine kadar 400 ile 600 kelime aral\u0131\u011f\u0131ndaki bildiri \u00f6zetlerini ve akademik CV\u2019lerini <a href=\"http:\/\/www.tkgmkongre2017.org\/\" target=\"_blank\" rel=\"noopener\">www.tkgmkongre2017.org<\/a> adresinde \u201cBildiri Y\u00f6netim Sistemi\u201dne y\u00fcklemeleri gerekmektedir.<\/p>\n<p>Kongreye kat\u0131l\u0131m \u00fccretsiz olup, bildirileri kabul edilenlerin ula\u015f\u0131m ve konaklama giderleri Kongre Organizasyonu taraf\u0131ndan kar\u015f\u0131lanacakt\u0131r.<\/p>\n<p>Kongre ile ilgili her t\u00fcrl\u00fc bilgiye <a href=\"http:\/\/www.tkgmkongre2017.org\/\" target=\"_blank\" rel=\"noopener\">www.tkgmkongre2017.org<\/a>\u00a0adresinden ula\u015fabilirsiniz.<\/p>\n","protected":false},"excerpt":{"rendered":"<p>\u00c7evre ve \u015eehircilik Bakanl\u0131\u011f\u0131 Tapu ve Kadastro Genel M\u00fcd\u00fcrl\u00fc\u011f\u00fc, II. Osmanl\u0131 Co\u011frafyas\u0131 Uluslararas\u0131 Ar\u015fiv Kongresi\u2019ni T\u00fcrkiye Cumhuriyeti Cumhurba\u015fkanl\u0131\u011f\u0131 himayelerinde 20-24 Kas\u0131m 2017 tarihleri aras\u0131nda \u0130stanbul\u2019da d\u00fczenlemektedir.<\/p>\n","protected":false},"author":1,"featured_media":22583,"comment_status":"open","ping_status":"open","sticky":false,"template":"","format":"standard","meta":{"footnotes":""},"categories":[],"tags":[1096,1395],"class_list":["post-22582","post","type-post","status-publish","format-standard","has-post-thumbnail","hentry","tag-arsivcilik","tag-bby-mesleki-etkinlikler-arsivi"],"_links":{"self":[{"href":"https:\/\/www.bbyhaber.com\/bby\/wp-json\/wp\/v2\/posts\/22582"}],"collection":[{"href":"https:\/\/www.bbyhaber.com\/bby\/wp-json\/wp\/v2\/posts"}],"about":[{"href":"https:\/\/www.bbyhaber.com\/bby\/wp-json\/wp\/v2\/types\/post"}],"author":[{"embeddable":true,"href":"https:\/\/www.bbyhaber.com\/bby\/wp-json\/wp\/v2\/users\/1"}],"replies":[{"embeddable":true,"href":"https:\/\/www.bbyhaber.com\/bby\/wp-json\/wp\/v2\/comments?post=22582"}],"version-history":[{"count":3,"href":"https:\/\/www.bbyhaber.com\/bby\/wp-json\/wp\/v2\/posts\/22582\/revisions"}],"predecessor-version":[{"id":22614,"href":"https:\/\/www.bbyhaber.com\/bby\/wp-json\/wp\/v2\/posts\/22582\/revisions\/22614"}],"wp:featuredmedia":[{"embeddable":true,"href":"https:\/\/www.bbyhaber.com\/bby\/wp-json\/wp\/v2\/media\/22583"}],"wp:attachment":[{"href":"https:\/\/www.bbyhaber.com\/bby\/wp-json\/wp\/v2\/media?parent=22582"}],"wp:term":[{"taxonomy":"category","embeddable":true,"href":"https:\/\/www.bbyhaber.com\/bby\/wp-json\/wp\/v2\/categories?post=22582"},{"taxonomy":"post_tag","embeddable":true,"href":"https:\/\/www.bbyhaber.com\/bby\/wp-json\/wp\/v2\/tags?post=22582"}],"curies":[{"name":"wp","href":"https:\/\/api.w.org\/{rel}","templated":true}]}}