{"id":22476,"date":"2017-08-07T10:46:08","date_gmt":"2017-08-07T07:46:08","guid":{"rendered":"http:\/\/www.bbyhaber.com\/bby\/?p=22476"},"modified":"2017-08-07T15:37:52","modified_gmt":"2017-08-07T12:37:52","slug":"tapunun-arsiv-uzmani-alimindaki-son-durumu","status":"publish","type":"post","link":"https:\/\/www.bbyhaber.com\/bby\/2017\/08\/07\/tapunun-arsiv-uzmani-alimindaki-son-durumu","title":{"rendered":"Tapu&#8217;nun &#8220;Ar\u015fiv Uzman\u0131&#8221; al\u0131m\u0131ndaki son durumu"},"content":{"rendered":"<p><a href=\"http:\/\/www.bbyhaber.com\/bby\/wp-content\/uploads\/2017\/05\/tapu.jpg\"><img loading=\"lazy\" decoding=\"async\" class=\"alignleft wp-image-22039\" src=\"http:\/\/www.bbyhaber.com\/bby\/wp-content\/uploads\/2017\/05\/tapu.jpg\" alt=\"\" width=\"380\" height=\"190\" \/><\/a>\u00c7evre ve \u015eehircilik Bakanl\u0131\u011f\u0131, gayrimenkul ve buna dayal\u0131 i\u015flemlerde \u00e7ok say\u0131da vatanda\u015fla irtibat halinde bulunan <strong>Tapu ve Kadastro Genel M\u00fcd\u00fcrl\u00fc\u011f\u00fc (TKGM)<\/strong>, personel ihtiyac\u0131n\u0131n kar\u015f\u0131lanmas\u0131, tapu ve kadastro hizmetlerinin aksamadan ve kanunlar\u0131n \u00f6ng\u00f6rd\u00fc\u011f\u00fc \u00e7er\u00e7evede y\u00fcr\u00fct\u00fclebilmesi i\u00e7in s\u00f6zle\u015fmeli \u00a0Ar\u015fiv Uzman\u0131 alaca\u011f\u0131n\u0131 daha \u00f6nceden duyurmu\u015ftu.<!--more--><\/p>\n<p>Fakat, malesef verilen s\u00f6zler yerine getirilmemi\u015f, Ar\u015fiv Uzman\u0131 haricinde di\u011fer kadrolara yerle\u015ftirme yap\u0131lm\u0131\u015ft\u0131. Meslekta\u015flar\u0131m\u0131z da o g\u00fcnden bug\u00fcne de\u011fin sosyal medyada\u00a0ma\u011fduriyetlerini dile getirmekte, hakk\u0131m\u0131z olan Ar\u015fiv Uzman\u0131 kadrolar\u0131na BBY mezunlar\u0131n\u0131n atanmas\u0131n\u0131 ve bir an \u00f6nce ilana \u00e7\u0131k\u0131lmas\u0131n\u0131 talep etmektedirler.<\/p>\n<p>Konuyla ilgili TKGM&#8217;e <strong>bilgi edinme<\/strong> yolu ile ba\u015fvuru yap\u0131lm\u0131\u015f (02\/08\/2017) ve a\u015fa\u011f\u0131daki cevap (07\/08\/2017) gelmi\u015ftir:<\/p>\n<p><span style=\"color: #ff0000;\"><strong>&#8220;<\/strong><\/span>Ba\u015fvurunuz incelenmi\u015f olup; konuya ili\u015fkin \u00e7al\u0131\u015fmalar\u0131m\u0131z devam etmektedir. <strong>Hen\u00fcz 200 adet Ar\u015fiv Uzman\u0131 poziyon vizesi i\u00e7in herhangi bir i\u015flem yap\u0131lmam\u0131\u015ft\u0131r.<span style=\"color: #ff0000;\">&#8220;<\/span><\/strong><\/p>\n<p><span style=\"color: #0000ff;\"><strong>Bu kadrolar bizim, kadrolar\u0131m\u0131za ve atanmay\u0131 bekleyen meslekta\u015flar\u0131m\u0131za sahip \u00e7\u0131kal\u0131m, destek olal\u0131m!!!.<\/strong><\/span><\/p>\n","protected":false},"excerpt":{"rendered":"<p>\u00c7evre ve \u015eehircilik Bakanl\u0131\u011f\u0131, gayrimenkul ve buna dayal\u0131 i\u015flemlerde \u00e7ok say\u0131da vatanda\u015fla irtibat halinde bulunan Tapu ve Kadastro Genel M\u00fcd\u00fcrl\u00fc\u011f\u00fc (TKGM), personel ihtiyac\u0131n\u0131n kar\u015f\u0131lanmas\u0131, tapu ve kadastro hizmetlerinin aksamadan ve kanunlar\u0131n \u00f6ng\u00f6rd\u00fc\u011f\u00fc \u00e7er\u00e7evede y\u00fcr\u00fct\u00fclebilmesi i\u00e7in s\u00f6zle\u015fmeli \u00a0Ar\u015fiv Uzman\u0131 alaca\u011f\u0131n\u0131 daha \u00f6nceden duyurmu\u015ftu.<\/p>\n","protected":false},"author":1,"featured_media":22039,"comment_status":"open","ping_status":"open","sticky":false,"template":"","format":"standard","meta":{"footnotes":""},"categories":[],"tags":[793,792,1096],"class_list":["post-22476","post","type-post","status-publish","format-standard","has-post-thumbnail","hentry","tag-arsiv-uzmani","tag-arsiv-uzmani-pozisyonu","tag-arsivcilik"],"_links":{"self":[{"href":"https:\/\/www.bbyhaber.com\/bby\/wp-json\/wp\/v2\/posts\/22476"}],"collection":[{"href":"https:\/\/www.bbyhaber.com\/bby\/wp-json\/wp\/v2\/posts"}],"about":[{"href":"https:\/\/www.bbyhaber.com\/bby\/wp-json\/wp\/v2\/types\/post"}],"author":[{"embeddable":true,"href":"https:\/\/www.bbyhaber.com\/bby\/wp-json\/wp\/v2\/users\/1"}],"replies":[{"embeddable":true,"href":"https:\/\/www.bbyhaber.com\/bby\/wp-json\/wp\/v2\/comments?post=22476"}],"version-history":[{"count":4,"href":"https:\/\/www.bbyhaber.com\/bby\/wp-json\/wp\/v2\/posts\/22476\/revisions"}],"predecessor-version":[{"id":22483,"href":"https:\/\/www.bbyhaber.com\/bby\/wp-json\/wp\/v2\/posts\/22476\/revisions\/22483"}],"wp:featuredmedia":[{"embeddable":true,"href":"https:\/\/www.bbyhaber.com\/bby\/wp-json\/wp\/v2\/media\/22039"}],"wp:attachment":[{"href":"https:\/\/www.bbyhaber.com\/bby\/wp-json\/wp\/v2\/media?parent=22476"}],"wp:term":[{"taxonomy":"category","embeddable":true,"href":"https:\/\/www.bbyhaber.com\/bby\/wp-json\/wp\/v2\/categories?post=22476"},{"taxonomy":"post_tag","embeddable":true,"href":"https:\/\/www.bbyhaber.com\/bby\/wp-json\/wp\/v2\/tags?post=22476"}],"curies":[{"name":"wp","href":"https:\/\/api.w.org\/{rel}","templated":true}]}}