{"id":22472,"date":"2017-08-07T09:24:29","date_gmt":"2017-08-07T06:24:29","guid":{"rendered":"http:\/\/www.bbyhaber.com\/bby\/?p=22472"},"modified":"2017-08-07T09:24:49","modified_gmt":"2017-08-07T06:24:49","slug":"duzce-belediyesi-ebys-uygulamasina-gecti","status":"publish","type":"post","link":"https:\/\/www.bbyhaber.com\/bby\/2017\/08\/07\/duzce-belediyesi-ebys-uygulamasina-gecti","title":{"rendered":"D\u00fczce Belediyesi EBYS Uygulamas\u0131na Ge\u00e7ti"},"content":{"rendered":"<p><a href=\"http:\/\/www.bbyhaber.com\/bby\/wp-content\/uploads\/2017\/08\/ebys-duzce-belediyesi.jpeg\"><img loading=\"lazy\" decoding=\"async\" class=\"alignleft size-full wp-image-22473\" src=\"http:\/\/www.bbyhaber.com\/bby\/wp-content\/uploads\/2017\/08\/ebys-duzce-belediyesi.jpeg\" alt=\"\" width=\"380\" height=\"190\" \/><\/a>D\u00fczce Belediyesi k\u0131sa ad\u0131<strong> EBYS<\/strong> olan \u2018<strong>Elektronik Belge Y\u00f6netim Sistemi<\/strong>\u2019ne ge\u00e7ti. Buna g\u00f6re, belediye ile ilgili t\u00fcm i\u015flemler elektronik ortam \u00fczerinden ger\u00e7ekle\u015fecek. Vatanda\u015flar belediyeye verdi\u011fi dilek\u00e7elerin i\u015flem s\u00fcre\u00e7lerini telefonlar\u0131ndan takip edebilecek. D\u00fczce belediyesi vatanda\u015flar\u0131n belediye ile olan i\u015flemlerini kolayla\u015ft\u0131rd\u0131. Vatanda\u015flar belediye olan herhangi bir i\u015flem i\u00e7in dilek\u00e7e verdiklerinde, dilek\u00e7enin takibi telefonlardan yap\u0131labilecek.<!--more--><\/p>\n<p>D\u00fczce Belediyesi Yaz\u0131 i\u015fleri M\u00fcd\u00fcr\u00fc \u015eenay Ayd\u0131n, Elektronik Belge Y\u00f6netim Sistemiyle belediye hizmetlerinin vatanda\u015flara daha h\u0131zl\u0131 ve kontrol edilebilir bir \u015fekilde sunmay\u0131 ama\u00e7lad\u0131klar\u0131n\u0131 s\u00f6yledi. Ayd\u0131n, \u201cEBYS sayesinde belediyenin t\u00fcm yaz\u0131\u015fmalar\u0131 elektronik ortamda yap\u0131lacak. \u0130\u015f ve i\u015flemler i\u00e7in yap\u0131lacak uygulamalar ka\u011f\u0131t yerine elektronik ortamda takip edilecek\u201d dedi. EBYS sisteminde, belge y\u00f6netimi Yaz\u0131 \u0130\u015fleri M\u00fcd\u00fcrl\u00fc\u011f\u00fcnden, sistem y\u00f6netimi ise Bilgi \u0130\u015flem M\u00fcd\u00fcrl\u00fc\u011f\u00fcnden yap\u0131lacak.<\/p>\n<p><a href=\"http:\/\/www.milliyet.com.tr\" target=\"_blank\" rel=\"noopener\">Kaynak<\/a><\/p>\n","protected":false},"excerpt":{"rendered":"<p>D\u00fczce Belediyesi k\u0131sa ad\u0131 EBYS olan \u2018Elektronik Belge Y\u00f6netim Sistemi\u2019ne ge\u00e7ti. Buna g\u00f6re, belediye ile ilgili t\u00fcm i\u015flemler elektronik ortam \u00fczerinden ger\u00e7ekle\u015fecek. Vatanda\u015flar belediyeye verdi\u011fi dilek\u00e7elerin i\u015flem s\u00fcre\u00e7lerini telefonlar\u0131ndan takip edebilecek. D\u00fczce belediyesi vatanda\u015flar\u0131n belediye ile olan i\u015flemlerini kolayla\u015ft\u0131rd\u0131. Vatanda\u015flar belediye olan herhangi bir i\u015flem i\u00e7in dilek\u00e7e verdiklerinde, dilek\u00e7enin takibi telefonlardan yap\u0131labilecek.<\/p>\n","protected":false},"author":1,"featured_media":22473,"comment_status":"open","ping_status":"open","sticky":false,"template":"","format":"standard","meta":{"footnotes":""},"categories":[299,1482,1483],"tags":[1412],"class_list":["post-22472","post","type-post","status-publish","format-standard","has-post-thumbnail","hentry","category-bilgi-yonetimi-2","category-ebys","category-elektronik-belge-yonetim-sistemi","tag-belge-yonetimi"],"_links":{"self":[{"href":"https:\/\/www.bbyhaber.com\/bby\/wp-json\/wp\/v2\/posts\/22472"}],"collection":[{"href":"https:\/\/www.bbyhaber.com\/bby\/wp-json\/wp\/v2\/posts"}],"about":[{"href":"https:\/\/www.bbyhaber.com\/bby\/wp-json\/wp\/v2\/types\/post"}],"author":[{"embeddable":true,"href":"https:\/\/www.bbyhaber.com\/bby\/wp-json\/wp\/v2\/users\/1"}],"replies":[{"embeddable":true,"href":"https:\/\/www.bbyhaber.com\/bby\/wp-json\/wp\/v2\/comments?post=22472"}],"version-history":[{"count":2,"href":"https:\/\/www.bbyhaber.com\/bby\/wp-json\/wp\/v2\/posts\/22472\/revisions"}],"predecessor-version":[{"id":22475,"href":"https:\/\/www.bbyhaber.com\/bby\/wp-json\/wp\/v2\/posts\/22472\/revisions\/22475"}],"wp:featuredmedia":[{"embeddable":true,"href":"https:\/\/www.bbyhaber.com\/bby\/wp-json\/wp\/v2\/media\/22473"}],"wp:attachment":[{"href":"https:\/\/www.bbyhaber.com\/bby\/wp-json\/wp\/v2\/media?parent=22472"}],"wp:term":[{"taxonomy":"category","embeddable":true,"href":"https:\/\/www.bbyhaber.com\/bby\/wp-json\/wp\/v2\/categories?post=22472"},{"taxonomy":"post_tag","embeddable":true,"href":"https:\/\/www.bbyhaber.com\/bby\/wp-json\/wp\/v2\/tags?post=22472"}],"curies":[{"name":"wp","href":"https:\/\/api.w.org\/{rel}","templated":true}]}}