{"id":22459,"date":"2017-08-04T08:53:37","date_gmt":"2017-08-04T05:53:37","guid":{"rendered":"http:\/\/www.bbyhaber.com\/bby\/?p=22459"},"modified":"2017-08-04T09:55:12","modified_gmt":"2017-08-04T06:55:12","slug":"yayla-cocuklarinin-kitap-sevinci-kosun-kitapci-geldi","status":"publish","type":"post","link":"https:\/\/www.bbyhaber.com\/bby\/2017\/08\/04\/yayla-cocuklarinin-kitap-sevinci-kosun-kitapci-geldi","title":{"rendered":"Yayla \u00e7ocuklar\u0131n\u0131n kitap sevinci: Ko\u015fun kitap\u00e7\u0131 geldi!"},"content":{"rendered":"<p><a href=\"http:\/\/www.bbyhaber.com\/bby\/wp-content\/uploads\/2017\/08\/yayala-kutuphane2.jpg\"><img loading=\"lazy\" decoding=\"async\" class=\"alignleft size-full wp-image-22461\" src=\"http:\/\/www.bbyhaber.com\/bby\/wp-content\/uploads\/2017\/08\/yayala-kutuphane2.jpg\" alt=\"\" width=\"380\" height=\"190\" \/><\/a><strong>Antaly<\/strong>a&#8217;n\u0131n Manavgat il\u00e7esinde 5 y\u0131l \u00f6nce ba\u015flat\u0131lan Yaylada Kitap Okuma Projesi (YAYKOP) kapsam\u0131nda, Toros Da\u011flar\u0131&#8217;n\u0131n eteklerinde kurulu 1500- 2000 rak\u0131ml\u0131 yaylalara kitap ta\u015f\u0131n\u0131yor. Yaz\u0131n aileleriyle birlikte yaylaya \u00e7\u0131kan \u00e7ocuklar 15 g\u00fcnde bir getirilen kitaplar\u0131 heyecanla bekliyor. Toroslar\u0131n zirvesinde kitaplar\u0131n renkli d\u00fcnyas\u0131nda yolculu\u011fa \u00e7\u0131kan \u00e7ocuklara yeti\u015fkinler de e\u015flik ediyor. Proje kapsam\u0131nda 5 y\u0131lda 10 bin 439 kitap yaylalarda okurlarla bulu\u015fturuldu.<!--more--><\/p>\n<div id='gallery-1' class='gallery galleryid-22459 gallery-columns-4 gallery-size-thumbnail'><figure class='gallery-item'>\n\t\t\t<div class='gallery-icon portrait'>\n\t\t\t\t<a href='https:\/\/www.bbyhaber.com\/bby\/wp-content\/uploads\/2017\/08\/yayala-kutuphane1.jpg'><img loading=\"lazy\" decoding=\"async\" width=\"150\" height=\"150\" src=\"https:\/\/www.bbyhaber.com\/bby\/wp-content\/uploads\/2017\/08\/yayala-kutuphane1-150x150.jpg\" class=\"attachment-thumbnail size-thumbnail\" alt=\"\" \/><\/a>\n\t\t\t<\/div><\/figure><figure class='gallery-item'>\n\t\t\t<div class='gallery-icon landscape'>\n\t\t\t\t<a href='https:\/\/www.bbyhaber.com\/bby\/wp-content\/uploads\/2017\/08\/yayala-kutuphane3.jpg'><img loading=\"lazy\" decoding=\"async\" width=\"150\" height=\"150\" src=\"https:\/\/www.bbyhaber.com\/bby\/wp-content\/uploads\/2017\/08\/yayala-kutuphane3-150x150.jpg\" class=\"attachment-thumbnail size-thumbnail\" alt=\"\" \/><\/a>\n\t\t\t<\/div><\/figure><figure class='gallery-item'>\n\t\t\t<div class='gallery-icon landscape'>\n\t\t\t\t<a href='https:\/\/www.bbyhaber.com\/bby\/wp-content\/uploads\/2017\/08\/yayala-kutuphane5.jpg'><img loading=\"lazy\" decoding=\"async\" width=\"150\" height=\"150\" src=\"https:\/\/www.bbyhaber.com\/bby\/wp-content\/uploads\/2017\/08\/yayala-kutuphane5-150x150.jpg\" class=\"attachment-thumbnail size-thumbnail\" alt=\"\" \/><\/a>\n\t\t\t<\/div><\/figure><figure class='gallery-item'>\n\t\t\t<div class='gallery-icon portrait'>\n\t\t\t\t<a href='https:\/\/www.bbyhaber.com\/bby\/wp-content\/uploads\/2017\/08\/yayala-kutuphane4.jpg'><img loading=\"lazy\" decoding=\"async\" width=\"150\" height=\"150\" src=\"https:\/\/www.bbyhaber.com\/bby\/wp-content\/uploads\/2017\/08\/yayala-kutuphane4-150x150.jpg\" class=\"attachment-thumbnail size-thumbnail\" alt=\"\" \/><\/a>\n\t\t\t<\/div><\/figure>\n\t\t<\/div>\n\n<p>Manavgat&#8217;ta yaya\u015fan baz\u0131 yurtta\u015flar yaz geldi\u011finde s\u0131cak nedeniyle, baz\u0131lar\u0131 ise yeti\u015ftirdikleri b\u00fcy\u00fckba\u015f ve k\u00fc\u00e7\u00fckba\u015f hayvanlara otlak bulmak amac\u0131yla aileleriyle birlikte Toros Da\u011flar\u0131&#8217;n\u0131n eteklerindeki yaylalara gidiyor. Antalya&#8217;n\u0131n Akseki \u0130l\u00e7esi ile Konya&#8217;n\u0131n Bozk\u0131r il\u00e7esi aras\u0131nda kalan 1500 ile 2000 rak\u0131mdaki yaylalarda yaz\u0131 ge\u00e7iren \u00e7ocuklar ise \u00e7ar\u015famba g\u00fcnlerini heyecanla bekliyor.<\/p>\n<p><strong>15 g\u00fcnde bir \u00e7ar\u015famba g\u00fcnleri yaylaya gelen yabanc\u0131 ara\u00e7lara daha bir dikkat kesilen \u00e7ocuklar<\/strong>, 2012 y\u0131l\u0131nda ba\u015flayan YAYKOP kapsam\u0131nda kitap da\u011f\u0131tan Manavgat Belediyesi arac\u0131nda il\u00e7e halk k\u00fct\u00fcphanesi m\u00fcd\u00fcr\u00fcn\u00fc g\u00f6rd\u00fckleri zaman ba\u011f\u0131rarak, \u0131sl\u0131k \u00e7alarak veya ko\u015farak evlerine gidip di\u011fer arkada\u015flar\u0131na haber veriyor. \u00c7ocuklar daha \u00f6nce ald\u0131klar\u0131 kitaplar\u0131 yenileriyle de\u011fi\u015ftirmek i\u00e7in birbirleriyle yar\u0131\u015farak g\u00f6revlilerin yan\u0131na geliyor. Sadece \u00e7ocuklar de\u011fil, yeti\u015fkinler de g\u00fcnl\u00fck gazetelere ve kitaplara ilgi g\u00f6steriyor.<\/p>\n<p>5 YILDIR S\u00dcR\u00dcYOR<\/p>\n<p><span style=\"color: #0000ff;\"><strong>Manavgat \u0130l\u00e7e Halk K\u00fct\u00fcphanesi<\/strong><\/span>&#8216;nin organizat\u00f6rl\u00fc\u011f\u00fcnde ba\u015flat\u0131lan, Manavgat Belediyesi&#8217;nin de ortak oldu\u011fu YAYKOP kapsam\u0131nda, 5 y\u0131ld\u0131r haziran ve a\u011fustos aylar\u0131 aras\u0131nda her \u00e7ar\u015famba yaylalara kitap, gazete, futbol veya voleybol topu, satran\u00e7 tak\u0131m\u0131 g\u00f6t\u00fcr\u00fcl\u00fcyor. Ya\u015fl\u0131lar ila\u00e7 istemi\u015fse bu istekleri de yerine getiriliyor. Toplam 25 yayla oldu\u011fu i\u00e7in ziyaretler ikiye b\u00f6l\u00fcnerek, Konya&#8217;n\u0131n Seydi\u015fehir \u0130l\u00e7esi \u00fczerinden ve Antalya&#8217;n\u0131n G\u00fcndo\u011fmu\u015f \u0130l\u00e7esi \u00fczerinden ayr\u0131 ayr\u0131 15 g\u00fcnde bir ger\u00e7ekle\u015ftiriliyor.<\/p>\n<p>HEM K\u0130TAP HEM SANTRAN\u00c7 TAKIMI ALDI<\/p>\n<p>Daha \u00f6nce ald\u0131klar\u0131n\u0131 teslim ederek yeni kitaplar ve satran\u00e7 tak\u0131m\u0131 alan Toros Ortaokulu 5&#8217;inci s\u0131n\u0131f \u00f6\u011frencisi Sedef Asl\u0131 Ayd\u0131n, \u00e7ok mutlu ve sevin\u00e7li oldu\u011funu s\u00f6yledi. Kitap okumay\u0131 sevdi\u011fini ancak Manavgat&#8217;ta b\u00f6yle okuma f\u0131rsat\u0131 bulamad\u0131\u011f\u0131n\u0131 belirten Ayd\u0131n, &#8220;Daha \u00f6nce ald\u0131\u011f\u0131m 4 kitab\u0131 verdim. 4 tane kitap okudum, &#8216;Pinokyo&#8217; okudum, &#8216;Beni rahat b\u0131rak anne&#8217; okudum, &#8216;Heidi&#8217; okudum, &#8216;\u00dcmit \u00f6yk\u00fcleri&#8217; okumu\u015ftum bir de&#8221; dedi.<\/p>\n<p>Okulda satran\u00e7 oynamay\u0131 \u00f6\u011frendi\u011fi i\u00e7in satran\u00e7 tak\u0131m\u0131 da ald\u0131\u011f\u0131n\u0131 aktaran Sedef Asl\u0131 Ayd\u0131n, arkada\u015flar\u0131yla satran\u00e7 oynayaca\u011f\u0131n\u0131 ve kendisini geli\u015ftirece\u011fini s\u00f6yledi. Hocali \u0130lkokulu 2&#8217;nci s\u0131n\u0131f \u00f6\u011frencisi H\u00fcseyin K\u00f6ken de 15 g\u00fcn \u00f6nce ald\u0131\u011f\u0131 kitaplar\u0131 okuyup bitirdi\u011fini, yeni ald\u0131klar\u0131n\u0131 da evde okuyaca\u011f\u0131n\u0131 kaydetti.<\/p>\n<p>\u00c7OBANLAR HAYVANLARINI OTLATIRKEN K\u0130TAP OKUYOR<\/p>\n<p>Manavgat&#8217;\u0131n k\u0131rsaldaki 25 mahallesinde ya\u015fayanlar\u0131n yaz aylar\u0131nda g\u00f6\u00e7 etti\u011fi yaylalara giderek, hem \u00e7ocuklar\u0131 hem de b\u00fcy\u00fckleri kitap okumaya te\u015fvik eden <strong><span style=\"color: #0000ff;\">\u0130l\u00e7e Halk K\u00fct\u00fcphanesi M\u00fcd\u00fcr\u00fc Hidayet Oktay<\/span><\/strong>, Manavgat Belediyesi&#8217;nin ara\u00e7 deste\u011fiyle her \u00e7ar\u015famba b\u00fcy\u00fck bir k\u0131sm\u0131 stabilize olmak \u00fczere 300 kilometreden fazla yol yap\u0131yor. Ziyaret ettikleri yaylalar\u0131n say\u0131s\u0131n\u0131n \u00e7ok fazla oldu\u011funu belirten Hidayet Oktay, her ziyarette 300 civar\u0131nda kitap verdiklerini s\u00f6yledi. Hidayet Oktay, kitaplar\u0131 sadece \u00e7ocuklar de\u011fil yeti\u015fkinlerin de ald\u0131\u011f\u0131n\u0131 hatta baz\u0131 \u00e7obanlar\u0131n hayvanlar\u0131n\u0131 otlat\u0131rken zaman ge\u00e7irmek i\u00e7in kitap okuduklar\u0131n\u0131 anlatt\u0131. M\u00fcd\u00fcr Oktay, kitaplar\u0131 ya\u015f gruplar\u0131na g\u00f6re sand\u0131klara yerle\u015ftirerek getirdiklerini, bazen kendilerini k\u00f6y k\u00f6y dola\u015f\u0131p \u00e7e\u015fitli \u00fcr\u00fcnleri satmaya \u00e7al\u0131\u015fan \u00e7er\u00e7ilere benzettiklerini de belirtti.<\/p>\n<p>&#8216;HER SEFER\u0130NDE 300- 350 K\u0130LOMETRE YOL YAPIYORUZ&#8217;<\/p>\n<p>Yaylada kitaba g\u00f6sterilen ilginin memnuniyet verici oldu\u011funu vurgulayan <strong><span style=\"color: #0000ff;\">Hidayet Oktay<\/span><\/strong>, &#8220;Ge\u00e7en geldi\u011fimizde bizden kitap alan \u00f6\u011frenciler okumu\u015f olduklar\u0131n\u0131 getirip yenilerini al\u0131yor. Buradan sonra yol \u00fczerindeki di\u011fer mahallelerimize u\u011frayaca\u011f\u0131z. Her seferinde 300- 350 kilometrelik bir yol yap\u0131yoruz ve 350 ile 400 kitab\u0131 okuruyla bulu\u015fturuyoruz&#8221; dedi.<\/p>\n<p>K\u0130TAPLARIN RENKL\u0130 D\u00dcNYASINI GET\u0130R\u0130YORUZ&#8217;<\/p>\n<p>Projeyle 5 y\u0131l i\u00e7inde 10 bin 439 kitab\u0131 okurlarla bulu\u015fturduklar\u0131n\u0131 anlatan Hidayet Oktay, &#8220;Biz onlara her 15 g\u00fcnde bir kitaplar\u0131n renkli d\u00fcnyas\u0131n\u0131 getiriyoruz. Toroslar\u0131n 2000 metre zirvesinde, d\u00fcnyan\u0131n di\u011fer y\u00f6relerine yolculuk yapmalar\u0131n\u0131 sa\u011fl\u0131yoruz. \u00d6zellikle \u00e7obanlar\u0131m\u0131z, \u00e7ocuklar\u0131m\u0131z, yayla sakinleri \u00e7ok ilgi g\u00f6stermekte. \u00c7ocuklar ya da yeti\u015fkinler bir hafta gelmedi\u011fimiz zaman &#8216;Nerede kald\u0131n\u0131z?&#8217; diye soruyorlar&#8221; diye konu\u015ftu.<\/p>\n<p><a href=\"https:\/\/www.evrensel.net\" target=\"_blank\" rel=\"noopener\">Kaynak<\/a><\/p>\n","protected":false},"excerpt":{"rendered":"<p>Antalya&#8217;n\u0131n Manavgat il\u00e7esinde 5 y\u0131l \u00f6nce ba\u015flat\u0131lan Yaylada Kitap Okuma Projesi (YAYKOP) kapsam\u0131nda, Toros Da\u011flar\u0131&#8217;n\u0131n eteklerinde kurulu 1500- 2000 rak\u0131ml\u0131 yaylalara kitap ta\u015f\u0131n\u0131yor. Yaz\u0131n aileleriyle birlikte yaylaya \u00e7\u0131kan \u00e7ocuklar 15 g\u00fcnde bir getirilen kitaplar\u0131 heyecanla bekliyor. Toroslar\u0131n zirvesinde kitaplar\u0131n renkli d\u00fcnyas\u0131nda yolculu\u011fa \u00e7\u0131kan \u00e7ocuklara yeti\u015fkinler de e\u015flik ediyor. Proje kapsam\u0131nda 5 y\u0131lda 10 bin 439 [&hellip;]<\/p>\n","protected":false},"author":1,"featured_media":22461,"comment_status":"open","ping_status":"open","sticky":false,"template":"","format":"standard","meta":{"footnotes":""},"categories":[1],"tags":[338],"class_list":["post-22459","post","type-post","status-publish","format-standard","has-post-thumbnail","hentry","category-genel","tag-yaylada-kitap-okuma"],"_links":{"self":[{"href":"https:\/\/www.bbyhaber.com\/bby\/wp-json\/wp\/v2\/posts\/22459"}],"collection":[{"href":"https:\/\/www.bbyhaber.com\/bby\/wp-json\/wp\/v2\/posts"}],"about":[{"href":"https:\/\/www.bbyhaber.com\/bby\/wp-json\/wp\/v2\/types\/post"}],"author":[{"embeddable":true,"href":"https:\/\/www.bbyhaber.com\/bby\/wp-json\/wp\/v2\/users\/1"}],"replies":[{"embeddable":true,"href":"https:\/\/www.bbyhaber.com\/bby\/wp-json\/wp\/v2\/comments?post=22459"}],"version-history":[{"count":6,"href":"https:\/\/www.bbyhaber.com\/bby\/wp-json\/wp\/v2\/posts\/22459\/revisions"}],"predecessor-version":[{"id":22470,"href":"https:\/\/www.bbyhaber.com\/bby\/wp-json\/wp\/v2\/posts\/22459\/revisions\/22470"}],"wp:featuredmedia":[{"embeddable":true,"href":"https:\/\/www.bbyhaber.com\/bby\/wp-json\/wp\/v2\/media\/22461"}],"wp:attachment":[{"href":"https:\/\/www.bbyhaber.com\/bby\/wp-json\/wp\/v2\/media?parent=22459"}],"wp:term":[{"taxonomy":"category","embeddable":true,"href":"https:\/\/www.bbyhaber.com\/bby\/wp-json\/wp\/v2\/categories?post=22459"},{"taxonomy":"post_tag","embeddable":true,"href":"https:\/\/www.bbyhaber.com\/bby\/wp-json\/wp\/v2\/tags?post=22459"}],"curies":[{"name":"wp","href":"https:\/\/api.w.org\/{rel}","templated":true}]}}