{"id":22454,"date":"2017-08-03T17:06:01","date_gmt":"2017-08-03T14:06:01","guid":{"rendered":"http:\/\/www.bbyhaber.com\/bby\/?p=22454"},"modified":"2017-08-03T17:06:17","modified_gmt":"2017-08-03T14:06:17","slug":"turkiyenin-tek-gemi-kutuphanesinin-ilk-kat-boyasi-atildi","status":"publish","type":"post","link":"https:\/\/www.bbyhaber.com\/bby\/2017\/08\/03\/turkiyenin-tek-gemi-kutuphanesinin-ilk-kat-boyasi-atildi","title":{"rendered":"T\u00fcrkiye&#8217;nin Tek Gemi K\u00fct\u00fcphanesinin \u0130lk Kat Boyas\u0131 At\u0131ld\u0131"},"content":{"rendered":"<p><a href=\"http:\/\/www.bbyhaber.com\/bby\/wp-content\/uploads\/2017\/08\/turkiye-nin-tek-gemi-kutuphanesinin-ilk-kat-boyasi-atildi.jpg\"><img loading=\"lazy\" decoding=\"async\" class=\"alignleft size-full wp-image-22456\" src=\"http:\/\/www.bbyhaber.com\/bby\/wp-content\/uploads\/2017\/08\/turkiye-nin-tek-gemi-kutuphanesinin-ilk-kat-boyasi-atildi.jpg\" alt=\"\" width=\"380\" height=\"190\" \/><\/a>\u00c7ank\u0131r\u0131 Belediyesi&#8217;nin be\u015f par\u00e7adan olu\u015fturulan <strong>T\u00fcrkiye&#8217;nin tek <a href=\"http:\/\/www.bbyhaber.com\/bby\/2017\/02\/23\/gemiden-kutuphane-yapacaklar\" target=\"_blank\" rel=\"noopener\">Gemi K\u00fct\u00fcphanesi<\/a><\/strong>nin ilk kat boyas\u0131 at\u0131ld\u0131. Ana g\u00f6vdesi tamamlanarak beton kaide \u00fczerine montaj\u0131 yap\u0131lan Gemi K\u00fct\u00fcphane, mavi beyaz tonlar\u0131na boyand\u0131. Recep Tayyip Erdo\u011fan Park\u0131n\u0131n son k\u0131sm\u0131nda yap\u0131m\u0131 devam eden g\u00f6l alan\u0131 i\u00e7erisine yerle\u015ftirilen 41 m uzunlu\u011funda ve ger\u00e7ek gemi \u00f6l\u00e7\u00fclerindeki geminin \u00fcst k\u0131sm\u0131nda yer alan ya\u015fam \u00fcnitesi ve kaptan k\u00f6\u015fk\u00fcn\u00fcn \u00e7al\u0131\u015fmalar\u0131n\u0131n ard\u0131ndan k\u00fct\u00fcphanenin i\u00e7 b\u00f6lmeleri de tamamland\u0131.<!--more--><\/p>\n<p>Geminin k\u00fct\u00fcphane formuna \u00e7evrilecek alan\u0131na \u00e7ocuklara uygun bir \u015fekilde tuvaletler de yerle\u015ftirildi. D\u0131\u015f y\u00fczeyine \u00e7elik macun \u00e7ekilen Gemi K\u00fct\u00fcphane mavi beyaz tonlar\u0131nda boyanarak daha da dikkat \u00e7ekici bir g\u00f6r\u00fcn\u00fcme kavu\u015ftu. Belediyesi Ba\u015fkan\u0131 \u0130rfan Din\u00e7, T\u00fcrkiye&#8217;de bir ilke imza att\u0131klar\u0131 Gemi K\u00fct\u00fcphane \u00e7al\u0131\u015fmalar\u0131n\u0131n h\u0131zla devam etti\u011fini belirterek \u00c7ank\u0131r\u0131&#8217;da yeni neslin kitap okuma al\u0131\u015fkanl\u0131\u011f\u0131n\u0131 temal\u0131 k\u00fct\u00fcphaneler ile artt\u0131rmak istediklerini vurgulad\u0131.<\/p>\n<p><a href=\"http:\/\/flashaber24.com\" target=\"_blank\" rel=\"noopener\">Kaynak<\/a><\/p>\n","protected":false},"excerpt":{"rendered":"<p>\u00c7ank\u0131r\u0131 Belediyesi&#8217;nin be\u015f par\u00e7adan olu\u015fturulan T\u00fcrkiye&#8217;nin tek Gemi K\u00fct\u00fcphanesinin ilk kat boyas\u0131 at\u0131ld\u0131. Ana g\u00f6vdesi tamamlanarak beton kaide \u00fczerine montaj\u0131 yap\u0131lan Gemi K\u00fct\u00fcphane, mavi beyaz tonlar\u0131na boyand\u0131. Recep Tayyip Erdo\u011fan Park\u0131n\u0131n son k\u0131sm\u0131nda yap\u0131m\u0131 devam eden g\u00f6l alan\u0131 i\u00e7erisine yerle\u015ftirilen 41 m uzunlu\u011funda ve ger\u00e7ek gemi \u00f6l\u00e7\u00fclerindeki geminin \u00fcst k\u0131sm\u0131nda yer alan ya\u015fam \u00fcnitesi ve [&hellip;]<\/p>\n","protected":false},"author":1,"featured_media":22456,"comment_status":"open","ping_status":"open","sticky":false,"template":"","format":"standard","meta":{"footnotes":""},"categories":[1],"tags":[959],"class_list":["post-22454","post","type-post","status-publish","format-standard","has-post-thumbnail","hentry","category-genel","tag-gemi-kutuphane"],"_links":{"self":[{"href":"https:\/\/www.bbyhaber.com\/bby\/wp-json\/wp\/v2\/posts\/22454"}],"collection":[{"href":"https:\/\/www.bbyhaber.com\/bby\/wp-json\/wp\/v2\/posts"}],"about":[{"href":"https:\/\/www.bbyhaber.com\/bby\/wp-json\/wp\/v2\/types\/post"}],"author":[{"embeddable":true,"href":"https:\/\/www.bbyhaber.com\/bby\/wp-json\/wp\/v2\/users\/1"}],"replies":[{"embeddable":true,"href":"https:\/\/www.bbyhaber.com\/bby\/wp-json\/wp\/v2\/comments?post=22454"}],"version-history":[{"count":3,"href":"https:\/\/www.bbyhaber.com\/bby\/wp-json\/wp\/v2\/posts\/22454\/revisions"}],"predecessor-version":[{"id":22458,"href":"https:\/\/www.bbyhaber.com\/bby\/wp-json\/wp\/v2\/posts\/22454\/revisions\/22458"}],"wp:featuredmedia":[{"embeddable":true,"href":"https:\/\/www.bbyhaber.com\/bby\/wp-json\/wp\/v2\/media\/22456"}],"wp:attachment":[{"href":"https:\/\/www.bbyhaber.com\/bby\/wp-json\/wp\/v2\/media?parent=22454"}],"wp:term":[{"taxonomy":"category","embeddable":true,"href":"https:\/\/www.bbyhaber.com\/bby\/wp-json\/wp\/v2\/categories?post=22454"},{"taxonomy":"post_tag","embeddable":true,"href":"https:\/\/www.bbyhaber.com\/bby\/wp-json\/wp\/v2\/tags?post=22454"}],"curies":[{"name":"wp","href":"https:\/\/api.w.org\/{rel}","templated":true}]}}