{"id":22439,"date":"2017-07-31T09:34:01","date_gmt":"2017-07-31T06:34:01","guid":{"rendered":"http:\/\/www.bbyhaber.com\/bby\/?p=22439"},"modified":"2017-07-31T09:34:33","modified_gmt":"2017-07-31T06:34:33","slug":"gazi-il-halk-kutuphanesi-tasiniyor","status":"publish","type":"post","link":"https:\/\/www.bbyhaber.com\/bby\/2017\/07\/31\/gazi-il-halk-kutuphanesi-tasiniyor","title":{"rendered":"Gazi \u0130l Halk K\u00fct\u00fcphanesi ta\u015f\u0131n\u0131yor"},"content":{"rendered":"<p><a href=\"http:\/\/www.bbyhaber.com\/bby\/wp-content\/uploads\/2017\/07\/gazihalkkutuphanesi.jpg\"><img loading=\"lazy\" decoding=\"async\" class=\"alignleft size-full wp-image-22440\" src=\"http:\/\/www.bbyhaber.com\/bby\/wp-content\/uploads\/2017\/07\/gazihalkkutuphanesi.jpg\" alt=\"\" width=\"380\" height=\"190\" \/><\/a>Samsun\u2019un \u0130lkad\u0131m il\u00e7esindeki 19 May\u0131s Bulvar\u0131 \u00fczerinde bulanan <strong>Gazi \u0130l Halk K\u00fct\u00fcphanesi<\/strong> binas\u0131n\u0131n y\u0131k\u0131l\u0131p tekrar modern bir k\u00fct\u00fcphane olmas\u0131 i\u00e7in kitaplar\u0131n\u0131 toplad\u0131. K\u00fct\u00fcphane, <strong>Ondokuz May\u0131s Mahallesi H\u00fcrriyet Sokak\u2019ta bulunan 3 katl\u0131 Eski \u0130lkad\u0131m Gen\u00e7lik Merkezi binas\u0131na ta\u015f\u0131nd\u0131.<\/strong> Yakla\u015f\u0131k birka\u00e7 g\u00fcn s\u00fcrecek olan ta\u015f\u0131nman\u0131n ard\u0131ndan Gazi \u0130l Halk K\u00fct\u00fcphanesi, bir m\u00fcddet eski \u0130lkad\u0131m Gen\u00e7lik Merkezi\u2019nde faaliyet g\u00f6sterecek. Gazi \u0130l Halk K\u00fct\u00fcphanesi, gerek eski koleksiyonlar\u0131 i\u00e7ermesi, gerekse koleksiyonlar\u0131na yeni kat\u0131lan eserler nedeniyle bug\u00fcn \u00e7evrenin en \u00f6nemli k\u00fclt\u00fcr kurulu\u015flar\u0131ndan biri olmu\u015ftur.<!--more--><\/p>\n<p><a href=\"https:\/\/www.samsunhaber.com\" target=\"_blank\" rel=\"noopener noreferrer\">Kaynak<\/a><\/p>\n","protected":false},"excerpt":{"rendered":"<p>Samsun\u2019un \u0130lkad\u0131m il\u00e7esindeki 19 May\u0131s Bulvar\u0131 \u00fczerinde bulanan Gazi \u0130l Halk K\u00fct\u00fcphanesi binas\u0131n\u0131n y\u0131k\u0131l\u0131p tekrar modern bir k\u00fct\u00fcphane olmas\u0131 i\u00e7in kitaplar\u0131n\u0131 toplad\u0131. K\u00fct\u00fcphane, Ondokuz May\u0131s Mahallesi H\u00fcrriyet Sokak\u2019ta bulunan 3 katl\u0131 Eski \u0130lkad\u0131m Gen\u00e7lik Merkezi binas\u0131na ta\u015f\u0131nd\u0131. Yakla\u015f\u0131k birka\u00e7 g\u00fcn s\u00fcrecek olan ta\u015f\u0131nman\u0131n ard\u0131ndan Gazi \u0130l Halk K\u00fct\u00fcphanesi, bir m\u00fcddet eski \u0130lkad\u0131m Gen\u00e7lik Merkezi\u2019nde faaliyet [&hellip;]<\/p>\n","protected":false},"author":1,"featured_media":22440,"comment_status":"open","ping_status":"open","sticky":false,"template":"","format":"standard","meta":{"footnotes":""},"categories":[1],"tags":[],"class_list":["post-22439","post","type-post","status-publish","format-standard","has-post-thumbnail","hentry","category-genel"],"_links":{"self":[{"href":"https:\/\/www.bbyhaber.com\/bby\/wp-json\/wp\/v2\/posts\/22439"}],"collection":[{"href":"https:\/\/www.bbyhaber.com\/bby\/wp-json\/wp\/v2\/posts"}],"about":[{"href":"https:\/\/www.bbyhaber.com\/bby\/wp-json\/wp\/v2\/types\/post"}],"author":[{"embeddable":true,"href":"https:\/\/www.bbyhaber.com\/bby\/wp-json\/wp\/v2\/users\/1"}],"replies":[{"embeddable":true,"href":"https:\/\/www.bbyhaber.com\/bby\/wp-json\/wp\/v2\/comments?post=22439"}],"version-history":[{"count":2,"href":"https:\/\/www.bbyhaber.com\/bby\/wp-json\/wp\/v2\/posts\/22439\/revisions"}],"predecessor-version":[{"id":22442,"href":"https:\/\/www.bbyhaber.com\/bby\/wp-json\/wp\/v2\/posts\/22439\/revisions\/22442"}],"wp:featuredmedia":[{"embeddable":true,"href":"https:\/\/www.bbyhaber.com\/bby\/wp-json\/wp\/v2\/media\/22440"}],"wp:attachment":[{"href":"https:\/\/www.bbyhaber.com\/bby\/wp-json\/wp\/v2\/media?parent=22439"}],"wp:term":[{"taxonomy":"category","embeddable":true,"href":"https:\/\/www.bbyhaber.com\/bby\/wp-json\/wp\/v2\/categories?post=22439"},{"taxonomy":"post_tag","embeddable":true,"href":"https:\/\/www.bbyhaber.com\/bby\/wp-json\/wp\/v2\/tags?post=22439"}],"curies":[{"name":"wp","href":"https:\/\/api.w.org\/{rel}","templated":true}]}}