{"id":22405,"date":"2017-07-28T14:07:02","date_gmt":"2017-07-28T11:07:02","guid":{"rendered":"http:\/\/www.bbyhaber.com\/bby\/?p=22405"},"modified":"2017-07-28T15:27:48","modified_gmt":"2017-07-28T12:27:48","slug":"asirlik-kutuphane-kitap-kolileriyle-doldu","status":"publish","type":"post","link":"https:\/\/www.bbyhaber.com\/bby\/2017\/07\/28\/asirlik-kutuphane-kitap-kolileriyle-doldu","title":{"rendered":"As\u0131rl\u0131k k\u00fct\u00fcphane kitap kolileriyle doldu"},"content":{"rendered":"<p><strong><a href=\"http:\/\/www.bbyhaber.com\/bby\/wp-content\/uploads\/2017\/07\/izmirmillikutuphane44.jpg\"><img loading=\"lazy\" decoding=\"async\" class=\"alignleft  wp-image-22411\" src=\"http:\/\/www.bbyhaber.com\/bby\/wp-content\/uploads\/2017\/07\/izmirmillikutuphane44.jpg\" alt=\"\" width=\"380\" height=\"190\" srcset=\"https:\/\/www.bbyhaber.com\/bby\/wp-content\/uploads\/2017\/07\/izmirmillikutuphane44.jpg 620w, https:\/\/www.bbyhaber.com\/bby\/wp-content\/uploads\/2017\/07\/izmirmillikutuphane44-300x150.jpg 300w\" sizes=\"(max-width: 380px) 100vw, 380px\" \/><\/a>\u0130zmir<\/strong>&#8216;de bir as\u0131rd\u0131r hizmet vermeye devam eden, <strong>T\u00fcrkiye&#8217;nin alt\u0131 derleme k\u00fct\u00fcphanesinden biri olan \u0130zmir Milli K\u00fct\u00fcphane&#8217;<\/strong>nin raflar\u0131nda yer kalmad\u0131\u011f\u0131 i\u00e7in yeni bas\u0131lan eserler \u00e7uvallarda ve kolilerde okuyucuya ula\u015facaklar\u0131 g\u00fcn\u00fc bekliyor. Sivil toplum \u00f6rg\u00fct\u00fc giri\u015fimiyle 1912&#8217;de kurulan, Bakanlar Kurulunun &#8220;milli&#8221; unvan\u0131 verdi\u011fi \u0130zmir Milli K\u00fct\u00fcphanede, Gutenberg ile \u0130brahim M\u00fcteferrika matbaas\u0131nda bas\u0131lan onlarca ta\u015f bask\u0131, Victor Hugo ve Lamartine gibi yazarlar\u0131n eserlerinin ilk bask\u0131lar\u0131 gibi \u00f6zel eserlerin yan\u0131 s\u0131ra bir milyon 200 bine yak\u0131n bas\u0131l\u0131 ve yaz\u0131l\u0131 eser yer al\u0131yor.<!--more--><\/p>\n<div id='gallery-1' class='gallery galleryid-22405 gallery-columns-4 gallery-size-thumbnail'><figure class='gallery-item'>\n\t\t\t<div class='gallery-icon landscape'>\n\t\t\t\t<a href='https:\/\/www.bbyhaber.com\/bby\/wp-content\/uploads\/2017\/07\/izmirmillikutuphane1.jpg'><img loading=\"lazy\" decoding=\"async\" width=\"150\" height=\"150\" src=\"https:\/\/www.bbyhaber.com\/bby\/wp-content\/uploads\/2017\/07\/izmirmillikutuphane1-150x150.jpg\" class=\"attachment-thumbnail size-thumbnail\" alt=\"\" \/><\/a>\n\t\t\t<\/div><\/figure><figure class='gallery-item'>\n\t\t\t<div class='gallery-icon landscape'>\n\t\t\t\t<a href='https:\/\/www.bbyhaber.com\/bby\/wp-content\/uploads\/2017\/07\/izmirmillikutuphane2.jpg'><img loading=\"lazy\" decoding=\"async\" width=\"150\" height=\"150\" src=\"https:\/\/www.bbyhaber.com\/bby\/wp-content\/uploads\/2017\/07\/izmirmillikutuphane2-150x150.jpg\" class=\"attachment-thumbnail size-thumbnail\" alt=\"\" \/><\/a>\n\t\t\t<\/div><\/figure><figure class='gallery-item'>\n\t\t\t<div class='gallery-icon landscape'>\n\t\t\t\t<a href='https:\/\/www.bbyhaber.com\/bby\/wp-content\/uploads\/2017\/07\/izmirmillikutuphane3.jpg'><img loading=\"lazy\" decoding=\"async\" width=\"150\" height=\"150\" src=\"https:\/\/www.bbyhaber.com\/bby\/wp-content\/uploads\/2017\/07\/izmirmillikutuphane3-150x150.jpg\" class=\"attachment-thumbnail size-thumbnail\" alt=\"\" \/><\/a>\n\t\t\t<\/div><\/figure><figure class='gallery-item'>\n\t\t\t<div class='gallery-icon landscape'>\n\t\t\t\t<a href='https:\/\/www.bbyhaber.com\/bby\/wp-content\/uploads\/2017\/07\/izmirmillikutuphane44.jpg'><img loading=\"lazy\" decoding=\"async\" width=\"150\" height=\"150\" src=\"https:\/\/www.bbyhaber.com\/bby\/wp-content\/uploads\/2017\/07\/izmirmillikutuphane44-150x150.jpg\" class=\"attachment-thumbnail size-thumbnail\" alt=\"\" \/><\/a>\n\t\t\t<\/div><\/figure>\n\t\t<\/div>\n\n<p>T\u00fcrkiye&#8217;de Derleme Kanunu&#8217;ndan yararlanan 6 k\u00fct\u00fcphaneden biri olan k\u00fct\u00fcphane, 1933 y\u0131l\u0131nda ta\u015f\u0131nd\u0131\u011f\u0131 mimar Tahsin Sermet&#8217;in in\u015fa etti\u011fi Konak&#8217;taki binada yer s\u0131k\u0131nt\u0131s\u0131 ya\u015f\u0131yor.<\/p>\n<p>Her y\u0131l yeni bas\u0131lan 100 bin civar\u0131nda eserin geldi\u011fi \u0130zmir Milli K\u00fct\u00fcphanede kitaplar\u0131 koyacak yer kalmay\u0131nca, yetkililer ge\u00e7en sene \u00f6nce bir depo kiralad\u0131. Oras\u0131 da bu y\u0131l dolunca yeni gelen kitaplar, binan\u0131n farkl\u0131 yerlerinde \u00e7uvallar ve koliler i\u00e7inde bekletilmeye ba\u015fland\u0131.<\/p>\n<p><strong>&#8220;\u00c7uvallarda ve ar\u015fiv bilgisini giremedi\u011fimiz 400 binin \u00fczerinde kitap var&#8221;<\/strong><br \/>\n\u0130zmir Milli K\u00fct\u00fcphane Vakf\u0131 Ba\u015fkan\u0131 Ulvi Pu\u011f, AA muhabirine yapt\u0131\u011f\u0131 a\u00e7\u0131klamada, yer s\u0131k\u0131nt\u0131s\u0131n\u0131n had safhada oldu\u011funu, binalar\u0131nda ve depolar\u0131nda kayda girmemi\u015f \u00e7ok say\u0131da kitap bulundu\u011funu s\u00f6yledi. \u0130zmirlilerin zor ko\u015fullarda kurup T\u00fcrkiye&#8217;ye kazand\u0131rd\u0131\u011f\u0131 \u0130zmir Milli K\u00fct\u00fcphanenin bu durumunun kendisini \u00e7ok \u00fczd\u00fc\u011f\u00fcn\u00fc kaydeden Pu\u011f, &#8220;Maalesef 21. y\u00fczy\u0131lda bu hazineye bir kitap koyacak yerimiz yok. Bu espri olsun diye s\u00f6ylenecek bir \u015fey de\u011fil. <strong>\u00c7uvallarda ve ar\u015fiv bilgisini giremedi\u011fimiz 400 binin \u00fczerinde kitap var.<\/strong> \u00d6n\u00fcm\u00fczdeki 10 y\u0131l i\u00e7inde 1 milyon 200 bine yak\u0131n kitab\u0131m\u0131z daha olacak. Kitap, ancak a\u00e7\u0131l\u0131p okunursa kitap oldu\u011funu hisseder. Okunmam\u0131\u015f kitab\u0131n bizim i\u00e7in y\u00fcrek par\u00e7alay\u0131c\u0131 bir g\u00f6r\u00fcnt\u00fcs\u00fc vard\u0131r.&#8221; diye konu\u015ftu.<\/p>\n<p><a href=\"http:\/\/aa.com.tr\" target=\"_blank\" rel=\"noopener noreferrer\">Kaynak<\/a><\/p>\n","protected":false},"excerpt":{"rendered":"<p>\u0130zmir&#8216;de bir as\u0131rd\u0131r hizmet vermeye devam eden, T\u00fcrkiye&#8217;nin alt\u0131 derleme k\u00fct\u00fcphanesinden biri olan \u0130zmir Milli K\u00fct\u00fcphane&#8217;nin raflar\u0131nda yer kalmad\u0131\u011f\u0131 i\u00e7in yeni bas\u0131lan eserler \u00e7uvallarda ve kolilerde okuyucuya ula\u015facaklar\u0131 g\u00fcn\u00fc bekliyor. Sivil toplum \u00f6rg\u00fct\u00fc giri\u015fimiyle 1912&#8217;de kurulan, Bakanlar Kurulunun &#8220;milli&#8221; unvan\u0131 verdi\u011fi \u0130zmir Milli K\u00fct\u00fcphanede, Gutenberg ile \u0130brahim M\u00fcteferrika matbaas\u0131nda bas\u0131lan onlarca ta\u015f bask\u0131, Victor Hugo [&hellip;]<\/p>\n","protected":false},"author":1,"featured_media":22411,"comment_status":"open","ping_status":"open","sticky":false,"template":"","format":"standard","meta":{"footnotes":""},"categories":[1581],"tags":[1450],"class_list":["post-22405","post","type-post","status-publish","format-standard","has-post-thumbnail","hentry","category-izmir-milli-kutuphane","tag-milli-kutuphaneler"],"_links":{"self":[{"href":"https:\/\/www.bbyhaber.com\/bby\/wp-json\/wp\/v2\/posts\/22405"}],"collection":[{"href":"https:\/\/www.bbyhaber.com\/bby\/wp-json\/wp\/v2\/posts"}],"about":[{"href":"https:\/\/www.bbyhaber.com\/bby\/wp-json\/wp\/v2\/types\/post"}],"author":[{"embeddable":true,"href":"https:\/\/www.bbyhaber.com\/bby\/wp-json\/wp\/v2\/users\/1"}],"replies":[{"embeddable":true,"href":"https:\/\/www.bbyhaber.com\/bby\/wp-json\/wp\/v2\/comments?post=22405"}],"version-history":[{"count":5,"href":"https:\/\/www.bbyhaber.com\/bby\/wp-json\/wp\/v2\/posts\/22405\/revisions"}],"predecessor-version":[{"id":22415,"href":"https:\/\/www.bbyhaber.com\/bby\/wp-json\/wp\/v2\/posts\/22405\/revisions\/22415"}],"wp:featuredmedia":[{"embeddable":true,"href":"https:\/\/www.bbyhaber.com\/bby\/wp-json\/wp\/v2\/media\/22411"}],"wp:attachment":[{"href":"https:\/\/www.bbyhaber.com\/bby\/wp-json\/wp\/v2\/media?parent=22405"}],"wp:term":[{"taxonomy":"category","embeddable":true,"href":"https:\/\/www.bbyhaber.com\/bby\/wp-json\/wp\/v2\/categories?post=22405"},{"taxonomy":"post_tag","embeddable":true,"href":"https:\/\/www.bbyhaber.com\/bby\/wp-json\/wp\/v2\/tags?post=22405"}],"curies":[{"name":"wp","href":"https:\/\/api.w.org\/{rel}","templated":true}]}}