{"id":22394,"date":"2017-07-28T08:56:43","date_gmt":"2017-07-28T05:56:43","guid":{"rendered":"http:\/\/www.bbyhaber.com\/bby\/?p=22394"},"modified":"2017-07-28T10:08:18","modified_gmt":"2017-07-28T07:08:18","slug":"omu-kutuphane-ve-dokumantasyon-daire-baskani-vefat-etti","status":"publish","type":"post","link":"https:\/\/www.bbyhaber.com\/bby\/2017\/07\/28\/omu-kutuphane-ve-dokumantasyon-daire-baskani-vefat-etti","title":{"rendered":"OM\u00dc K\u00fct\u00fcphane ve Dok\u00fcmantasyon Daire Ba\u015fkan\u0131 vefat etti"},"content":{"rendered":"<p><a href=\"http:\/\/www.bbyhaber.com\/bby\/wp-content\/uploads\/2017\/07\/omer-bozkurt-vefat-etti.jpg\"><img loading=\"lazy\" decoding=\"async\" class=\"alignleft size-full wp-image-22395\" src=\"http:\/\/www.bbyhaber.com\/bby\/wp-content\/uploads\/2017\/07\/omer-bozkurt-vefat-etti.jpg\" alt=\"\" width=\"380\" height=\"190\" srcset=\"https:\/\/www.bbyhaber.com\/bby\/wp-content\/uploads\/2017\/07\/omer-bozkurt-vefat-etti.jpg 620w, https:\/\/www.bbyhaber.com\/bby\/wp-content\/uploads\/2017\/07\/omer-bozkurt-vefat-etti-300x150.jpg 300w\" sizes=\"(max-width: 380px) 100vw, 380px\" \/><\/a>Samsun\/ Ondokuz May\u0131s \u00dcniversitesi (OM\u00dc) K\u00fct\u00fcphane ve Dok\u00fcmantasyon Daire Ba\u015fkan\u0131 meslekta\u015f\u0131m\u0131z\u00a0<strong>\u00d6mer BOZKURT<\/strong>, Ankara&#8217;da koroner bypass ameliyat\u0131 sonras\u0131 yo\u011fun bak\u0131ma al\u0131nd\u0131, ancak kurtar\u0131lamayarak hayat\u0131n\u0131 kaybetti.\u00a0<!--more--><\/p>\n<div class=\"text_exposed_show\">\n<p>Daire Ba\u015fkan\u0131 \u00d6mer Bozkurt&#8217;un \u00f6l\u00fcm\u00fc Samsun OM\u00dc&#8217;y\u00fc adeta yasa bo\u011fdu. \u00dcniversitede gen\u00e7leri s\u00fcrekli okumaya te\u015fvik eden ve bu konuda \u00e7evre il\u00e7elerdeki k\u00fct\u00fcphanelere de destek olan Merhumun cenazesi 28.07.2017 Cuma g\u00fcn\u00fc (bug\u00fcn) Gaziantep Nizip il\u00e7esi Mezarl\u0131k Camii&#8217;nde Cuma namaz\u0131n\u0131 m\u00fcteakiben k\u0131l\u0131nacak cenaze namaz\u0131n\u0131n ard\u0131ndan Nizip Asri Mezarl\u0131\u011f\u0131&#8217;nda topra\u011fa verilecektir.<\/p>\n<p>Merhuma Allah&#8217;tan rahmet; ba\u015fta ailesi, yak\u0131nlar\u0131 ve sevdiklerine sab\u0131r ve metanet diliyoruz.<\/p>\n<\/div>\n","protected":false},"excerpt":{"rendered":"<p>Samsun\/ Ondokuz May\u0131s \u00dcniversitesi (OM\u00dc) K\u00fct\u00fcphane ve Dok\u00fcmantasyon Daire Ba\u015fkan\u0131 meslekta\u015f\u0131m\u0131z\u00a0\u00d6mer BOZKURT, Ankara&#8217;da koroner bypass ameliyat\u0131 sonras\u0131 yo\u011fun bak\u0131ma al\u0131nd\u0131, ancak kurtar\u0131lamayarak hayat\u0131n\u0131 kaybetti.\u00a0<\/p>\n","protected":false},"author":1,"featured_media":22395,"comment_status":"open","ping_status":"open","sticky":false,"template":"","format":"standard","meta":{"footnotes":""},"categories":[1],"tags":[824],"class_list":["post-22394","post","type-post","status-publish","format-standard","has-post-thumbnail","hentry","category-genel","tag-vefat-eden-meslektaslarimiz"],"_links":{"self":[{"href":"https:\/\/www.bbyhaber.com\/bby\/wp-json\/wp\/v2\/posts\/22394"}],"collection":[{"href":"https:\/\/www.bbyhaber.com\/bby\/wp-json\/wp\/v2\/posts"}],"about":[{"href":"https:\/\/www.bbyhaber.com\/bby\/wp-json\/wp\/v2\/types\/post"}],"author":[{"embeddable":true,"href":"https:\/\/www.bbyhaber.com\/bby\/wp-json\/wp\/v2\/users\/1"}],"replies":[{"embeddable":true,"href":"https:\/\/www.bbyhaber.com\/bby\/wp-json\/wp\/v2\/comments?post=22394"}],"version-history":[{"count":5,"href":"https:\/\/www.bbyhaber.com\/bby\/wp-json\/wp\/v2\/posts\/22394\/revisions"}],"predecessor-version":[{"id":22400,"href":"https:\/\/www.bbyhaber.com\/bby\/wp-json\/wp\/v2\/posts\/22394\/revisions\/22400"}],"wp:featuredmedia":[{"embeddable":true,"href":"https:\/\/www.bbyhaber.com\/bby\/wp-json\/wp\/v2\/media\/22395"}],"wp:attachment":[{"href":"https:\/\/www.bbyhaber.com\/bby\/wp-json\/wp\/v2\/media?parent=22394"}],"wp:term":[{"taxonomy":"category","embeddable":true,"href":"https:\/\/www.bbyhaber.com\/bby\/wp-json\/wp\/v2\/categories?post=22394"},{"taxonomy":"post_tag","embeddable":true,"href":"https:\/\/www.bbyhaber.com\/bby\/wp-json\/wp\/v2\/tags?post=22394"}],"curies":[{"name":"wp","href":"https:\/\/api.w.org\/{rel}","templated":true}]}}