{"id":2239,"date":"2012-01-24T06:58:58","date_gmt":"2012-01-24T06:58:58","guid":{"rendered":"http:\/\/www.bbyhaber.com\/bby\/?p=2239"},"modified":"2012-01-24T07:00:16","modified_gmt":"2012-01-24T07:00:16","slug":"turkiyenin-ilk-dijital-belgesel-kutuphanesi","status":"publish","type":"post","link":"https:\/\/www.bbyhaber.com\/bby\/2012\/01\/24\/turkiyenin-ilk-dijital-belgesel-kutuphanesi","title":{"rendered":"T\u00fcrkiye\u2019nin ilk dijital belgesel k\u00fct\u00fcphanesi"},"content":{"rendered":"<p style=\"text-align: justify;\"><a href=\"http:\/\/www.bbyhaber.com\/bby\/wp-content\/uploads\/2012\/01\/2239.jpg\"><img loading=\"lazy\" decoding=\"async\" class=\"alignleft\" title=\"T\u00fcrkiye\u2019nin ilk dijital belgesel k\u00fct\u00fcphanesi\" src=\"http:\/\/www.bbyhaber.com\/bby\/wp-content\/uploads\/2012\/01\/2239.jpg\" alt=\"\" width=\"260\" height=\"110\" \/><\/a>Ar\u015fivlerde bekleyen en az 2 bin 500 belgesel filmi koruma alt\u0131na almak, amat\u00f6r ve profesyonel belgeselcilere ara\u015ft\u0131rma kolayl\u0131\u011f\u0131 sa\u011flamak i\u00e7in T\u00fcrkiye\u2019nin ilk dijital belgesel k\u00fct\u00fcphanesi \u2018Ar\u015fivist\u2019 kuruluyor.\u00a0BSB-Belgesel Sinemac\u0131lar Birli\u011fi\u2019nin \u0130stanbul Kalk\u0131nma Ajans\u0131 (\u0130STKA) ve Kalk\u0131nma Bakanl\u0131\u011f\u0131\u2019n\u0131n finansal deste\u011fiyle ger\u00e7ekle\u015ftirilen T\u00fcrkiye\u2019nin ilk dijital belgesel k\u00fct\u00fcphanesi \u2018Ar\u015fivist\u2019 \u0130stanbul\u2019da kuruluyor.<\/p>\n<p style=\"text-align: justify;\">\u00d6ncelikle T\u00fcrkiye\u2019de belgesel sineman\u0131n ilk dijital g\u00f6rsel ar\u015fivini olu\u015fturarak belgesel sinemaya ilgi \u00e7ekmeyi ve belgesel sinema konusunda fark\u0131ndal\u0131k yaratmay\u0131 ama\u00e7layan Ar\u015fivist\u2019in; BSB \u00fcyelerinin belgesel filmleri ile da\u011f\u0131n\u0131k ar\u015fivlerde bekleyen en az 2.500 belgesel filmi koruma alt\u0131na almak, uluslararas\u0131 yay\u0131nc\u0131l\u0131k ve da\u011f\u0131t\u0131m sekt\u00f6rleriyle entegre bir ileti\u015fim altyap\u0131s\u0131 olu\u015fturmak, amat\u00f6r ve profesyonel belgeselcilere ara\u015ft\u0131rma kolayl\u0131\u011f\u0131 sa\u011flamak, yarat\u0131c\u0131 insan g\u00fcc\u00fc yeti\u015ftirmek, pazarlama, sat\u0131\u015f ve da\u011f\u0131t\u0131m mekanizmalar\u0131 olu\u015fturmak, fikri m\u00fclkiyet haklar\u0131n\u0131n \u00f6nemine dair model olu\u015fturmak gibi pek \u00e7ok hedefi bulunuyor. Ge\u00e7en y\u0131l temmuz ay\u0131nda \u00e7al\u0131\u015fmalar\u0131na ba\u015flanan Ar\u015fivist, ayn\u0131 zamanda T\u00fcrkiye\u2019deki belgesel sinema \u00e7al\u0131\u015fmalar\u0131n\u0131n uluslararas\u0131 da\u011f\u0131t\u0131m sistemine entegre olmas\u0131 y\u00f6n\u00fcnde \u00f6nemli bir ad\u0131m niteli\u011fi ta\u015f\u0131yor.<\/p>\n<p style=\"text-align: justify;\">Kaynak: http:\/\/www.ntvmsnbc.com<\/p>\n","protected":false},"excerpt":{"rendered":"<p>Ar\u015fivlerde bekleyen en az 2 bin 500 belgesel filmi koruma alt\u0131na almak, amat\u00f6r ve profesyonel belgeselcilere ara\u015ft\u0131rma kolayl\u0131\u011f\u0131 sa\u011flamak i\u00e7in T\u00fcrkiye\u2019nin ilk dijital belgesel k\u00fct\u00fcphanesi \u2018Ar\u015fivist\u2019 kuruluyor.\u00a0BSB-Belgesel Sinemac\u0131lar Birli\u011fi\u2019nin \u0130stanbul Kalk\u0131nma Ajans\u0131 (\u0130STKA) ve Kalk\u0131nma Bakanl\u0131\u011f\u0131\u2019n\u0131n finansal deste\u011fiyle ger\u00e7ekle\u015ftirilen T\u00fcrkiye\u2019nin ilk dijital belgesel k\u00fct\u00fcphanesi \u2018Ar\u015fivist\u2019 \u0130stanbul\u2019da kuruluyor. \u00d6ncelikle T\u00fcrkiye\u2019de belgesel sineman\u0131n ilk dijital g\u00f6rsel ar\u015fivini [&hellip;]<\/p>\n","protected":false},"author":1,"featured_media":0,"comment_status":"open","ping_status":"open","sticky":false,"template":"","format":"standard","meta":{"footnotes":""},"categories":[1],"tags":[256,255,257],"class_list":["post-2239","post","type-post","status-publish","format-standard","hentry","category-genel","tag-arsivist","tag-belgesel-kutuphanesi","tag-belgesel-sinemacilar-birligi"],"_links":{"self":[{"href":"https:\/\/www.bbyhaber.com\/bby\/wp-json\/wp\/v2\/posts\/2239"}],"collection":[{"href":"https:\/\/www.bbyhaber.com\/bby\/wp-json\/wp\/v2\/posts"}],"about":[{"href":"https:\/\/www.bbyhaber.com\/bby\/wp-json\/wp\/v2\/types\/post"}],"author":[{"embeddable":true,"href":"https:\/\/www.bbyhaber.com\/bby\/wp-json\/wp\/v2\/users\/1"}],"replies":[{"embeddable":true,"href":"https:\/\/www.bbyhaber.com\/bby\/wp-json\/wp\/v2\/comments?post=2239"}],"version-history":[{"count":0,"href":"https:\/\/www.bbyhaber.com\/bby\/wp-json\/wp\/v2\/posts\/2239\/revisions"}],"wp:attachment":[{"href":"https:\/\/www.bbyhaber.com\/bby\/wp-json\/wp\/v2\/media?parent=2239"}],"wp:term":[{"taxonomy":"category","embeddable":true,"href":"https:\/\/www.bbyhaber.com\/bby\/wp-json\/wp\/v2\/categories?post=2239"},{"taxonomy":"post_tag","embeddable":true,"href":"https:\/\/www.bbyhaber.com\/bby\/wp-json\/wp\/v2\/tags?post=2239"}],"curies":[{"name":"wp","href":"https:\/\/api.w.org\/{rel}","templated":true}]}}