{"id":22388,"date":"2017-07-27T13:07:45","date_gmt":"2017-07-27T10:07:45","guid":{"rendered":"http:\/\/www.bbyhaber.com\/bby\/?p=22388"},"modified":"2017-08-04T17:30:07","modified_gmt":"2017-08-04T14:30:07","slug":"aydin-nazilli-sydv-buro-personeli-alacak-son-basvuru-04-08-2017","status":"publish","type":"post","link":"https:\/\/www.bbyhaber.com\/bby\/2017\/07\/27\/aydin-nazilli-sydv-buro-personeli-alacak-son-basvuru-04-08-2017","title":{"rendered":"Ayd\u0131n Nazilli SYDV &#8220;B\u00fcro Personeli&#8221; Alacak-Son Ba\u015fvuru-04.08.2017"},"content":{"rendered":"<p><a href=\"http:\/\/www.bbyhaber.com\/bby\/wp-content\/uploads\/2017\/07\/aydin_nazilli_sydv_kamu_personeli.jpg\"><img loading=\"lazy\" decoding=\"async\" class=\"alignleft size-full wp-image-22389\" src=\"http:\/\/www.bbyhaber.com\/bby\/wp-content\/uploads\/2017\/07\/aydin_nazilli_sydv_kamu_personeli.jpg\" alt=\"\" width=\"380\" height=\"190\" srcset=\"https:\/\/www.bbyhaber.com\/bby\/wp-content\/uploads\/2017\/07\/aydin_nazilli_sydv_kamu_personeli.jpg 620w, https:\/\/www.bbyhaber.com\/bby\/wp-content\/uploads\/2017\/07\/aydin_nazilli_sydv_kamu_personeli-300x150.jpg 300w\" sizes=\"(max-width: 380px) 100vw, 380px\" \/><\/a>Ayd\u0131n Nazilli Sosyal Yard\u0131mla\u015fma ve Dayan\u0131\u015fma Vakf\u0131 (SYDV), yay\u0131mlad\u0131\u011f\u0131 ilan ile kamu personeli alaca\u011f\u0131n\u0131 duyurdu.\u00a0<!--more--><\/p>\n<p><strong>Al\u0131nacak Personel:<\/strong><\/p>\n<p>* <span style=\"color: #0000ff;\"><strong>B\u00fcro G\u00f6revlisi (2)<\/strong><\/span><\/p>\n<p><strong>Ba\u015fvuracak Adaylarda Aranan \u015eartlar:<\/strong><\/p>\n<p>*\u00a0\u00a0Microsoft Office programlar\u0131n\u0131 iyi d\u00fczeyde kullanabilmek<\/p>\n<p>* Siyasal Bilgiler Fak\u00fcltesi, \u0130\u015fletme Fak\u00fcltesi, \u0130ktisat Fak\u00fcltesi, \u0130ktisadi ve \u0130dari Bilimler Fak\u00fcltesinin \u00c7al\u0131\u015fma Ekonomisi ve End\u00fcstri \u0130li\u015fkileri, Maliye, Kamu Y\u00f6netimi, \u0130ktisat, \u0130\u015fletme, Uluslararas\u0131 \u0130li\u015fkiler B\u00f6l\u00fcmlerinden mezun olmak<\/p>\n<p>* Fen ve Edebiyat Fak\u00fcltesinin Sosyoloji, Psikoloji, <strong><span style=\"color: #0000ff;\">Bilgi ve Belge Y\u00f6netimi<\/span><\/strong> B\u00f6l\u00fcmlerinden mezun olmak. &#8211; Sa\u011fl\u0131k Bilimler Fak\u00fcltesinin Sosyal Hizmetler B\u00f6l\u00fcm\u00fc mezunu olmak<\/p>\n<p>* \u00a0\u0130leti\u015fim Fak\u00fcltesinin Halkla \u0130li\u015fkiler ve Tan\u0131t\u0131m B\u00f6l\u00fcm\u00fc mezunu olmak. &#8211; E\u011fitim Fak\u00fcltesinin Psikolojik Dan\u0131\u015fmanl\u0131k ve Rehberlik B\u00f6l\u00fcm\u00fc mezunu olmak<\/p>\n<p>* \u00a0En az B s\u0131n\u0131f\u0131 ehliyet sahibi olmak<\/p>\n<p>* Aday vakf\u0131n bulundu\u011fu il\u00e7e s\u0131n\u0131rlar\u0131 i\u00e7inde ikamet ediyor olmal\u0131<\/p>\n<p>* \u00a0<span style=\"color: #0000ff;\"><strong>2017 y\u0131l\u0131nda yap\u0131lan Kamu Personeli Se\u00e7me S\u0131nav\u0131nda KPSS P3 puan t\u00fcr\u00fcnde en az 60 puan alm\u0131\u015f olmak<\/strong><\/span><\/p>\n<p>* Sosyal ileti\u015fim becerisine sahip olmak<\/p>\n<p><strong>Ba\u015fvuru S\u00fcreci:<\/strong><\/p>\n<p>* Ayd\u0131n Nazilli SYDV personel al\u0131m ilan\u0131 ba\u015fvurular\u0131\u00a0<span style=\"color: #0000ff;\"><strong>4 A\u011fustos 2017<\/strong><\/span>\u00a0tarihine kadar devam edecek.<\/p>\n<p><a href=\"http:\/\/www.nazilli.gov.tr\/kurumlar\/nazilli.gov.tr\/G%C3%BCncel\/Duyurular\/sydv_personel%20al%C4%B1m%C4%B1\/26072017154754740.pdf\" target=\"_blank\" rel=\"noopener noreferrer\"><strong>Ba\u015fvuru ve daha fazla bilgi ve belge i\u00e7in t\u0131klay\u0131n\u0131z<\/strong><\/a><\/p>\n","protected":false},"excerpt":{"rendered":"<p>Ayd\u0131n Nazilli Sosyal Yard\u0131mla\u015fma ve Dayan\u0131\u015fma Vakf\u0131 (SYDV), yay\u0131mlad\u0131\u011f\u0131 ilan ile kamu personeli alaca\u011f\u0131n\u0131 duyurdu.\u00a0<\/p>\n","protected":false},"author":1,"featured_media":22389,"comment_status":"open","ping_status":"open","sticky":false,"template":"","format":"standard","meta":{"footnotes":""},"categories":[],"tags":[1393],"class_list":["post-22388","post","type-post","status-publish","format-standard","has-post-thumbnail","hentry","tag-bby-is-ilanlari-arsivi"],"_links":{"self":[{"href":"https:\/\/www.bbyhaber.com\/bby\/wp-json\/wp\/v2\/posts\/22388"}],"collection":[{"href":"https:\/\/www.bbyhaber.com\/bby\/wp-json\/wp\/v2\/posts"}],"about":[{"href":"https:\/\/www.bbyhaber.com\/bby\/wp-json\/wp\/v2\/types\/post"}],"author":[{"embeddable":true,"href":"https:\/\/www.bbyhaber.com\/bby\/wp-json\/wp\/v2\/users\/1"}],"replies":[{"embeddable":true,"href":"https:\/\/www.bbyhaber.com\/bby\/wp-json\/wp\/v2\/comments?post=22388"}],"version-history":[{"count":4,"href":"https:\/\/www.bbyhaber.com\/bby\/wp-json\/wp\/v2\/posts\/22388\/revisions"}],"predecessor-version":[{"id":22393,"href":"https:\/\/www.bbyhaber.com\/bby\/wp-json\/wp\/v2\/posts\/22388\/revisions\/22393"}],"wp:featuredmedia":[{"embeddable":true,"href":"https:\/\/www.bbyhaber.com\/bby\/wp-json\/wp\/v2\/media\/22389"}],"wp:attachment":[{"href":"https:\/\/www.bbyhaber.com\/bby\/wp-json\/wp\/v2\/media?parent=22388"}],"wp:term":[{"taxonomy":"category","embeddable":true,"href":"https:\/\/www.bbyhaber.com\/bby\/wp-json\/wp\/v2\/categories?post=22388"},{"taxonomy":"post_tag","embeddable":true,"href":"https:\/\/www.bbyhaber.com\/bby\/wp-json\/wp\/v2\/tags?post=22388"}],"curies":[{"name":"wp","href":"https:\/\/api.w.org\/{rel}","templated":true}]}}