{"id":22376,"date":"2017-07-26T10:20:29","date_gmt":"2017-07-26T07:20:29","guid":{"rendered":"http:\/\/www.bbyhaber.com\/bby\/?p=22376"},"modified":"2017-07-27T08:36:00","modified_gmt":"2017-07-27T05:36:00","slug":"eski-karakol-artik-kutuphane-oldu","status":"publish","type":"post","link":"https:\/\/www.bbyhaber.com\/bby\/2017\/07\/26\/eski-karakol-artik-kutuphane-oldu","title":{"rendered":"Eski karakol, art\u0131k k\u00fct\u00fcphane oldu"},"content":{"rendered":"<p><a href=\"http:\/\/www.bbyhaber.com\/bby\/wp-content\/uploads\/2017\/07\/eski-karakol-kutuphane-oldu.jpg\"><img loading=\"lazy\" decoding=\"async\" class=\"alignleft  wp-image-22377\" src=\"http:\/\/www.bbyhaber.com\/bby\/wp-content\/uploads\/2017\/07\/eski-karakol-kutuphane-oldu.jpg\" alt=\"\" width=\"377\" height=\"189\" srcset=\"https:\/\/www.bbyhaber.com\/bby\/wp-content\/uploads\/2017\/07\/eski-karakol-kutuphane-oldu.jpg 620w, https:\/\/www.bbyhaber.com\/bby\/wp-content\/uploads\/2017\/07\/eski-karakol-kutuphane-oldu-300x150.jpg 300w\" sizes=\"(max-width: 377px) 100vw, 377px\" \/><\/a>K\u00fclt\u00fcr Dairesi b\u00fcnyesinde <strong>TC Lefko\u015fa B\u00fcy\u00fckel\u00e7ili\u011fi ve De\u011firmenlik Belediyesi<\/strong> katk\u0131lar\u0131yla eski karakol binas\u0131n\u0131n yeniden d\u00fczenlenmesiyle hayata ge\u00e7irilen De\u011firmenlik K\u00fclt\u00fcr Evi ve Halk K\u00fct\u00fcphanesi\u2019nin a\u00e7\u0131l\u0131\u015f\u0131 yap\u0131ld\u0131. A\u00e7\u0131l\u0131\u015fa, Milli E\u011fitim ve K\u00fclt\u00fcr Bakan\u0131 \u00d6zdemir Berova, TC Lefko\u015fa B\u00fcy\u00fckel\u00e7ili\u011fi Uzman M\u00fc\u015faviri Durmu\u015f Yavuz, De\u011firmenlik Belediye Ba\u015fkan\u0131 Osman I\u015f\u0131sal, 14. Z\u0131rhl\u0131 Tugay Komutan Yard\u0131mc\u0131s\u0131 Tank Albay G\u00f6khan Karam\u00fcrsel, K\u00fclt\u00fcr Dairesi M\u00fcd\u00fcr\u00fc Nilay Tun\u00e7\u00e2lp, baz\u0131 milletvekilleri, PGM yetkilileri ve personeliyle vatanda\u015flar kat\u0131ld\u0131.<\/p>\n<p><!--more--><\/p>\n<div id=\"news_content\" class=\"text_content\">\n<p>A\u00e7\u0131l\u0131\u015fta yap\u0131lan protokol konu\u015fmalar\u0131n\u0131n ard\u0131ndan kurdele kesimi yap\u0131ld\u0131. De\u011firmenlik Belediyesi Halk Danslar\u0131 Toplulu\u011fu\u2019nun g\u00f6sterisinin ard\u0131ndan, Devlet Halk M\u00fczi\u011fi Y\u00f6netmeni \u0130lker D\u00f6lek\u2019in par\u00e7alar\u0131 e\u015fli\u011finde konuklara yerel yiyecek ve i\u00e7eceklerin ikram\u0131 yap\u0131ld\u0131. A\u00e7\u0131l\u0131\u015f dolay\u0131s\u0131yla, K\u0131br\u0131s\u2019\u0131n ilk fantastik roman\u0131n\u0131n yazar\u0131 Ressam-Yazar Kemal Beh\u00e7et Caymaz \u201cSafir\u201d, \u00c7ocuk Kitaplar\u0131 Yazar\u0131 Suzan Polat \u201cOrman\u0131n Karde\u015fli\u011fi\u201d ve Yazar Sevil Emirzade \u201cCon Rifat\u201d ve \u201c\u00c7ifte Nik\u00e2h\u201d isimli kitaplar\u0131 i\u00e7in imza g\u00fcn\u00fc ger\u00e7ekle\u015ftirdi.<\/p>\n<p><strong>TUN\u00c7\u00c2LP<\/strong><\/p>\n<p>K\u00fclt\u00fcr Dairesi M\u00fcd\u00fcr\u00fc Nilay Tun\u00e7\u00e2lp, a\u00e7\u0131l\u0131\u015f \u00f6ncesi yapt\u0131\u011f\u0131 konu\u015fmada, de\u011fi\u015fik bir ortam yarat\u0131lmas\u0131 ad\u0131na k\u00fct\u00fcphane ve k\u00fclt\u00fcr evi \u00f6zelliklerinin bulu\u015fturuldu\u011funu anlatt\u0131. \u0130nsano\u011flunun yaratt\u0131\u011f\u0131 en \u00f6nemli mek\u00e2nlar\u0131n k\u00fct\u00fcphaneler oldu\u011funu dile getiren Tun\u00e7\u00e2lp, tarihte sorgulamayan, ara\u015ft\u0131rmayan ve \u00fcretmeyen toplumlar\u0131n geli\u015femedi\u011fini dile getirdi. K\u00fct\u00fcphane b\u00fcnyesinde 14 bin 900 kitab\u0131n \u00e7e\u015fitli kategorilerde ve farkl\u0131 b\u00f6l\u00fcmlerde okuyucularla bulu\u015faca\u011f\u0131n\u0131 kaydeden Tun\u00e7\u00e2lp, eski h\u00fccre odas\u0131n\u0131n da yenilenip, \u201cSer\u00fcven Odas\u0131\u201d haline getirilerek \u00e7ocuklara sunuldu\u011funu belirtti. Tun\u00e7\u00e2lp hayatta payla\u015ft\u0131k\u00e7a \u00e7o\u011falan vazge\u00e7ilmez iki \u015feyin bilgi ve sevgi oldu\u011funu s\u00f6yleyerek, bilgi ve sevgi dolu bir d\u00fcnya dile\u011finde bulundu. Tun\u00e7\u00e2lp, katk\u0131s\u0131 ve deste\u011fi bulunan TC Lefko\u015fa B\u00fcy\u00fckel\u00e7ili\u011fi, PGM, De\u011firmenlik Belediyesi, Demirhan polis karakolu personeline, Alanyal\u0131 Ah\u015fap ve Moda D\u00f6\u015feme Evi\u2019ne, Ressam Batu G\u00fcndal ve karde\u015fine, k\u00fct\u00fcphane personeli Tu\u011fba Arkan\u2019a ve K\u00fclt\u00fcr Dairesi personeline te\u015fekk\u00fcr etti.<\/p>\n<p><strong>BEROVA<\/strong><\/p>\n<p>Milli E\u011fitim ve K\u00fclt\u00fcr Bakan\u0131 \u00d6zdemir Berova da, Bakanl\u0131k ve K\u00fclt\u00fcr Dairesi olarak K\u0131br\u0131s T\u00fcrk k\u00fclt\u00fcr\u00fcn\u00fcn korunmas\u0131 ve nesilden nesle aktar\u0131lmas\u0131n\u0131 temel hedef olarak benimsediklerini vurgulad\u0131. Bilgiye ula\u015fmada en \u00f6nemli istasyonlar\u0131n k\u00fct\u00fcphaneler oldu\u011funu dile getiren Berova, k\u00fct\u00fcphanelere y\u00f6nelik ilgiyi art\u0131rman\u0131n da hedeflerden bir tanesi oldu\u011funu belirtti. Berova, 2016 y\u0131l\u0131nda k\u00fct\u00fcphane ziyaret\u00e7i say\u0131s\u0131n\u0131n 71 binde kald\u0131\u011f\u0131n\u0131 ifade ederek, bunun yetersiz ve art\u0131r\u0131lmas\u0131 gerekli bir rakam oldu\u011funu bildirdi. K\u00fct\u00fcphanenin, y\u00f6re halk\u0131n\u0131n evi oldu\u011funu, istek ve arzular\u0131 \u00e7er\u00e7evesinde geli\u015ftirmenin de Bakanl\u0131\u011f\u0131n g\u00f6revi oldu\u011funu s\u00f6yleyen Berova, b\u00f6lge i\u00e7in \u00f6nemli olan bu yap\u0131y\u0131 s\u00fcrd\u00fcr\u00fclebilir k\u0131lman\u0131n yine y\u00f6re halk\u0131n\u0131n elinde oldu\u011funu ifade etti. K\u00fct\u00fcphanenin kullan\u0131ld\u0131k\u00e7a, sahip \u00e7\u0131k\u0131l\u0131p ziyaret edildik\u00e7e Bakanl\u0131\u011fa motivasyon sa\u011flayaca\u011f\u0131n\u0131n alt\u0131n\u0131 \u00e7izen Bakan Berova, a\u00e7\u0131l\u0131\u015f\u0131n hay\u0131rl\u0131 olmas\u0131n\u0131 diledi.<\/p>\n<p><a href=\"http:\/\/www.detaykibris.com\" target=\"_blank\" rel=\"noopener noreferrer\">Kaynak<\/a><br \/>\n<iframe loading=\"lazy\" src=\"\/\/www.dailymotion.com\/embed\/video\/x5usapo\" width=\"480\" height=\"270\" frameborder=\"0\" allowfullscreen=\"allowfullscreen\"><\/iframe><br \/>\n<i><\/i><\/p>\n<\/div>\n","protected":false},"excerpt":{"rendered":"<p>K\u00fclt\u00fcr Dairesi b\u00fcnyesinde TC Lefko\u015fa B\u00fcy\u00fckel\u00e7ili\u011fi ve De\u011firmenlik Belediyesi katk\u0131lar\u0131yla eski karakol binas\u0131n\u0131n yeniden d\u00fczenlenmesiyle hayata ge\u00e7irilen De\u011firmenlik K\u00fclt\u00fcr Evi ve Halk K\u00fct\u00fcphanesi\u2019nin a\u00e7\u0131l\u0131\u015f\u0131 yap\u0131ld\u0131. A\u00e7\u0131l\u0131\u015fa, Milli E\u011fitim ve K\u00fclt\u00fcr Bakan\u0131 \u00d6zdemir Berova, TC Lefko\u015fa B\u00fcy\u00fckel\u00e7ili\u011fi Uzman M\u00fc\u015faviri Durmu\u015f Yavuz, De\u011firmenlik Belediye Ba\u015fkan\u0131 Osman I\u015f\u0131sal, 14. Z\u0131rhl\u0131 Tugay Komutan Yard\u0131mc\u0131s\u0131 Tank Albay G\u00f6khan Karam\u00fcrsel, K\u00fclt\u00fcr [&hellip;]<\/p>\n","protected":false},"author":1,"featured_media":22377,"comment_status":"open","ping_status":"open","sticky":false,"template":"","format":"standard","meta":{"footnotes":""},"categories":[],"tags":[1451],"class_list":["post-22376","post","type-post","status-publish","format-standard","has-post-thumbnail","hentry","tag-belediye-kutuphaneleri"],"_links":{"self":[{"href":"https:\/\/www.bbyhaber.com\/bby\/wp-json\/wp\/v2\/posts\/22376"}],"collection":[{"href":"https:\/\/www.bbyhaber.com\/bby\/wp-json\/wp\/v2\/posts"}],"about":[{"href":"https:\/\/www.bbyhaber.com\/bby\/wp-json\/wp\/v2\/types\/post"}],"author":[{"embeddable":true,"href":"https:\/\/www.bbyhaber.com\/bby\/wp-json\/wp\/v2\/users\/1"}],"replies":[{"embeddable":true,"href":"https:\/\/www.bbyhaber.com\/bby\/wp-json\/wp\/v2\/comments?post=22376"}],"version-history":[{"count":3,"href":"https:\/\/www.bbyhaber.com\/bby\/wp-json\/wp\/v2\/posts\/22376\/revisions"}],"predecessor-version":[{"id":22381,"href":"https:\/\/www.bbyhaber.com\/bby\/wp-json\/wp\/v2\/posts\/22376\/revisions\/22381"}],"wp:featuredmedia":[{"embeddable":true,"href":"https:\/\/www.bbyhaber.com\/bby\/wp-json\/wp\/v2\/media\/22377"}],"wp:attachment":[{"href":"https:\/\/www.bbyhaber.com\/bby\/wp-json\/wp\/v2\/media?parent=22376"}],"wp:term":[{"taxonomy":"category","embeddable":true,"href":"https:\/\/www.bbyhaber.com\/bby\/wp-json\/wp\/v2\/categories?post=22376"},{"taxonomy":"post_tag","embeddable":true,"href":"https:\/\/www.bbyhaber.com\/bby\/wp-json\/wp\/v2\/tags?post=22376"}],"curies":[{"name":"wp","href":"https:\/\/api.w.org\/{rel}","templated":true}]}}