{"id":22366,"date":"2017-07-25T09:10:05","date_gmt":"2017-07-25T06:10:05","guid":{"rendered":"http:\/\/www.bbyhaber.com\/bby\/?p=22366"},"modified":"2017-07-27T08:36:22","modified_gmt":"2017-07-27T05:36:22","slug":"ramazan-kayalar-vefat-etti","status":"publish","type":"post","link":"https:\/\/www.bbyhaber.com\/bby\/2017\/07\/25\/ramazan-kayalar-vefat-etti","title":{"rendered":"Ramazan KAYALAR vefat etti"},"content":{"rendered":"<p><a href=\"http:\/\/www.bbyhaber.com\/bby\/wp-content\/uploads\/2017\/07\/ramazan-kayalar.jpg\"><img loading=\"lazy\" decoding=\"async\" class=\"alignleft wp-image-22367\" src=\"http:\/\/www.bbyhaber.com\/bby\/wp-content\/uploads\/2017\/07\/ramazan-kayalar.jpg\" alt=\"\" width=\"377\" height=\"189\" \/><\/a>Yordam Bilgi Teknolojileri Kurucusu de\u011ferli meslekta\u015f\u0131m\u0131z\u00a0<strong>Ramazan KAYALAR<\/strong>&#8216;\u0131n\u00a0vefat\u0131n\u0131 b\u00fcy\u00fck bir \u00fcz\u00fcnt\u00fc ile \u00f6\u011frenmi\u015f bulunuyoruz.<strong><b>\u00a0<\/b><\/strong>Kendisine Allah&#8217;tan rahmet, \u00e7al\u0131\u015fma arkada\u015flar\u0131 ve t\u00fcm yak\u0131nlar\u0131na ba\u015fsa\u011fl\u0131\u011f\u0131 dileriz.<!--more--><\/p>\n<p><strong>26 Temmuz 2017 \u00c7ar\u015famba<\/strong> YEN\u0130K\u00d6Y CAM\u0130\u0130&#8217;nde (Mc Donald&#8217;s \u00fcst\u00fc) \u00f6\u011fle namaz\u0131ndan sonra yap\u0131lacak merasim ve k\u0131l\u0131nacak cenaze namaz\u0131ndan sonra YEN\u0130K\u00d6Y MEZARLI\u011eI&#8217;na defnedilecektir.<\/p>\n","protected":false},"excerpt":{"rendered":"<p>Yordam Bilgi Teknolojileri Kurucusu de\u011ferli meslekta\u015f\u0131m\u0131z\u00a0Ramazan KAYALAR&#8216;\u0131n\u00a0vefat\u0131n\u0131 b\u00fcy\u00fck bir \u00fcz\u00fcnt\u00fc ile \u00f6\u011frenmi\u015f bulunuyoruz.\u00a0Kendisine Allah&#8217;tan rahmet, \u00e7al\u0131\u015fma arkada\u015flar\u0131 ve t\u00fcm yak\u0131nlar\u0131na ba\u015fsa\u011fl\u0131\u011f\u0131 dileriz.<\/p>\n","protected":false},"author":1,"featured_media":22367,"comment_status":"open","ping_status":"open","sticky":false,"template":"","format":"standard","meta":{"footnotes":""},"categories":[1],"tags":[824],"class_list":["post-22366","post","type-post","status-publish","format-standard","has-post-thumbnail","hentry","category-genel","tag-vefat-eden-meslektaslarimiz"],"_links":{"self":[{"href":"https:\/\/www.bbyhaber.com\/bby\/wp-json\/wp\/v2\/posts\/22366"}],"collection":[{"href":"https:\/\/www.bbyhaber.com\/bby\/wp-json\/wp\/v2\/posts"}],"about":[{"href":"https:\/\/www.bbyhaber.com\/bby\/wp-json\/wp\/v2\/types\/post"}],"author":[{"embeddable":true,"href":"https:\/\/www.bbyhaber.com\/bby\/wp-json\/wp\/v2\/users\/1"}],"replies":[{"embeddable":true,"href":"https:\/\/www.bbyhaber.com\/bby\/wp-json\/wp\/v2\/comments?post=22366"}],"version-history":[{"count":5,"href":"https:\/\/www.bbyhaber.com\/bby\/wp-json\/wp\/v2\/posts\/22366\/revisions"}],"predecessor-version":[{"id":22382,"href":"https:\/\/www.bbyhaber.com\/bby\/wp-json\/wp\/v2\/posts\/22366\/revisions\/22382"}],"wp:featuredmedia":[{"embeddable":true,"href":"https:\/\/www.bbyhaber.com\/bby\/wp-json\/wp\/v2\/media\/22367"}],"wp:attachment":[{"href":"https:\/\/www.bbyhaber.com\/bby\/wp-json\/wp\/v2\/media?parent=22366"}],"wp:term":[{"taxonomy":"category","embeddable":true,"href":"https:\/\/www.bbyhaber.com\/bby\/wp-json\/wp\/v2\/categories?post=22366"},{"taxonomy":"post_tag","embeddable":true,"href":"https:\/\/www.bbyhaber.com\/bby\/wp-json\/wp\/v2\/tags?post=22366"}],"curies":[{"name":"wp","href":"https:\/\/api.w.org\/{rel}","templated":true}]}}