{"id":22294,"date":"2017-07-13T15:14:10","date_gmt":"2017-07-13T12:14:10","guid":{"rendered":"http:\/\/www.bbyhaber.com\/bby\/?p=22294"},"modified":"2019-08-01T11:30:18","modified_gmt":"2019-08-01T08:30:18","slug":"15-temmuz-hatirasi-15-kutuphane","status":"publish","type":"post","link":"https:\/\/www.bbyhaber.com\/bby\/2017\/07\/13\/15-temmuz-hatirasi-15-kutuphane","title":{"rendered":"15 Temmuz Hat\u0131ras\u0131 15 K\u00fct\u00fcphane"},"content":{"rendered":"<p><a href=\"http:\/\/www.bbyhaber.com\/bby\/wp-content\/uploads\/2017\/07\/15-temmuz-hatirasi-15-kutuphane.jpg\"><img loading=\"lazy\" decoding=\"async\" class=\"alignleft  wp-image-22295\" src=\"http:\/\/www.bbyhaber.com\/bby\/wp-content\/uploads\/2017\/07\/15-temmuz-hatirasi-15-kutuphane.jpg\" alt=\"\" width=\"297\" height=\"198\" srcset=\"https:\/\/www.bbyhaber.com\/bby\/wp-content\/uploads\/2017\/07\/15-temmuz-hatirasi-15-kutuphane.jpg 640w, https:\/\/www.bbyhaber.com\/bby\/wp-content\/uploads\/2017\/07\/15-temmuz-hatirasi-15-kutuphane-300x200.jpg 300w\" sizes=\"(max-width: 297px) 100vw, 297px\" \/><\/a>Konya Valisi Yakup Canbolat, Meram Belediyesi taraf\u0131ndan yap\u0131lacak bu k\u00fct\u00fcphanelerde <strong>15 Temmuz<\/strong> \u015fehitlerinin isimlerinin ya\u015fat\u0131lmas\u0131n\u0131n da \u00e7ok anlaml\u0131 oldu\u011funa dikkat \u00e7ekti.Meram Belediyesi taraf\u0131ndan k\u00fct\u00fcphanesi olmayan <strong>15 okula yap\u0131lacak 15 k\u00fct\u00fcphane<\/strong> ile ilgili protokol Konya Valili\u011fi&#8217;nde d\u00fczenlenen t\u00f6renle imzaland\u0131. Protokol t\u00f6renine, Konya Valisi Yakup Canbolat, Meram Belediye Ba\u015fkan\u0131 Fatma Toru ve \u0130l Milli E\u011fitim M\u00fcd\u00fcr\u00fc Mukadder G\u00fcrsoy kat\u0131ld\u0131.<!--more--> Konya Valisi Yakup Canbolat, bu protokol\u00fcn Meram Belediyemiz taraf\u0131ndan Meram b\u00f6lgesindeki 15 okula modern donat\u0131lar\u0131n tamam\u0131 bulunan k\u00fct\u00fcphanelerin yap\u0131lmas\u0131 projesi oldu\u011funu belirterek, &#8220;Belediyemiz taraf\u0131ndan ihalesi yap\u0131lan proje ile takribi olarak 1.5 milyon TL ederinde kaynak \u00e7ocuklar\u0131m\u0131z\u0131n, milli e\u011fitimimizin imkan\u0131na sunulmu\u015f olacak. Bu g\u00fczel hizmetin yap\u0131lmas\u0131 noktas\u0131nda Meram Belediye Ba\u015fkan\u0131m\u0131za ve de\u011ferli ekibine ve arac\u0131l\u0131k eden Milli E\u011fitim M\u00fcd\u00fcrl\u00fc\u011f\u00fcne te\u015fekk\u00fcr ediyoruz. Gelece\u011fimizi emanet edece\u011fimiz \u00e7ocuklar\u0131m\u0131za ve gen\u00e7lerimize b\u00f6yle bir yat\u0131r\u0131m\u0131n yap\u0131lmas\u0131n\u0131 \u00f6nemsiyoruz&#8221; dedi.<\/p>\n<p>\u00c7OK ANLAMLI PROJE<\/p>\n<p>Projenin \u00f6nemli bir k\u0131sm\u0131n\u0131n da 15 Temmuz&#8217;un hat\u0131ras\u0131 olarak 15 okula yap\u0131lmas\u0131 oldu\u011funa i\u015faret eden Vali Canbolat, &#8220;15 Temmuz&#8217;un ya\u015fat\u0131lmas\u0131, hat\u0131rlat\u0131lmas\u0131 ve unutturulmamas\u0131 noktas\u0131nda da manas\u0131 ve manidar olan bir proje. 15 Temmuz&#8217;un unutturulmamas\u0131 noktas\u0131nda b\u00f6yle manal\u0131, okullar\u0131m\u0131zda da \u00e7ocuklar\u0131m\u0131za bu durumu hat\u0131rlatacak bir projeye imza atmas\u0131ndan ve kaynak sunmas\u0131ndan dolay\u0131 da ba\u015fkan\u0131m\u0131za te\u015fekk\u00fcr ediyorum&#8221; ifadelerini kulland\u0131.<\/p>\n<p>K\u00dcT\u00dcPHANELER OKULLARIN BEYN\u0130<\/p>\n<p>Projenin hay\u0131rl\u0131 olmas\u0131n\u0131 temenni eden Konya \u0130l Milli E\u011fitim M\u00fcd\u00fcr\u00fc Mukadder G\u00fcrsoy da, &#8220;<strong>K\u00fct\u00fcphanelerimiz okullar\u0131m\u0131z\u0131n beyni mesabesindedir<\/strong>. \u00d6\u011frencilerimizin en \u00e7ok istifade etti\u011fi birimler ne kadar donan\u0131ml\u0131 olursa, onlar\u0131n sevece\u011fi \u015fekilde tanzim ve dizayn edilirse \u00e7ocuklar\u0131m\u0131z oraya daha istekli ve arzulu olarak o mekanlar\u0131 kullan\u0131rlar. Devletimiz gerekli imk\u00e2nlar\u0131 kullan\u0131yor; ama oralarda \u00f6zel dokunu\u015flara ihtiyac\u0131m\u0131z oluyor. Bu anlamda Meram b\u00f6lgemizdeki 15 okula 15 k\u00fct\u00fcphanenin yap\u0131lmas\u0131 ve \u015fehitlerimizin isminin verilmesi \u00e7ok anlaml\u0131. Bu hayra vesile olan ba\u015fkan\u0131m\u0131z\u0131 ve ekibimizi tebrik ediyorum.&#8221;\u015feklinde konu\u015ftu.<\/p>\n<p>\u015eEH\u0130TLER\u0130M\u0130Z\u0130N ANISINI YA\u015eATACA\u011eIZ<\/p>\n<p>Devletimizin ve milletimizin bekas\u0131 i\u00e7in hi\u00e7 d\u00fc\u015f\u00fcnmeden canlar\u0131n\u0131 veren \u015fehitlerimizin an\u0131s\u0131n\u0131 ya\u015fatmak \u00fczere bu protokol\u00fc yapt\u0131klar\u0131n\u0131 kaydeden Meram Belediye Ba\u015fkan\u0131 Fatma Toru ise, \u015funlar\u0131 kaydetti: &#8220;15 Temmuz&#8217;da 15 okulumuza 15 \u015fehidimizin ismini vererek, \u00e7ocuklar\u0131m\u0131z\u0131n daha ayd\u0131nl\u0131k yar\u0131nlara ula\u015fmas\u0131n\u0131 sa\u011flayacak, onlar\u0131n dima\u011flar\u0131na katk\u0131 sa\u011flayacak, teknolojik donan\u0131ml\u0131 k\u00fct\u00fcphanelerimizi \u0130l Milli E\u011fitim M\u00fcd\u00fcrl\u00fc\u011f\u00fcm\u00fcze sunmak \u00fczere ihalemizi yapt\u0131k. \u0130n\u015fallah yeni e\u011fitim d\u00f6neminde haz\u0131r bir \u015fekilde k\u00fct\u00fcphaneleri \u0130l Milli E\u011fitim M\u00fcd\u00fcrl\u00fc\u011f\u00fcne teslim etmi\u015f olaca\u011f\u0131z. Millet olarak 15 Temmuz&#8217;da \u015funu g\u00f6rd\u00fck: Bizler \u00e7ocuklar\u0131m\u0131za, gen\u00e7lerimize sahip \u00e7\u0131kmazsak onlara sahip \u00e7\u0131kacak pek \u00e7ok hain odak ortaya \u00e7\u0131k\u0131yor. Onun i\u00e7in bizlere \u00e7ocuklar\u0131m\u0131za ve gen\u00e7lerimize sahip \u00e7\u0131kma anlam\u0131nda gerek k\u00fct\u00fcphaneler gerek gen\u00e7lik merkezleri gerekse sportif alanlar\u0131n kazand\u0131r\u0131lmas\u0131 noktas\u0131nda Meram Belediyesi olarak yanlar\u0131nda olmaya devam edece\u011fiz. Bu vesileyle devletimizin bekas\u0131 i\u00e7in canlar\u0131n\u0131 hi\u00e7 d\u00fc\u015f\u00fcnmeden veren \u015fehitlerimizi rahmetle, gazilerimizi de minnetle an\u0131yorum. Ayd\u0131nl\u0131k bir gelecek i\u00e7in il\u00e7emizde yeni yap\u0131lacak okullara k\u00fct\u00fcphane deste\u011fimizi s\u00fcrd\u00fcrmeye devam edece\u011fiz. &#8221; Konu\u015fmalardan sonra Vali Canbolat, Ba\u015fkan Toru ve \u0130l Milli E\u011fitim M\u00fcd\u00fcr\u00fc G\u00fcrsoy, protokol\u00fc imzalad\u0131.<\/p>\n<p><a href=\"https:\/\/www.haberler.com\/\" target=\"_blank\" rel=\"noopener noreferrer\">Kaynak<\/a><\/p>\n","protected":false},"excerpt":{"rendered":"<p>Konya Valisi Yakup Canbolat, Meram Belediyesi taraf\u0131ndan yap\u0131lacak bu k\u00fct\u00fcphanelerde 15 Temmuz \u015fehitlerinin isimlerinin ya\u015fat\u0131lmas\u0131n\u0131n da \u00e7ok anlaml\u0131 oldu\u011funa dikkat \u00e7ekti.Meram Belediyesi taraf\u0131ndan k\u00fct\u00fcphanesi olmayan 15 okula yap\u0131lacak 15 k\u00fct\u00fcphane ile ilgili protokol Konya Valili\u011fi&#8217;nde d\u00fczenlenen t\u00f6renle imzaland\u0131. Protokol t\u00f6renine, Konya Valisi Yakup Canbolat, Meram Belediye Ba\u015fkan\u0131 Fatma Toru ve \u0130l Milli E\u011fitim M\u00fcd\u00fcr\u00fc Mukadder [&hellip;]<\/p>\n","protected":false},"author":1,"featured_media":22295,"comment_status":"open","ping_status":"open","sticky":false,"template":"","format":"standard","meta":{"footnotes":""},"categories":[1538,1],"tags":[1200],"class_list":["post-22294","post","type-post","status-publish","format-standard","has-post-thumbnail","hentry","category-askeri-darbe-ve-kutuphaneler","category-genel","tag-15-temmuz"],"_links":{"self":[{"href":"https:\/\/www.bbyhaber.com\/bby\/wp-json\/wp\/v2\/posts\/22294"}],"collection":[{"href":"https:\/\/www.bbyhaber.com\/bby\/wp-json\/wp\/v2\/posts"}],"about":[{"href":"https:\/\/www.bbyhaber.com\/bby\/wp-json\/wp\/v2\/types\/post"}],"author":[{"embeddable":true,"href":"https:\/\/www.bbyhaber.com\/bby\/wp-json\/wp\/v2\/users\/1"}],"replies":[{"embeddable":true,"href":"https:\/\/www.bbyhaber.com\/bby\/wp-json\/wp\/v2\/comments?post=22294"}],"version-history":[{"count":2,"href":"https:\/\/www.bbyhaber.com\/bby\/wp-json\/wp\/v2\/posts\/22294\/revisions"}],"predecessor-version":[{"id":22297,"href":"https:\/\/www.bbyhaber.com\/bby\/wp-json\/wp\/v2\/posts\/22294\/revisions\/22297"}],"wp:featuredmedia":[{"embeddable":true,"href":"https:\/\/www.bbyhaber.com\/bby\/wp-json\/wp\/v2\/media\/22295"}],"wp:attachment":[{"href":"https:\/\/www.bbyhaber.com\/bby\/wp-json\/wp\/v2\/media?parent=22294"}],"wp:term":[{"taxonomy":"category","embeddable":true,"href":"https:\/\/www.bbyhaber.com\/bby\/wp-json\/wp\/v2\/categories?post=22294"},{"taxonomy":"post_tag","embeddable":true,"href":"https:\/\/www.bbyhaber.com\/bby\/wp-json\/wp\/v2\/tags?post=22294"}],"curies":[{"name":"wp","href":"https:\/\/api.w.org\/{rel}","templated":true}]}}