{"id":22250,"date":"2017-07-05T11:08:08","date_gmt":"2017-07-05T08:08:08","guid":{"rendered":"http:\/\/www.bbyhaber.com\/bby\/?p=22250"},"modified":"2017-08-05T11:05:05","modified_gmt":"2017-08-05T08:05:05","slug":"turk-kutuphaneciligi-dergisi-cilt-31-sayi-2-2017-yayinlandi-2","status":"publish","type":"post","link":"https:\/\/www.bbyhaber.com\/bby\/2017\/07\/05\/turk-kutuphaneciligi-dergisi-cilt-31-sayi-2-2017-yayinlandi-2","title":{"rendered":"T\u00fcrk K\u00fct\u00fcphanecili\u011fi Dergisi: Cilt 31, Say\u0131 2 (2017) yay\u0131nland\u0131"},"content":{"rendered":"<p style=\"text-align: justify;\"><a href=\"http:\/\/www.bbyhaber.com\/bby\/wp-content\/uploads\/2017\/07\/tk2017-2.png\"><img loading=\"lazy\" decoding=\"async\" class=\"alignleft  wp-image-22251\" src=\"http:\/\/www.bbyhaber.com\/bby\/wp-content\/uploads\/2017\/07\/tk2017-2.png\" alt=\"\" width=\"330\" height=\"165\" srcset=\"https:\/\/www.bbyhaber.com\/bby\/wp-content\/uploads\/2017\/07\/tk2017-2.png 660w, https:\/\/www.bbyhaber.com\/bby\/wp-content\/uploads\/2017\/07\/tk2017-2-300x150.png 300w\" sizes=\"(max-width: 330px) 100vw, 330px\" \/><\/a>T\u00fcrk K\u00fct\u00fcphanecili\u011fi Dergisi\u2019nin 2017 y\u0131l\u0131na ait ikinci say\u0131s\u0131 yay\u0131nland\u0131- \u201c<strong><a href=\"http:\/\/tk.org.tr\/index.php\/TK\/issue\/view\/277\/showToc\" target=\"_blank\" rel=\"noopener noreferrer\">Cilt 31, Say\u0131 2\u00a0(2017)<\/a><\/strong>\u201d<\/p>\n<p style=\"text-align: justify;\">Yeni say\u0131y\u0131 okumak i\u00e7in <strong><a href=\"http:\/\/tk.org.tr\/index.php\/TK\/issue\/view\/277\/showToc\" target=\"_blank\" rel=\"noopener noreferrer\">l\u00fctfen t\u0131klay\u0131n\u0131z.<\/a><\/strong><\/p>\n","protected":false},"excerpt":{"rendered":"<p>T\u00fcrk K\u00fct\u00fcphanecili\u011fi Dergisi\u2019nin 2017 y\u0131l\u0131na ait ikinci say\u0131s\u0131 yay\u0131nland\u0131- \u201cCilt 31, Say\u0131 2\u00a0(2017)\u201d Yeni say\u0131y\u0131 okumak i\u00e7in l\u00fctfen t\u0131klay\u0131n\u0131z.<\/p>\n","protected":false},"author":1,"featured_media":22251,"comment_status":"open","ping_status":"open","sticky":false,"template":"","format":"standard","meta":{"footnotes":""},"categories":[],"tags":[1416],"class_list":["post-22250","post","type-post","status-publish","format-standard","has-post-thumbnail","hentry","tag-turk-kutuphaneciligi"],"_links":{"self":[{"href":"https:\/\/www.bbyhaber.com\/bby\/wp-json\/wp\/v2\/posts\/22250"}],"collection":[{"href":"https:\/\/www.bbyhaber.com\/bby\/wp-json\/wp\/v2\/posts"}],"about":[{"href":"https:\/\/www.bbyhaber.com\/bby\/wp-json\/wp\/v2\/types\/post"}],"author":[{"embeddable":true,"href":"https:\/\/www.bbyhaber.com\/bby\/wp-json\/wp\/v2\/users\/1"}],"replies":[{"embeddable":true,"href":"https:\/\/www.bbyhaber.com\/bby\/wp-json\/wp\/v2\/comments?post=22250"}],"version-history":[{"count":2,"href":"https:\/\/www.bbyhaber.com\/bby\/wp-json\/wp\/v2\/posts\/22250\/revisions"}],"predecessor-version":[{"id":22253,"href":"https:\/\/www.bbyhaber.com\/bby\/wp-json\/wp\/v2\/posts\/22250\/revisions\/22253"}],"wp:featuredmedia":[{"embeddable":true,"href":"https:\/\/www.bbyhaber.com\/bby\/wp-json\/wp\/v2\/media\/22251"}],"wp:attachment":[{"href":"https:\/\/www.bbyhaber.com\/bby\/wp-json\/wp\/v2\/media?parent=22250"}],"wp:term":[{"taxonomy":"category","embeddable":true,"href":"https:\/\/www.bbyhaber.com\/bby\/wp-json\/wp\/v2\/categories?post=22250"},{"taxonomy":"post_tag","embeddable":true,"href":"https:\/\/www.bbyhaber.com\/bby\/wp-json\/wp\/v2\/tags?post=22250"}],"curies":[{"name":"wp","href":"https:\/\/api.w.org\/{rel}","templated":true}]}}