{"id":2216,"date":"2012-01-19T11:27:24","date_gmt":"2012-01-19T11:27:24","guid":{"rendered":"http:\/\/www.bbyhaber.com\/bby\/?p=2216"},"modified":"2013-03-11T09:57:00","modified_gmt":"2013-03-11T07:57:00","slug":"modern-kutuphaneler-okurlarla-bulusuyor","status":"publish","type":"post","link":"https:\/\/www.bbyhaber.com\/bby\/2012\/01\/19\/modern-kutuphaneler-okurlarla-bulusuyor","title":{"rendered":"Modern k\u00fct\u00fcphaneler okurlarla bulu\u015fuyor"},"content":{"rendered":"<p style=\"text-align: justify;\">K\u00fclt\u00fcr ve Turizm Bakanl\u0131\u011f\u0131 Bas\u0131n ve Halkla \u0130li\u015fkiler M\u00fc\u015favirli\u011finden yap\u0131lan yaz\u0131l\u0131 a\u00e7\u0131klamaya g\u00f6re, bakanl\u0131\u011f\u0131n teknolojide ya\u015fanan geli\u015fmelere uygun olarak haz\u0131rlad\u0131\u011f\u0131 yeni &#8221;<a title=\"BBY Mevzuatlar\" href=\"http:\/\/www.bbyhaber.com\/bby\/2011\/11\/10\/bby-mevzuatlar-2\/\">Halk K\u00fct\u00fcphaneleri Y\u00f6netmeli\u011fi<\/a>&#8221; 11 Ocak&#8217;ta resmi gazetede yay\u0131mlanarak y\u00fcr\u00fcrl\u00fc\u011fe girdi.<!--more--><\/p>\n<p style=\"text-align: justify;\">Halk k\u00fct\u00fcphanelerinin her t\u00fcrl\u00fc bilgi teknolojisinden yararlanmas\u0131n\u0131n alt yap\u0131s\u0131n\u0131 olu\u015fturan yeni mevzuat \u00e7al\u0131\u015fmas\u0131 ile okurlar\u0131n elektronik bilgi ve e-devlet uygulamalar\u0131na eri\u015febilmeleri i\u00e7in de \u00fccretsiz internet hizmeti verilmeye ba\u015fland\u0131.<\/p>\n<p style=\"text-align: justify;\">Vatanda\u015flar\u0131n sadece TC kimlik numaras\u0131n\u0131 g\u00f6steren belge ile k\u00fct\u00fcphanelerden \u00f6d\u00fcn\u00e7 materyal alabilmelerini sa\u011flayan bu de\u011fi\u015fiklik ayn\u0131 zamanda ilk defa merkezi \u00fcyelik kavram\u0131n\u0131 da getirmi\u015f oldu. Yeni uygulamayla ayn\u0131 zamanda okurlar \u00f6d\u00fcn\u00e7 ald\u0131klar\u0131 materyali farkl\u0131 bir il halk k\u00fct\u00fcphanesine iade edebilme kolayl\u0131\u011f\u0131na kavu\u015fmu\u015f oldu.<\/p>\n<p style=\"text-align: justify;\">K\u00fct\u00fcphane kullan\u0131c\u0131lar\u0131na ait bilgilerin g\u00fcvenli\u011fini de dikkate alan y\u00f6netmelikte g\u00fcvenlik hususu da ilk defa yasal g\u00fcvence alt\u0131na al\u0131nm\u0131\u015f oldu.<\/p>\n<p style=\"text-align: justify;\">Halk k\u00fct\u00fcphanelerinin engelli, hasta, ya\u015fl\u0131 ve eve ba\u011f\u0131ml\u0131 ki\u015filer ile ev kad\u0131nlar\u0131 gibi \u00f6zel gruplara da hizmet sunmalar\u0131n\u0131 zorunlu hale getiren 28170 say\u0131l\u0131 &#8221;Halk K\u00fct\u00fcphaneleri Y\u00f6netmeli\u011fi&#8221; ayr\u0131ca k\u00fct\u00fcphane a\u00e7ma, bina, personel, donan\u0131m gibi konularda uluslararas\u0131 ilke ve standartlara da ilk defa yer verdi.<\/p>\n<p style=\"text-align: justify;\">Halkla ili\u015fkilere y\u00f6nelik y\u00f6ntemlerin uygulamas\u0131 zorunlulu\u011funu da getiren y\u00f6netmelik ayn\u0131 zamanda personelin niteli\u011fini y\u00fckseltmek amac\u0131yla k\u00fct\u00fcphanelerde staj, hizmet i\u00e7i e\u011fitim ve g\u00f6n\u00fcll\u00fc \u00e7al\u0131\u015fma gibi talepleri de h\u00fck\u00fcm alt\u0131na alm\u0131\u015f oldu.<\/p>\n<p style=\"text-align: justify;\">Kaynak: http:\/\/www.zaman.com.tr\/<\/p>\n","protected":false},"excerpt":{"rendered":"<p>K\u00fclt\u00fcr ve Turizm Bakanl\u0131\u011f\u0131 Bas\u0131n ve Halkla \u0130li\u015fkiler M\u00fc\u015favirli\u011finden yap\u0131lan yaz\u0131l\u0131 a\u00e7\u0131klamaya g\u00f6re, bakanl\u0131\u011f\u0131n teknolojide ya\u015fanan geli\u015fmelere uygun olarak haz\u0131rlad\u0131\u011f\u0131 yeni &#8221;Halk K\u00fct\u00fcphaneleri Y\u00f6netmeli\u011fi&#8221; 11 Ocak&#8217;ta resmi gazetede yay\u0131mlanarak y\u00fcr\u00fcrl\u00fc\u011fe girdi.<\/p>\n","protected":false},"author":1,"featured_media":0,"comment_status":"open","ping_status":"open","sticky":false,"template":"","format":"standard","meta":{"footnotes":""},"categories":[],"tags":[848],"class_list":["post-2216","post","type-post","status-publish","format-standard","hentry","tag-halk-kutuphaneleri"],"_links":{"self":[{"href":"https:\/\/www.bbyhaber.com\/bby\/wp-json\/wp\/v2\/posts\/2216"}],"collection":[{"href":"https:\/\/www.bbyhaber.com\/bby\/wp-json\/wp\/v2\/posts"}],"about":[{"href":"https:\/\/www.bbyhaber.com\/bby\/wp-json\/wp\/v2\/types\/post"}],"author":[{"embeddable":true,"href":"https:\/\/www.bbyhaber.com\/bby\/wp-json\/wp\/v2\/users\/1"}],"replies":[{"embeddable":true,"href":"https:\/\/www.bbyhaber.com\/bby\/wp-json\/wp\/v2\/comments?post=2216"}],"version-history":[{"count":0,"href":"https:\/\/www.bbyhaber.com\/bby\/wp-json\/wp\/v2\/posts\/2216\/revisions"}],"wp:attachment":[{"href":"https:\/\/www.bbyhaber.com\/bby\/wp-json\/wp\/v2\/media?parent=2216"}],"wp:term":[{"taxonomy":"category","embeddable":true,"href":"https:\/\/www.bbyhaber.com\/bby\/wp-json\/wp\/v2\/categories?post=2216"},{"taxonomy":"post_tag","embeddable":true,"href":"https:\/\/www.bbyhaber.com\/bby\/wp-json\/wp\/v2\/tags?post=2216"}],"curies":[{"name":"wp","href":"https:\/\/api.w.org\/{rel}","templated":true}]}}