{"id":22111,"date":"2017-06-08T15:33:25","date_gmt":"2017-06-08T12:33:25","guid":{"rendered":"http:\/\/www.bbyhaber.com\/bby\/?p=22111"},"modified":"2017-06-08T16:42:41","modified_gmt":"2017-06-08T13:42:41","slug":"osmaniye-korkut-ata-universitesinin-acmis-oldugu-bby-akademik-kadro-ilani-hakkinda-dava-acildi","status":"publish","type":"post","link":"https:\/\/www.bbyhaber.com\/bby\/2017\/06\/08\/osmaniye-korkut-ata-universitesinin-acmis-oldugu-bby-akademik-kadro-ilani-hakkinda-dava-acildi","title":{"rendered":"Osmaniye Korkut Ata \u00dcniversitesi&#8217;nin a\u00e7m\u0131\u015f oldu\u011fu BBY Akademik Kadro \u0130lan\u0131 hakk\u0131nda dava a\u00e7\u0131ld\u0131"},"content":{"rendered":"<p class=\"m_-3732665463638293653gmail-MsoNoSpacing\"><a href=\"http:\/\/www.bbyhaber.com\/bby\/wp-content\/uploads\/2017\/05\/osmaniye.jpg\"><img loading=\"lazy\" decoding=\"async\" class=\"alignleft wp-image-22002\" src=\"http:\/\/www.bbyhaber.com\/bby\/wp-content\/uploads\/2017\/05\/osmaniye.jpg\" alt=\"\" width=\"306\" height=\"153\" srcset=\"https:\/\/www.bbyhaber.com\/bby\/wp-content\/uploads\/2017\/05\/osmaniye.jpg 600w, https:\/\/www.bbyhaber.com\/bby\/wp-content\/uploads\/2017\/05\/osmaniye-300x150.jpg 300w\" sizes=\"(max-width: 306px) 100vw, 306px\" \/><\/a>TKD Genel Ba\u015fkan\u0131 Ali Fuat Kartal, Osmaniye Korkut Ata \u00dcniversitesi&#8217;nin 15 May\u0131s&#8217;da ilana \u00e7\u0131kt\u0131\u011f\u0131\u00a0 BBY Akademik Kadro \u0130lan\u0131 hakk\u0131nda dava a\u00e7\u0131ld\u0131\u011f\u0131n\u0131 bildirdi. \u015eu bilgilere de\u011finildi, &#8220;Bilgi ve Belge Y\u00f6netimi alan\u0131nda doktoras\u0131n\u0131 tamamlam\u0131\u015f onlarca meslekta\u015f\u0131m\u0131z atama beklerken, Osmaniye Korkut Ata \u00dcniversitesi Bilgi ve Belge Y\u00f6netimi B\u00f6l\u00fcm\u00fc\u2019ne al\u0131nacak olan \u00f6\u011fretim \u00fcyesi ilan\u0131nda baz\u0131 ki\u015filere adrese teslim ilan verilmesi, k\u00fct\u00fcphanecilik camias\u0131n\u0131 \u00fczm\u00fc\u015ft\u00fcr.&#8221;\u00a0<strong><a href=\"http:\/\/www.bbyhaber.com\/bby\/2017\/05\/15\/osmaniye-korkut-ata-univ-ogretim-uyesi-alim-ilani-son-basvuru-29-mayis-2017\" target=\"_blank\" rel=\"noopener noreferrer\">\u0130lan i\u00e7in t\u0131klay\u0131n\u0131z<\/a><\/strong><!--more--><\/p>\n<p class=\"m_-3732665463638293653gmail-MsoNoSpacing\">Bilgi ve Belge Y\u00f6netimi B\u00f6l\u00fcmlerinde verilen e\u011fitim ve konu uzmanl\u0131\u011f\u0131 ile yak\u0131ndan uzaktan ilgisi olmad\u0131\u011f\u0131 g\u00f6r\u00fclen bu ilan\u0131n iptali i\u00e7in TKD olarak \u00f6nce Y\u00d6K\u2019e yaz\u0131 yaz\u0131lm\u0131\u015f, d\u00fcn (07.06.2017) itibar\u0131 ile de \u00f6ncelikle y\u00fcr\u00fctmenin durdurulmas\u0131 ve bu idari i\u015flemin iptali i\u00e7in \u0130dare Mahkemesine dava a\u00e7\u0131lm\u0131\u015ft\u0131r.Umar\u0131m dava mesle\u011fimiz ad\u0131na \u00a0olumlu sonu\u00e7lan\u0131r.&#8221;<\/p>\n<p class=\"m_-3732665463638293653gmail-MsoNoSpacing\"><a href=\"http:\/\/www.bbyhaber.com\/bby\/2017\/05\/17\/akademik-kadro-ilaninin-dusundurdukleri-ankara-univ-bby\"><strong>Konuyla ilgili g\u00f6r\u00fc\u015fler i\u00e7in t\u0131klay\u0131n\u0131z<\/strong><\/a><\/p>\n","protected":false},"excerpt":{"rendered":"<p>TKD Genel Ba\u015fkan\u0131 Ali Fuat Kartal, Osmaniye Korkut Ata \u00dcniversitesi&#8217;nin 15 May\u0131s&#8217;da ilana \u00e7\u0131kt\u0131\u011f\u0131\u00a0 BBY Akademik Kadro \u0130lan\u0131 hakk\u0131nda dava a\u00e7\u0131ld\u0131\u011f\u0131n\u0131 bildirdi. \u015eu bilgilere de\u011finildi, &#8220;Bilgi ve Belge Y\u00f6netimi alan\u0131nda doktoras\u0131n\u0131 tamamlam\u0131\u015f onlarca meslekta\u015f\u0131m\u0131z atama beklerken, Osmaniye Korkut Ata \u00dcniversitesi Bilgi ve Belge Y\u00f6netimi B\u00f6l\u00fcm\u00fc\u2019ne al\u0131nacak olan \u00f6\u011fretim \u00fcyesi ilan\u0131nda baz\u0131 ki\u015filere adrese teslim ilan [&hellip;]<\/p>\n","protected":false},"author":1,"featured_media":22002,"comment_status":"open","ping_status":"open","sticky":false,"template":"","format":"standard","meta":{"footnotes":""},"categories":[1],"tags":[],"class_list":["post-22111","post","type-post","status-publish","format-standard","has-post-thumbnail","hentry","category-genel"],"_links":{"self":[{"href":"https:\/\/www.bbyhaber.com\/bby\/wp-json\/wp\/v2\/posts\/22111"}],"collection":[{"href":"https:\/\/www.bbyhaber.com\/bby\/wp-json\/wp\/v2\/posts"}],"about":[{"href":"https:\/\/www.bbyhaber.com\/bby\/wp-json\/wp\/v2\/types\/post"}],"author":[{"embeddable":true,"href":"https:\/\/www.bbyhaber.com\/bby\/wp-json\/wp\/v2\/users\/1"}],"replies":[{"embeddable":true,"href":"https:\/\/www.bbyhaber.com\/bby\/wp-json\/wp\/v2\/comments?post=22111"}],"version-history":[{"count":3,"href":"https:\/\/www.bbyhaber.com\/bby\/wp-json\/wp\/v2\/posts\/22111\/revisions"}],"predecessor-version":[{"id":22119,"href":"https:\/\/www.bbyhaber.com\/bby\/wp-json\/wp\/v2\/posts\/22111\/revisions\/22119"}],"wp:featuredmedia":[{"embeddable":true,"href":"https:\/\/www.bbyhaber.com\/bby\/wp-json\/wp\/v2\/media\/22002"}],"wp:attachment":[{"href":"https:\/\/www.bbyhaber.com\/bby\/wp-json\/wp\/v2\/media?parent=22111"}],"wp:term":[{"taxonomy":"category","embeddable":true,"href":"https:\/\/www.bbyhaber.com\/bby\/wp-json\/wp\/v2\/categories?post=22111"},{"taxonomy":"post_tag","embeddable":true,"href":"https:\/\/www.bbyhaber.com\/bby\/wp-json\/wp\/v2\/tags?post=22111"}],"curies":[{"name":"wp","href":"https:\/\/api.w.org\/{rel}","templated":true}]}}