{"id":22105,"date":"2017-06-08T15:28:27","date_gmt":"2017-06-08T12:28:27","guid":{"rendered":"http:\/\/www.bbyhaber.com\/bby\/?p=22105"},"modified":"2017-06-08T16:25:32","modified_gmt":"2017-06-08T13:25:32","slug":"bulent-ecevit-universitesinin-ikinci-kutuphanesi-ibn-i-sina-kampusunde-hizmete-acildi","status":"publish","type":"post","link":"https:\/\/www.bbyhaber.com\/bby\/2017\/06\/08\/bulent-ecevit-universitesinin-ikinci-kutuphanesi-ibn-i-sina-kampusunde-hizmete-acildi","title":{"rendered":"B\u00fclent Ecevit \u00dcniversitesi&#8217;nin ikinci k\u00fct\u00fcphanesi \u0130bn-i Sina Kamp\u00fcs\u00fc\u2019nde hizmete a\u00e7\u0131ld\u0131"},"content":{"rendered":"<p>B\u00fclent Ecevit \u00dcniversitesi 7\/24 a\u00e7\u0131k ikinci k\u00fct\u00fcphanesi \u0130bn-i Sina Kamp\u00fcs\u00fc&#8217;nde hizmete girdi. B\u00fclent Ecevit \u00dcniversitesi Farabi Kamp\u00fcs\u00fcnde d\u00f6rt y\u0131ld\u0131r 7\/24 hizmet veren ve ayl\u0131k kullan\u0131c\u0131 say\u0131s\u0131 100 bini a\u015fan k\u00fct\u00fcphaneden sonra \u0130bn-i Sina kamp\u00fcs\u00fcnde yap\u0131m\u0131 tamamlanan \u0130bn-i Sina K\u00fct\u00fcphanesi de 7\/24 a\u00e7\u0131k olacak \u015fekilde hizmete al\u0131nd\u0131. Hizmete al\u0131nan k\u00fct\u00fcphanenin ilk konuklar\u0131 BE\u00dc \u00d6\u011frenci Konseyi Ba\u015fkan\u0131 G\u00f6ktu\u011f Karag\u00f6z ve \u00f6\u011frenci temsilcileri oldu.<!--more--><\/p>\n<p>Konuyla ilgili bir a\u00e7\u0131klama yapan B\u00fclent Ecevit \u00dcniversitesi Rekt\u00f6r\u00fc Prof. Dr. Mahmut \u00d6zer \u015funlar\u0131 s\u00f6yledi: &#8220;B\u00fclent Ecevit \u00dcniversitesi olarak \u00f6\u011frencilerimize kaliteli e\u011fitim verebilmek i\u00e7in e\u011fitim altyap\u0131s\u0131ndan, laboratuvarlara, spor alanlar\u0131ndan sosyal donat\u0131lara kadar \u00e7ok say\u0131da yat\u0131r\u0131m\u0131 t\u00fcm kamp\u00fcslerimizde hizmete ald\u0131k. T\u00fcm kamp\u00fcslerimiz i\u00e7in nihai hedefimiz 7\/24 ya\u015fayan kamp\u00fcslere sahip olmak. Bu amaca ula\u015fmada k\u00fct\u00fcphanelerimiz \u00e7ok \u00f6nemli bir yer tutmaktad\u0131r. Farabi kamp\u00fcs\u00fcnde yapt\u0131\u011f\u0131m\u0131z k\u00fct\u00fcphaneyi be\u015f sene \u00f6nce hizmete alm\u0131\u015ft\u0131k. K\u00fct\u00fcphanemiz d\u00f6rt y\u0131ld\u0131r 7\/24 a\u00e7\u0131k kullan\u0131c\u0131lar\u0131n hizmetindedir. Ve art\u0131k Farabi kamp\u00fcs\u00fcm\u00fcz 7\/24 ya\u015fayan bir kamp\u00fcse d\u00f6n\u00fc\u015fm\u00fc\u015ft\u00fcr. K\u00fct\u00fcphanenin ayl\u0131k kullan\u0131c\u0131 say\u0131s\u0131 100 bini a\u015fm\u0131\u015ft\u0131r. K\u00fct\u00fcphane sadece \u00f6\u011frencilerimiz ve \u00e7al\u0131\u015fanlar\u0131m\u0131z taraf\u0131ndan de\u011fil halk taraf\u0131ndan da aktif bir \u015fekilde kullan\u0131lmaktad\u0131r. Be\u015f sene \u00f6nce 30 binler civar\u0131nda olan bas\u0131l\u0131 kaynak bug\u00fcn 160 binleri ge\u00e7mi\u015ftir. Di\u011fer taraftan e-kitap say\u0131m\u0131z 6,5 milyonun \u00fczerinde olup T\u00fcrkiye&#8217;de elektronik kitap bak\u0131m\u0131ndan en zengin ikinci \u00fcniversitesi konumunday\u0131z. Ayn\u0131 yat\u0131r\u0131m\u0131 yo\u011funluk bak\u0131m\u0131ndan ikinci s\u0131rada olan \u0130bn-i Sina kamp\u00fcs\u00fcm\u00fczde de hizmete almaktan b\u00fcy\u00fck mutluluk duyuyorum. \u0130bn-i Sina K\u00fct\u00fcphanemiz 8 Haziran 2017 Per\u015fembe g\u00fcn\u00fc itibariyle 7\/24 a\u00e7\u0131k hizmet vermeye ba\u015flayacakt\u0131r. \u0130bn-i Sina kamp\u00fcs\u00fcm\u00fczde art\u0131k 7\/24 ya\u015fayan kamp\u00fcse d\u00f6n\u00fc\u015fecektir. Bu yat\u0131r\u0131mlar\u0131m\u0131z s\u0131ras\u0131yla di\u011fer kamp\u00fcslerimizde de devam edecektir. S\u00fcre\u00e7leri ba\u015far\u0131yla takip eden t\u00fcm \u00e7al\u0131\u015fma arkada\u015flar\u0131ma \u015f\u00fckranlar\u0131m\u0131 sunuyorum. K\u00fct\u00fcphanenin \u00fcniversitemize ve Zonguldak&#8217;a hay\u0131rl\u0131 olmas\u0131n\u0131 diliyorum.&#8221;<\/p>\n<p>BE\u00dc Genel Sekreteri Ertu\u011frul Karalar ve ilgili daire ba\u015fkanlar\u0131 e\u015fli\u011finde k\u00fct\u00fcphaneyi gezen \u00f6\u011frenciler manzaras\u0131yla, konforuyla ve imkanlar\u0131yla \u00e7ok g\u00fczel bir k\u00fct\u00fcphane oldu\u011funu s\u00f6yleyerek eme\u011fi ge\u00e7enlere te\u015fekk\u00fcr ettiler.<\/p>\n<p><a href=\"http:\/\/w3.beun.edu.tr\" target=\"_blank\" rel=\"noopener noreferrer\">Kaynak<\/a><\/p>\n<p><a href=\"http:\/\/www.bbyhaber.com\/bby\/wp-content\/uploads\/2017\/06\/DSC4076-compressor.jpg\"><img loading=\"lazy\" decoding=\"async\" class=\"alignleft wp-image-22106\" src=\"http:\/\/www.bbyhaber.com\/bby\/wp-content\/uploads\/2017\/06\/DSC4076-compressor.jpg\" alt=\"\" width=\"182\" height=\"121\" srcset=\"https:\/\/www.bbyhaber.com\/bby\/wp-content\/uploads\/2017\/06\/DSC4076-compressor.jpg 800w, https:\/\/www.bbyhaber.com\/bby\/wp-content\/uploads\/2017\/06\/DSC4076-compressor-300x200.jpg 300w, https:\/\/www.bbyhaber.com\/bby\/wp-content\/uploads\/2017\/06\/DSC4076-compressor-768x512.jpg 768w, https:\/\/www.bbyhaber.com\/bby\/wp-content\/uploads\/2017\/06\/DSC4076-compressor-310x205.jpg 310w\" sizes=\"(max-width: 182px) 100vw, 182px\" \/><\/a> <a href=\"http:\/\/www.bbyhaber.com\/bby\/wp-content\/uploads\/2017\/06\/DSC4052-compressor.jpg\"><img loading=\"lazy\" decoding=\"async\" class=\"alignleft wp-image-22107\" src=\"http:\/\/www.bbyhaber.com\/bby\/wp-content\/uploads\/2017\/06\/DSC4052-compressor.jpg\" alt=\"\" width=\"197\" height=\"131\" srcset=\"https:\/\/www.bbyhaber.com\/bby\/wp-content\/uploads\/2017\/06\/DSC4052-compressor.jpg 800w, https:\/\/www.bbyhaber.com\/bby\/wp-content\/uploads\/2017\/06\/DSC4052-compressor-300x200.jpg 300w, https:\/\/www.bbyhaber.com\/bby\/wp-content\/uploads\/2017\/06\/DSC4052-compressor-768x512.jpg 768w, https:\/\/www.bbyhaber.com\/bby\/wp-content\/uploads\/2017\/06\/DSC4052-compressor-310x205.jpg 310w\" sizes=\"(max-width: 197px) 100vw, 197px\" \/><\/a><\/p>\n<p><a href=\"http:\/\/www.bbyhaber.com\/bby\/wp-content\/uploads\/2017\/06\/DSC4072-compressor.jpg\"><img loading=\"lazy\" decoding=\"async\" class=\"alignleft wp-image-22108\" src=\"http:\/\/www.bbyhaber.com\/bby\/wp-content\/uploads\/2017\/06\/DSC4072-compressor.jpg\" alt=\"\" width=\"170\" height=\"113\" srcset=\"https:\/\/www.bbyhaber.com\/bby\/wp-content\/uploads\/2017\/06\/DSC4072-compressor.jpg 800w, https:\/\/www.bbyhaber.com\/bby\/wp-content\/uploads\/2017\/06\/DSC4072-compressor-300x200.jpg 300w, https:\/\/www.bbyhaber.com\/bby\/wp-content\/uploads\/2017\/06\/DSC4072-compressor-768x512.jpg 768w, https:\/\/www.bbyhaber.com\/bby\/wp-content\/uploads\/2017\/06\/DSC4072-compressor-310x205.jpg 310w\" sizes=\"(max-width: 170px) 100vw, 170px\" \/><\/a> <a href=\"http:\/\/www.bbyhaber.com\/bby\/wp-content\/uploads\/2017\/06\/DSC4103-compressor.jpg\"><img loading=\"lazy\" decoding=\"async\" class=\"alignleft wp-image-22109\" src=\"http:\/\/www.bbyhaber.com\/bby\/wp-content\/uploads\/2017\/06\/DSC4103-compressor.jpg\" alt=\"\" width=\"174\" height=\"116\" srcset=\"https:\/\/www.bbyhaber.com\/bby\/wp-content\/uploads\/2017\/06\/DSC4103-compressor.jpg 800w, https:\/\/www.bbyhaber.com\/bby\/wp-content\/uploads\/2017\/06\/DSC4103-compressor-300x200.jpg 300w, https:\/\/www.bbyhaber.com\/bby\/wp-content\/uploads\/2017\/06\/DSC4103-compressor-768x512.jpg 768w, https:\/\/www.bbyhaber.com\/bby\/wp-content\/uploads\/2017\/06\/DSC4103-compressor-310x205.jpg 310w\" sizes=\"(max-width: 174px) 100vw, 174px\" \/><\/a><\/p>\n<p>&nbsp;<\/p>\n<p>&nbsp;<\/p>\n<p>&nbsp;<\/p>\n<p>&nbsp;<\/p>\n<p><a href=\"http:\/\/www.bbyhaber.com\/bby\/wp-content\/uploads\/2017\/06\/18920514_447871092243341_2671905849483175213_n.jpg\"><img loading=\"lazy\" decoding=\"async\" class=\"alignleft wp-image-22113\" src=\"http:\/\/www.bbyhaber.com\/bby\/wp-content\/uploads\/2017\/06\/18920514_447871092243341_2671905849483175213_n.jpg\" alt=\"\" width=\"114\" height=\"152\" srcset=\"https:\/\/www.bbyhaber.com\/bby\/wp-content\/uploads\/2017\/06\/18920514_447871092243341_2671905849483175213_n.jpg 720w, https:\/\/www.bbyhaber.com\/bby\/wp-content\/uploads\/2017\/06\/18920514_447871092243341_2671905849483175213_n-225x300.jpg 225w\" sizes=\"(max-width: 114px) 100vw, 114px\" \/><\/a> <a href=\"http:\/\/www.bbyhaber.com\/bby\/wp-content\/uploads\/2017\/06\/18951256_447870955576688_7074278054695186126_n.jpg\"><img loading=\"lazy\" decoding=\"async\" class=\"alignleft wp-image-22114\" src=\"http:\/\/www.bbyhaber.com\/bby\/wp-content\/uploads\/2017\/06\/18951256_447870955576688_7074278054695186126_n.jpg\" alt=\"\" width=\"106\" height=\"141\" srcset=\"https:\/\/www.bbyhaber.com\/bby\/wp-content\/uploads\/2017\/06\/18951256_447870955576688_7074278054695186126_n.jpg 720w, https:\/\/www.bbyhaber.com\/bby\/wp-content\/uploads\/2017\/06\/18951256_447870955576688_7074278054695186126_n-225x300.jpg 225w\" sizes=\"(max-width: 106px) 100vw, 106px\" \/><\/a><\/p>\n","protected":false},"excerpt":{"rendered":"<p>B\u00fclent Ecevit \u00dcniversitesi 7\/24 a\u00e7\u0131k ikinci k\u00fct\u00fcphanesi \u0130bn-i Sina Kamp\u00fcs\u00fc&#8217;nde hizmete girdi. B\u00fclent Ecevit \u00dcniversitesi Farabi Kamp\u00fcs\u00fcnde d\u00f6rt y\u0131ld\u0131r 7\/24 hizmet veren ve ayl\u0131k kullan\u0131c\u0131 say\u0131s\u0131 100 bini a\u015fan k\u00fct\u00fcphaneden sonra \u0130bn-i Sina kamp\u00fcs\u00fcnde yap\u0131m\u0131 tamamlanan \u0130bn-i Sina K\u00fct\u00fcphanesi de 7\/24 a\u00e7\u0131k olacak \u015fekilde hizmete al\u0131nd\u0131. Hizmete al\u0131nan k\u00fct\u00fcphanenin ilk konuklar\u0131 BE\u00dc \u00d6\u011frenci Konseyi Ba\u015fkan\u0131 [&hellip;]<\/p>\n","protected":false},"author":1,"featured_media":22109,"comment_status":"open","ping_status":"open","sticky":false,"template":"","format":"standard","meta":{"footnotes":""},"categories":[1],"tags":[],"class_list":["post-22105","post","type-post","status-publish","format-standard","has-post-thumbnail","hentry","category-genel"],"_links":{"self":[{"href":"https:\/\/www.bbyhaber.com\/bby\/wp-json\/wp\/v2\/posts\/22105"}],"collection":[{"href":"https:\/\/www.bbyhaber.com\/bby\/wp-json\/wp\/v2\/posts"}],"about":[{"href":"https:\/\/www.bbyhaber.com\/bby\/wp-json\/wp\/v2\/types\/post"}],"author":[{"embeddable":true,"href":"https:\/\/www.bbyhaber.com\/bby\/wp-json\/wp\/v2\/users\/1"}],"replies":[{"embeddable":true,"href":"https:\/\/www.bbyhaber.com\/bby\/wp-json\/wp\/v2\/comments?post=22105"}],"version-history":[{"count":4,"href":"https:\/\/www.bbyhaber.com\/bby\/wp-json\/wp\/v2\/posts\/22105\/revisions"}],"predecessor-version":[{"id":22117,"href":"https:\/\/www.bbyhaber.com\/bby\/wp-json\/wp\/v2\/posts\/22105\/revisions\/22117"}],"wp:featuredmedia":[{"embeddable":true,"href":"https:\/\/www.bbyhaber.com\/bby\/wp-json\/wp\/v2\/media\/22109"}],"wp:attachment":[{"href":"https:\/\/www.bbyhaber.com\/bby\/wp-json\/wp\/v2\/media?parent=22105"}],"wp:term":[{"taxonomy":"category","embeddable":true,"href":"https:\/\/www.bbyhaber.com\/bby\/wp-json\/wp\/v2\/categories?post=22105"},{"taxonomy":"post_tag","embeddable":true,"href":"https:\/\/www.bbyhaber.com\/bby\/wp-json\/wp\/v2\/tags?post=22105"}],"curies":[{"name":"wp","href":"https:\/\/api.w.org\/{rel}","templated":true}]}}