{"id":22100,"date":"2017-06-08T08:39:53","date_gmt":"2017-06-08T05:39:53","guid":{"rendered":"http:\/\/www.bbyhaber.com\/bby\/?p=22100"},"modified":"2018-10-10T14:27:12","modified_gmt":"2018-10-10T11:27:12","slug":"muze-arsiv-ve-kutuphanelerde-yeni-acilimlar-makya-2017-calistayi-basladi","status":"publish","type":"post","link":"https:\/\/www.bbyhaber.com\/bby\/2017\/06\/08\/muze-arsiv-ve-kutuphanelerde-yeni-acilimlar-makya-2017-calistayi-basladi","title":{"rendered":"M\u00fcze, Ar\u015fiv ve K\u00fct\u00fcphanelerde Yeni A\u00e7\u0131l\u0131mlar- MAKYA 2017 \u00e7al\u0131\u015ftay\u0131 ba\u015flad\u0131"},"content":{"rendered":"<p><a href=\"http:\/\/www.bbyhaber.com\/bby\/wp-content\/uploads\/2017\/06\/f2b1580f4ac42fdc6fbf33da81edf2a0.jpg\"><img loading=\"lazy\" decoding=\"async\" class=\"alignleft wp-image-22101\" src=\"http:\/\/www.bbyhaber.com\/bby\/wp-content\/uploads\/2017\/06\/f2b1580f4ac42fdc6fbf33da81edf2a0.jpg\" alt=\"\" width=\"297\" height=\"180\" srcset=\"https:\/\/www.bbyhaber.com\/bby\/wp-content\/uploads\/2017\/06\/f2b1580f4ac42fdc6fbf33da81edf2a0.jpg 660w, https:\/\/www.bbyhaber.com\/bby\/wp-content\/uploads\/2017\/06\/f2b1580f4ac42fdc6fbf33da81edf2a0-300x182.jpg 300w\" sizes=\"(max-width: 297px) 100vw, 297px\" \/><\/a>Cumhuriyet Meclisi Ba\u015fkanl\u0131\u011f\u0131 ve K\u00fclt\u00fcrel Varl\u0131klar\u0131 Koruma Komitesi\u2019nin, Cumhurba\u015fkanl\u0131\u011f\u0131, Ba\u015fbakanl\u0131k, D\u0131\u015fi\u015fleri, Milli E\u011fitim ve K\u00fclt\u00fcr ile Turizm ve \u00c7evre Bakanl\u0131\u011f\u0131\u2019n\u0131n katk\u0131lar\u0131yla d\u00fczenledi\u011fi \u201c<strong>M\u00fcze, Ar\u015fiv ve K\u00fct\u00fcphanelerde Yeni A\u00e7\u0131l\u0131mlar- MAKYA 2017<\/strong>\u201d \u00e7al\u0131\u015ftay\u0131 d\u00fcnn Girne Vuni Palace Otel\u2019de ba\u015flad\u0131. \u00c7al\u0131\u015ftay, k\u00fclt\u00fcrel miras\u0131, sanatsal ve fikirsel \u00fcretimi ve devlet haf\u0131zas\u0131n\u0131 bir araya getirebilmeyi, teknolojik d\u00f6n\u00fc\u015f\u00fcm\u00fc ve\u00a0tarafs\u0131z bilgiye h\u0131zl\u0131 bir \u015fekilde eri\u015fimi sa\u011flamay\u0131, d\u00fcnyayla payla\u015fmay\u0131 ama\u00e7l\u0131yor.<!--more--><\/p>\n<p>\u0130ki g\u00fcn s\u00fcrecek \u00e7al\u0131\u015ftay; Ulu \u00d6nder Mustafa Kemal Atat\u00fcrk, Kurucu Cumhurba\u015fkan\u0131 Rauf Denkta\u015f, Toplum Lideri Dr. Faz\u0131l K\u00fc\u00e7\u00fck, e\u011fitimciler ve \u015fehitler an\u0131s\u0131na sayg\u0131 duru\u015fu ve \u0130stikal Mar\u015f\u0131 ile\u00a0 ba\u015flad\u0131. Bunu, tan\u0131t\u0131m filminin ard\u0131ndan a\u00e7\u0131l\u0131\u015f konu\u015fmalar\u0131 izledi. Konu\u015fmalar\u0131; K\u00fclt\u00fcrel Varl\u0131klar\u0131 Koruma Komitesi Ba\u015fkan\u0131, Cumhuriyet Meclisi Ba\u015fkan\u0131 Sibel Siber ile Milli E\u011fitim ve K\u00fclt\u00fcr Bakan\u0131 \u00d6zdemir Berova ger\u00e7ekle\u015ftirdi.<\/p>\n<p>\u00c7al\u0131\u015ftaya daha sonra sunumlarla devam edildi.<\/p>\n<p>Sunumlar\u0131; Anadalu Ajans\u0131 Ar\u015fiv M\u00fcd\u00fcr\u00fc H\u00fcseyin \u00dcnal, Vehbi Ko\u00e7 Ankara Ara\u015ft\u0131rma Merkezi (VEKAM) M\u00fcd\u00fcr\u00fc Prof. Filiz Yeni\u015fehirlio\u011flu, <strong>Hacettepe \u00dcniversitesi Bilgi ve Belge Y\u00f6netimi (BBY) B\u00f6l\u00fcm Ba\u015fkan\u0131 Prof. B\u00fclent Y\u0131lmaz<\/strong> ve ara\u015ft\u0131rmac\u0131 yazar \u0130smail Bozkurt ger\u00e7ekle\u015ftirdi.<\/p>\n<p>\u00c7al\u0131\u015ftay, daha sonra 5 farkl\u0131 konu ba\u015fl\u0131\u011f\u0131nda uzmanlardan kurulu \u00e7al\u0131\u015fma masalar\u0131n\u0131n 20\u2019\u015ferli gruplar halinde konu ile ilgili fikir \u00fcretip \u00e7\u00f6z\u00fcm \u00f6nerileri getirece\u011fi grup \u00e7al\u0131\u015fmalar\u0131yla s\u00fcrd\u00fc.<\/p>\n<p>\u00c7al\u0131\u015ftaya yar\u0131n 09:30\u2019da \u00e7al\u0131\u015fma masalar\u0131n\u0131n yapaca\u011f\u0131 durum tespiti ve \u00e7\u00f6z\u00fcm \u00f6nerileri ve sunumlarla devam edilecek.<\/p>\n<p>\u201cM\u00fcze, Ar\u015fiv ve K\u00fct\u00fcphanelerde Yeni A\u00e7\u0131l\u0131mlar- MAKYA 2017\u201d, \u00e7al\u0131\u015fma masalar\u0131n\u0131n haz\u0131rlayaca\u011f\u0131 sonu\u00e7 bildirgesini kat\u0131l\u0131mc\u0131larla payla\u015fmas\u0131 ile sona erecek.<\/p>\n<p><strong>\u00c7al\u0131\u015ftay\u0131n sonu\u00e7 bildirgesi 9 Haziran Uluslararas\u0131 Ar\u015fiv G\u00fcn\u00fc\u2019nde Cumhuriyet Meclisi\u2019nde a\u00e7\u0131klanacak.<\/strong><\/p>\n<p>\u00c7al\u0131\u015ftaya, Cumhuriyet Meclisi Ba\u015fkan\u0131, K\u00fclt\u00fcrel Varl\u0131klar\u0131 Koruma Komitesi Ba\u015fkan\u0131 Sibel Siber, Y\u00fcksek Mahkeme Ba\u015fkan\u0131 Narin Ferdi \u015eefik, D\u0131\u015fi\u015fleri Bakan\u0131 Tahsin Ertu\u011frulo\u011flu, Milli E\u011fitim ve K\u00fclt\u00fcr Bakan\u0131 \u00d6zdemir Berova, Ombudsman Emine Dizdarl\u0131,CTP Milletvekili Mehmet \u00c7a\u011flar, ilgili bakanl\u0131klar\u0131n daire m\u00fcd\u00fcrleri, ara\u015ft\u0131rmac\u0131 yazar ve uzmanlar, kurum kurulu\u015f, sivil toplum \u00f6rg\u00fctleri ile \u00f6zel m\u00fczelerin temsilcileri kat\u0131ld\u0131.<\/p>\n<p><strong>Berova: K\u00fclt\u00fcrel miras\u0131 koruma ve yeni nesillere aktarma bir devlet ve toplumun devam\u0131 a\u00e7\u0131s\u0131ndan \u00e7ok \u00f6nemli<\/strong><\/p>\n<p>Milli E\u011fitim ve K\u00fclt\u00fcr Bakan\u0131 \u00d6zdemir Berova yapt\u0131\u011f\u0131 konu\u015fmada, k\u00fclt\u00fcrel miras\u0131 koruma ve yeni nesillere aktarman\u0131n bir devlet ve toplumun devam\u0131 a\u00e7\u0131s\u0131ndan b\u00fcy\u00fck \u00f6nem ta\u015f\u0131d\u0131\u011f\u0131n\u0131 kaydetti.<\/p>\n<p><strong>\u201cK\u00fclt\u00fcr\u00fcn\u00fc kaybetmi\u015f \u00fclke ve toplumlar\u0131n ya\u015fam \u015fans\u0131 yok\u201d<\/strong><\/p>\n<p>\u201cK\u00fclt\u00fcr\u00fcn\u00fc kaybetmi\u015f toplumlar\u0131n bir \u00fclke olarak ya\u015fam\u0131na devam etme \u015fans\u0131 yoktur. K\u00fclt\u00fcrel miras\u0131 korumak, yeni nesillere aktarmak esas konu ise k\u00fclt\u00fcrel miras\u0131 korumaktan ne anlamal\u0131y\u0131z sorusu g\u00fcndeme gelir.<\/p>\n<p>K\u00fclt\u00fcrel miras i\u00e7erisindeki eser ve de\u011ferleri kasalarda saklamak ve saklanan bu eserlere eri\u015fimi engellemek ve b\u00f6ylelikle kullan\u0131m\u0131n\u0131 \u00f6nlemek ise bu koruma anlam\u0131na gelmez\u201d diyen Berova, Milli E\u011fitim ve K\u00fclt\u00fcr Bakanl\u0131\u011f\u0131\u2019n\u0131n bu nedenlerle \u00e7al\u0131\u015ftaya b\u00fcy\u00fck \u00f6nem verdi\u011fini vurgulad\u0131.<\/p>\n<p>De\u011fi\u015fen, \u00e7a\u011fda\u015fla\u015fan, bilgi teknolojileri artan d\u00fcnyada iyi konseptler geli\u015ftirmenin zaruri oldu\u011funu ifade eden Berova, KKTC genelinde bakanl\u0131\u011fa ba\u011fl\u0131 8 halk k\u00fct\u00fcphanesi bulundu\u011funu s\u00f6yledi.<\/p>\n<p><strong>\u201cK\u00dcT\u00dcPHANELERDEN FAYDALANMA ORANI \u00c7OK D\u00dc\u015e\u00dcK\u201d<\/strong><\/p>\n<p>\u0130statistiklere bak\u0131ld\u0131\u011f\u0131nda bu k\u00fct\u00fcphanelerden faydalanan ki\u015fi say\u0131s\u0131n\u0131n y\u0131ll\u0131k 70 bin civar\u0131nda oldu\u011funu ifade eden Berova, bu oran\u0131n\u0131n \u00fclke n\u00fcfusuna g\u00f6re \u00e7ok az oldu\u011fu ve k\u00fct\u00fcphanelerden yararlanma oran\u0131n\u0131 art\u0131rmak gerekti\u011fine i\u015faret etti.<\/p>\n<p><strong>\u201cSa\u011fl\u0131kl\u0131 bilgiye sa\u011fl\u0131kl\u0131 yerlerden ula\u015fma\u201d<\/strong><\/p>\n<p>Bug\u00fcn\u00fcn d\u00fcnyas\u0131nda bilgisayarlar\u0131n cep telefonlar\u0131na girdi\u011fini ve bilgiye ula\u015fma y\u00f6ntemlerinin \u00e7ok geli\u015fti\u011fini belirten Berova, burada \u00f6nemli olan noktan\u0131n sa\u011fl\u0131kl\u0131 bilgiye, sa\u011fl\u0131kl\u0131 yerlerden ula\u015fabilmenin \u00f6n\u00fcn\u00fc a\u00e7mak oldu\u011funu vurgulad\u0131.<\/p>\n<p>\u00c7al\u0131\u015ftay\u0131 bu nedenle \u00e7ok \u00f6nemsediklerini ifade eden Berova, \u00e7al\u0131\u015ftaydan \u00e7\u0131kacak sonu\u00e7lardan; m\u00fcze, ar\u015fiv ve k\u00fct\u00fcphanelerin yeni d\u00f6nemde nas\u0131l organize olaca\u011f\u0131 yan\u0131nda halk ile \u00fclkeyi gezmeye gelen turistlerin\u00a0 bunlardan nas\u0131l yararlanabilece\u011finin b\u00fcy\u00fck \u00f6nem ta\u015f\u0131d\u0131\u011f\u0131n\u0131 kaydetti.<\/p>\n<p><strong>Siber D\u00fcn\u00fc bug\u00fcne, bug\u00fcn\u00fc gelece\u011fe ta\u015f\u0131yacak olman\u0131n ortak ruh ve heyecan\u0131n\u0131 ya\u015f\u0131yoruz<\/strong><\/p>\n<p>Cumhuriyet Meclisi Ba\u015fkan\u0131, K\u00fclt\u00fcrel Varl\u0131klar\u0131 Koruma Komitesi Ba\u015fkan\u0131 Sibel Siber ise \u00e7al\u0131\u015ftaya kat\u0131lan herkesin; d\u00fcn\u00fc bug\u00fcne, bug\u00fcn\u00fc gelece\u011fe ta\u015f\u0131man\u0131n ortak ruh ve heyecan\u0131n\u0131 ta\u015f\u0131d\u0131\u011f\u0131n\u0131 s\u00f6yledi.<\/p>\n<p><strong>\u201cB\u00fcy\u00fck bir tarihi k\u00fclt\u00fcrel zenginli\u011fimiz var\u201d<\/strong><\/p>\n<p>K\u00fc\u00e7\u00fck bir co\u011frafyada ya\u015fayan ve az bir n\u00fcfusa sahip K\u0131br\u0131s T\u00fcrk toplumunun \u00e7ok b\u00fcy\u00fck bir tarihi k\u00fclt\u00fcrel zenginli\u011fi bulundu\u011funu ifade eden Siber, bunun fark\u0131nda olup bu bilgileri uygun bilgilendirme tekniklerine g\u00f6re ar\u015fivlendirme ve bilgiye ula\u015f\u0131m\u0131 kolayla\u015ft\u0131rma ve payla\u015f\u0131m\u0131 sa\u011flayabilmenin \u00fclke ve d\u00fcnya i\u00e7in b\u00fcy\u00fck \u00f6nem ta\u015f\u0131d\u0131\u011f\u0131n\u0131 vurgulad\u0131.<\/p>\n<p><strong>Kurumlarla temas\u2026<\/strong><\/p>\n<p>Siber,bu konuda harekete ge\u00e7en Meclis Bakanl\u0131\u011f\u0131 ve K\u00fclt\u00fcrel Varl\u0131klar\u0131 Koruma Komitesi\u2019nin ilgili kurumlarla yapt\u0131klar\u0131 temaslarda kurumlar\u0131n bundan heyecan duydu\u011fu ve ortak \u00e7al\u0131\u015fma yapma iste\u011fi g\u00f6sterdi\u011fini kaydetti.<\/p>\n<p><strong>Durum tespiti<\/strong><\/p>\n<p>\u201cBir durum tespiti yapt\u0131k. Biz nerdeyiz acaba? Maalesef durum tespiti morallerimizi y\u00fcksek tutacak bir durumda de\u011fil. Kurumlar\u0131m\u0131z veya sivil toplum \u00f6rg\u00fctlerimiz ki\u015fisel bilgileri topluyorlar ama bu bilgilerin toplanmas\u0131, s\u0131n\u0131fland\u0131r\u0131lmas\u0131 veya payla\u015f\u0131lmas\u0131 konusunda \u00e7ok b\u00fcy\u00fck eksikliklerimiz var. Devlet kurumlar\u0131nda da \u00f6yle. Kurumlar\u0131n ayr\u0131 ayr\u0131 bilgi toplad\u0131\u011f\u0131n\u0131 g\u00f6r\u00fcyoruz. Bu hem emek hem maddi kayba yol a\u00e7an bir olay.<\/p>\n<p>Halbuki kurumlararas\u0131 ileti\u015fim ve bilginin organize, \u00e7a\u011fda\u015f bir \u015fekilde toplanmas\u0131 ve payla\u015f\u0131m\u0131 ve bilgiye ula\u015f\u0131lmas\u0131 \u00e7ok daha etkin olacakt\u0131r\u201d diyen Siber, ya\u015fan\u0131lan bilgi \u00e7a\u011f\u0131nda do\u011fru bilgiye ula\u015fabilmenin g\u00fc\u00e7l\u00fcklerine dikkat \u00e7ekti.<\/p>\n<p><strong>\u201cDo\u011fru ve ger\u00e7ek bilgiyi ar\u015fivleyip gelecek nesillerle payla\u015fma \u00f6nemli\u201d<\/strong><\/p>\n<p>\u00d6zellikle bilgi \u00fcreten ve payla\u015fan kurumlar\u0131n bunun g\u00fc\u00e7l\u00fcklerini iyi bildi\u011fini de belirten Siber, kirli bilginin yay\u0131lmamas\u0131, kay\u0131t alt\u0131na al\u0131nmamas\u0131; do\u011fru ve ger\u00e7ek bilginin iyi \u015fekilde toplan\u0131p, ar\u015fivlenip gelecek nesiller ile payla\u015f\u0131lmas\u0131n\u0131n \u00f6nemine vurgu yapt\u0131.<\/p>\n<p><strong>Toplumsal bellek\u2026<\/strong><\/p>\n<p>Toplumsal belle\u011fin bu oldu\u011funu da ifade eden Siber, toplumsal belle\u011fi bulunmayan toplumlar\u0131n ilelebet yok olmaya mahkum oldu\u011funu kaydetti.<\/p>\n<p>Siber, bir toplumun g\u00fcc\u00fcn\u00fcn, ge\u00e7mi\u015fi ve tarihsel k\u00fclt\u00fcrel zenginli\u011finin ne derece canl\u0131 tutuldu\u011fu, korundu\u011fu ve gelecek nesillere ta\u015f\u0131nd\u0131\u011f\u0131na ba\u011fl\u0131 oldu\u011funu s\u00f6yledi.<\/p>\n<p>\u00c7al\u0131\u015ftay\u0131 bu duygu, d\u00fc\u015f\u00fcncelerle; kurum,kurulu\u015f, sivil toplum \u00f6rg\u00fct\u00fc \u00fcniversite ve uzman ki\u015filerin\u00a0 i\u015fbirli\u011finde d\u00fczenlediklerini ifade eden Siber, sonu\u00e7lar\u0131n\u0131n \u00fclke yan\u0131nda d\u00fcnya i\u00e7in de yararl\u0131 olaca\u011f\u0131n\u0131 vurgulad\u0131.<\/p>\n<p>Cumhuriyet Meclisi Ba\u015fkan\u0131, K\u00fclt\u00fcrel Varl\u0131klar\u0131 Koruma Komitesi Ba\u015fkan\u0131 Sibel Siber, kendilerine bundan sonra d\u00fc\u015fecek olan g\u00f6revin \u00e7al\u0131\u015ftayda \u00e7\u0131kacak sonu\u00e7lar\u0131 uygulamak oldu\u011funu s\u00f6yledi.<\/p>\n<p>Siber konu\u015fmas\u0131n\u0131n sonunda \u00e7al\u0131\u015ftay\u0131n ger\u00e7ekle\u015ftirilmesine katk\u0131 koyan herkese te\u015fekk\u00fcrlerini sundu.<\/p>\n<p><a href=\"http:\/\/www.kibrisgazetesi.com\" target=\"_blank\" rel=\"noopener noreferrer\">Kaynak<\/a><\/p>\n","protected":false},"excerpt":{"rendered":"<p>Cumhuriyet Meclisi Ba\u015fkanl\u0131\u011f\u0131 ve K\u00fclt\u00fcrel Varl\u0131klar\u0131 Koruma Komitesi\u2019nin, Cumhurba\u015fkanl\u0131\u011f\u0131, Ba\u015fbakanl\u0131k, D\u0131\u015fi\u015fleri, Milli E\u011fitim ve K\u00fclt\u00fcr ile Turizm ve \u00c7evre Bakanl\u0131\u011f\u0131\u2019n\u0131n katk\u0131lar\u0131yla d\u00fczenledi\u011fi \u201cM\u00fcze, Ar\u015fiv ve K\u00fct\u00fcphanelerde Yeni A\u00e7\u0131l\u0131mlar- MAKYA 2017\u201d \u00e7al\u0131\u015ftay\u0131 d\u00fcnn Girne Vuni Palace Otel\u2019de ba\u015flad\u0131. \u00c7al\u0131\u015ftay, k\u00fclt\u00fcrel miras\u0131, sanatsal ve fikirsel \u00fcretimi ve devlet haf\u0131zas\u0131n\u0131 bir araya getirebilmeyi, teknolojik d\u00f6n\u00fc\u015f\u00fcm\u00fc ve\u00a0tarafs\u0131z bilgiye h\u0131zl\u0131 [&hellip;]<\/p>\n","protected":false},"author":1,"featured_media":22101,"comment_status":"open","ping_status":"open","sticky":false,"template":"","format":"standard","meta":{"footnotes":""},"categories":[727],"tags":[1096,1087],"class_list":["post-22100","post","type-post","status-publish","format-standard","has-post-thumbnail","hentry","category-kulturel-miras-2","tag-arsivcilik","tag-kam-calistayi"],"_links":{"self":[{"href":"https:\/\/www.bbyhaber.com\/bby\/wp-json\/wp\/v2\/posts\/22100"}],"collection":[{"href":"https:\/\/www.bbyhaber.com\/bby\/wp-json\/wp\/v2\/posts"}],"about":[{"href":"https:\/\/www.bbyhaber.com\/bby\/wp-json\/wp\/v2\/types\/post"}],"author":[{"embeddable":true,"href":"https:\/\/www.bbyhaber.com\/bby\/wp-json\/wp\/v2\/users\/1"}],"replies":[{"embeddable":true,"href":"https:\/\/www.bbyhaber.com\/bby\/wp-json\/wp\/v2\/comments?post=22100"}],"version-history":[{"count":3,"href":"https:\/\/www.bbyhaber.com\/bby\/wp-json\/wp\/v2\/posts\/22100\/revisions"}],"predecessor-version":[{"id":22104,"href":"https:\/\/www.bbyhaber.com\/bby\/wp-json\/wp\/v2\/posts\/22100\/revisions\/22104"}],"wp:featuredmedia":[{"embeddable":true,"href":"https:\/\/www.bbyhaber.com\/bby\/wp-json\/wp\/v2\/media\/22101"}],"wp:attachment":[{"href":"https:\/\/www.bbyhaber.com\/bby\/wp-json\/wp\/v2\/media?parent=22100"}],"wp:term":[{"taxonomy":"category","embeddable":true,"href":"https:\/\/www.bbyhaber.com\/bby\/wp-json\/wp\/v2\/categories?post=22100"},{"taxonomy":"post_tag","embeddable":true,"href":"https:\/\/www.bbyhaber.com\/bby\/wp-json\/wp\/v2\/tags?post=22100"}],"curies":[{"name":"wp","href":"https:\/\/api.w.org\/{rel}","templated":true}]}}