{"id":2210,"date":"2012-01-18T20:40:03","date_gmt":"2012-01-18T20:40:03","guid":{"rendered":"http:\/\/www.bbyhaber.com\/bby\/?p=2210"},"modified":"2012-10-30T15:56:05","modified_gmt":"2012-10-30T12:56:05","slug":"istanbul-universitesinden-engelli-ogrencilere-engelsiz-bilgi-merkezi","status":"publish","type":"post","link":"https:\/\/www.bbyhaber.com\/bby\/2012\/01\/18\/istanbul-universitesinden-engelli-ogrencilere-engelsiz-bilgi-merkezi","title":{"rendered":"\u0130stanbul \u00dcniversitesi&#8217;nden engelli \u00f6\u011frencilere &#8216;Engelsiz Bilgi Merkezi&#8217;"},"content":{"rendered":"<div id=\"contextual\" style=\"text-align: justify;\">\n<p>\u0130stanbul \u00dcniversitesi&#8217;nin (\u0130\u00dc), \u2018Engelsiz \u00dcniversite Projesi\u2019 kapsam\u0131nda, engelli \u00f6\u011frencilerin rahat\u00e7a ders \u00e7al\u0131\u015fabilmeleri i\u00e7in \u00f6zel olarak tasarlad\u0131\u011f\u0131, bilgi merkezi hizmete a\u00e7\u0131ld\u0131. Merkezde i\u015fitme ve g\u00f6rme engelli \u00f6\u011frenciler i\u00e7in \u00f6zel bilgisayarlar ve odalar bulunuyor. \u0130stanbul \u00dcniversitesi Beyaz\u0131t Merkez K\u00fct\u00fcphanesi\u2019nde yap\u0131lan a\u00e7\u0131l\u0131\u015fa \u0130stanbul \u00dcniversitesi Rekt\u00f6r\u00fc Prof. Dr. Yunus S\u00f6ylet, akademisyenler ve \u00f6\u011frenciler kat\u0131ld\u0131. <!--more--><\/p>\n<p>Engellilere \u00f6zel k\u00fct\u00fcphanede, g\u00f6rme engelliler i\u00e7in ekran okuma, yaz\u0131 b\u00fcy\u00fctme program\u0131 olan 30 adet bilgisayar, az g\u00f6ren ki\u015filer i\u00e7in video b\u00fcy\u00fct\u00fcc\u00fcler, iki adet kabartma ekran, \u00fc\u00e7 adet printer, 5 adet optik karakter tan\u0131mlama program\u0131, iki adet kabartma grafik ve resim basma makinesi ve sesli kitap okuma i\u00e7in tam donan\u0131ml\u0131 iki kabin yer al\u0131yor. Ayr\u0131ca, 45 g\u00f6rme engelli \u00f6\u011frencisi bulunan &#8216;\u0130stanbul \u00dcniversitesi Engelsiz Bilgi Merkezi&#8217;, kendi \u00f6\u011frencilerine hizmet vermek d\u0131\u015f\u0131nda, T\u00fcrkiye\u2019deki di\u011fer g\u00f6rme engelliler k\u00fct\u00fcphaneleriyle de koordineli \u00e7al\u0131\u015facak.<\/p>\n<p>K\u00fct\u00fcphanenin a\u00e7\u0131l\u0131\u015f\u0131nda konu\u015fma yapan Rekt\u00f6r Yunus S\u00f6ylet, \u0130stanbul \u00dcniversitesi olarak engelsiz bir \u00fcniversite olmak istediklerini belirtti. Engelsiz \u00fcniversite projesi \u00e7er\u00e7evesinde engelli \u00f6\u011frencilerin bilgiye \u00e7ok daha rahat ula\u015fabilmeleri i\u00e7in, merkezi a\u00e7t\u0131klar\u0131n\u0131 s\u00f6yleyen S\u00f6ylet, \u201cBiz \u0130stanbul \u00dcniversitesi olarak \u015funu arzu ediyoruz. Toplumumuz da belli bir engelli oran\u0131m\u0131z var; bu engellilerimizin zaten olduk\u00e7a d\u00fc\u015f\u00fck bir b\u00f6l\u00fcm\u00fc maalesef \u00fcniversite e\u011fitiminden, \u00f6\u011fretiminden yararlanabiliyor. Bunun \u00e7ok de\u011fi\u015fik nedenleri var ama \u00fcniversiteye ula\u015fabilenlerin tercih ettikleri bir \u00fcniversite olmak istiyoruz. Engelsiz bir \u00fcniversite olmak istiyoruz. Bu proje bunun sadece bir par\u00e7as\u0131. Onlar i\u00e7in \u00f6zel basamaklarla, \u00f6zel rampalarla, \u00f6zel gidebilecekleri tuvaletlerle ve yine \u00f6zel k\u00fct\u00fcphane ortamlar\u0131yla onlar\u0131 rahat ettirmeye \u00e7al\u0131\u015f\u0131yoruz. Bu konsept de\u011fi\u015fikli\u011fini bu kurum k\u00fclt\u00fcr\u00fc de\u011fi\u015fikli\u011fini s\u0131k s\u0131k vurgulayarak, ve engelli \u00f6\u011frencilerimizle ilgili s\u0131k s\u0131k fark\u0131ndal\u0131k olu\u015fturan toplant\u0131lar yaparak da biz bu konudaki kararl\u0131l\u0131\u011f\u0131m\u0131z\u0131 ortaya koymaya \u00e7al\u0131\u015f\u0131yoruz.\u201d ifadelerini kulland\u0131.<\/p>\n<p>A\u00e7\u0131l\u0131\u015f\u0131n ard\u0131ndan merkez hakk\u0131nda yetkililerden bilgi alan S\u00f6ylet, engelli \u00f6\u011frencilerle sohbet etti. Engelsiz Bilgi Merkezi&#8217;nin a\u00e7\u0131l\u0131\u015f\u0131na kat\u0131lan g\u00f6rme engelli \u00d6mer Ye\u015filta\u015f, \u201cMerkezin kendilerine b\u00fcy\u00fck kolayl\u0131klar sa\u011flad\u0131\u011f\u0131n\u0131 ifade etti. Ye\u015filta\u015f, \u201cDaha \u00f6nce kitaplar\u0131m\u0131 arkada\u015flar\u0131na okutmak zorunda kal\u0131yordum. Benim dersim var, kitab\u0131m var y\u00fczlerce sayfadan olu\u015fuyor. Onu ben \u00e7al\u0131\u015fabilmem i\u00e7in kasede kaydedip tek tek okuyup dinlemem gerekiyordu. Bunu dinlerken anlamakta g\u00fc\u00e7l\u00fck \u00e7ekiyorduk. Bu sistemde kurulmu\u015f kitap okuma makineleriyle buradaki bilgisayarlara oturup rahat\u00e7a derslerimize \u00e7al\u0131\u015faca\u011f\u0131z.\u201d \u015feklinde konu\u015ftu.<\/p>\n<p>Kaynak: http:\/\/yurthaber.mynet.com<\/p>\n<\/div>\n","protected":false},"excerpt":{"rendered":"<p>\u0130stanbul \u00dcniversitesi&#8217;nin (\u0130\u00dc), \u2018Engelsiz \u00dcniversite Projesi\u2019 kapsam\u0131nda, engelli \u00f6\u011frencilerin rahat\u00e7a ders \u00e7al\u0131\u015fabilmeleri i\u00e7in \u00f6zel olarak tasarlad\u0131\u011f\u0131, bilgi merkezi hizmete a\u00e7\u0131ld\u0131. Merkezde i\u015fitme ve g\u00f6rme engelli \u00f6\u011frenciler i\u00e7in \u00f6zel bilgisayarlar ve odalar bulunuyor. \u0130stanbul \u00dcniversitesi Beyaz\u0131t Merkez K\u00fct\u00fcphanesi\u2019nde yap\u0131lan a\u00e7\u0131l\u0131\u015fa \u0130stanbul \u00dcniversitesi Rekt\u00f6r\u00fc Prof. Dr. Yunus S\u00f6ylet, akademisyenler ve \u00f6\u011frenciler kat\u0131ld\u0131.<\/p>\n","protected":false},"author":1,"featured_media":0,"comment_status":"open","ping_status":"open","sticky":false,"template":"","format":"standard","meta":{"footnotes":""},"categories":[1484,1485,1,1487],"tags":[],"class_list":["post-2210","post","type-post","status-publish","format-standard","hentry","category-engelliler-icin-bilgi-merkezleri","category-engelliler-icin-kutuphane","category-genel","category-gorme-engelli-kutuphane"],"_links":{"self":[{"href":"https:\/\/www.bbyhaber.com\/bby\/wp-json\/wp\/v2\/posts\/2210"}],"collection":[{"href":"https:\/\/www.bbyhaber.com\/bby\/wp-json\/wp\/v2\/posts"}],"about":[{"href":"https:\/\/www.bbyhaber.com\/bby\/wp-json\/wp\/v2\/types\/post"}],"author":[{"embeddable":true,"href":"https:\/\/www.bbyhaber.com\/bby\/wp-json\/wp\/v2\/users\/1"}],"replies":[{"embeddable":true,"href":"https:\/\/www.bbyhaber.com\/bby\/wp-json\/wp\/v2\/comments?post=2210"}],"version-history":[{"count":0,"href":"https:\/\/www.bbyhaber.com\/bby\/wp-json\/wp\/v2\/posts\/2210\/revisions"}],"wp:attachment":[{"href":"https:\/\/www.bbyhaber.com\/bby\/wp-json\/wp\/v2\/media?parent=2210"}],"wp:term":[{"taxonomy":"category","embeddable":true,"href":"https:\/\/www.bbyhaber.com\/bby\/wp-json\/wp\/v2\/categories?post=2210"},{"taxonomy":"post_tag","embeddable":true,"href":"https:\/\/www.bbyhaber.com\/bby\/wp-json\/wp\/v2\/tags?post=2210"}],"curies":[{"name":"wp","href":"https:\/\/api.w.org\/{rel}","templated":true}]}}