{"id":22085,"date":"2017-06-06T11:22:25","date_gmt":"2017-06-06T08:22:25","guid":{"rendered":"http:\/\/www.bbyhaber.com\/bby\/?p=22085"},"modified":"2017-07-06T11:18:02","modified_gmt":"2017-07-06T08:18:02","slug":"turkiyede-kultur-politikalari-ve-kutuphaneler-1923-1980-esin-sultan-oguz","status":"publish","type":"post","link":"https:\/\/www.bbyhaber.com\/bby\/2017\/06\/06\/turkiyede-kultur-politikalari-ve-kutuphaneler-1923-1980-esin-sultan-oguz","title":{"rendered":"T\u00fcrkiye\u2019de K\u00fclt\u00fcr Politikalar\u0131 ve K\u00fct\u00fcphaneler 1923-1980-Esin Sultan O\u011fuz"},"content":{"rendered":"<p><a href=\"http:\/\/www.bbyhaber.com\/bby\/wp-content\/uploads\/2017\/06\/esin-sultan-oguz.jpg\"><img loading=\"lazy\" decoding=\"async\" class=\"alignleft wp-image-22092 \" src=\"http:\/\/www.bbyhaber.com\/bby\/wp-content\/uploads\/2017\/06\/esin-sultan-oguz.jpg\" alt=\"\" width=\"200\" height=\"264\" srcset=\"https:\/\/www.bbyhaber.com\/bby\/wp-content\/uploads\/2017\/06\/esin-sultan-oguz.jpg 572w, https:\/\/www.bbyhaber.com\/bby\/wp-content\/uploads\/2017\/06\/esin-sultan-oguz-227x300.jpg 227w\" sizes=\"(max-width: 200px) 100vw, 200px\" \/><\/a><strong>Ankara Y\u0131ld\u0131r\u0131m Beyaz\u0131t \u00dcniversitesi \u00a0BBY B\u00f6l\u00fcm\u00fc \u00d6\u011fretim \u00dcyesi Yrd. Do\u00e7. Dr. Esin Sultan O\u011eUZ<\/strong>&#8216;un \u00a0&#8220;<em>T\u00fcrkiye\u2019de K\u00fclt\u00fcr Politikalar\u0131 ve K\u00fct\u00fcphaneler 1923-1980&#8243;<\/em> adl\u0131 kitab\u0131 yay\u0131nland\u0131. Kitap \u00f6ns\u00f6z\u00fc \u015f\u00f6yle: K\u00fclt\u00fcr insanlar aras\u0131ndaki ba\u011flar\u0131n ve ili\u015fkilerin t\u00fcm\u00fcn\u00fc kapsama \u00f6zelli\u011fi ile toplumsal bir varl\u0131k alan\u0131d\u0131r ve insan\u0131n geli\u015fimi ile ayn\u0131 anlama gelmektedir. K\u00fct\u00fcphanelerin bu s\u00fcre\u00e7teki rol\u00fc insan taraf\u0131ndan \u00fcretilen maddi ve manevi \u00fcr\u00fcnlerin toplumla payla\u015f\u0131lmas\u0131 ve gelecek nesillere aktar\u0131lmas\u0131 s\u00fcrecine arac\u0131l\u0131k etmesiyle ortaya \u00e7\u0131kmaktad\u0131r. \u0130nsano\u011flunun \u00fcretti\u011fi maddi ya da manevi t\u00fcm de\u011ferler \u00f6z\u00fcnde bilgi i\u00e7erirler.<!--more--> Bu bilginin toplumun kullan\u0131m\u0131na sunulmas\u0131 da yaz\u0131l\u0131 kay\u0131t alt\u0131na al\u0131nmas\u0131, toplanmas\u0131, d\u00fczenlenmesi ve kullan\u0131ma sunulmas\u0131 ile m\u00fcmk\u00fcnd\u00fcr. S\u00f6z\u00fc edilen bu i\u015flevler k\u00fct\u00fcphanelerin g\u00f6rev ve sorumluluklar\u0131 aras\u0131ndad\u0131r. K\u00fclt\u00fcrel hedeflerin ger\u00e7ekle\u015ftirilmesi bir ba\u015fka deyi\u015fle k\u00fclt\u00fcr politikalar\u0131n\u0131n ya\u015fama ge\u00e7irilmesi \u015f\u00fcphesiz k\u00fclt\u00fcr kurumlar\u0131 ile olanakl\u0131d\u0131r. K\u00fct\u00fcphane kurumunun k\u00fclt\u00fcr politikas\u0131n\u0131n ya\u015fama ge\u00e7irilmesindeki katk\u0131lar\u0131; k\u00fclt\u00fcrel varl\u0131klar\u0131n korunmas\u0131 ve geli\u015ftirilmesi, halk\u0131n k\u00fclt\u00fcrel ya\u015fama kat\u0131labilmesi i\u00e7in elveri\u015fli ko\u015fullar\u0131n yarat\u0131lmas\u0131, toplumda her ki\u015finin yarat\u0131c\u0131l\u0131\u011f\u0131n\u0131 ortaya koymas\u0131na ve geli\u015ftirmesine y\u00f6nelik sa\u011flanacak toplumsal kolayl\u0131klar ve al\u0131nan toplumsal \u00f6nlemler ba\u011flam\u0131nda tart\u0131\u015f\u0131lm\u0131\u015ft\u0131r. Bu \u00e7al\u0131\u015fmada T\u00fcrkiye\u2019de uygulanan k\u00fclt\u00fcr politikalar\u0131 kapsam\u0131nda ele al\u0131nan Anayasalar ve di\u011fer yasal d\u00fczenlemeler, h\u00fck\u00fcmet programlar\u0131, siyasi parti programlar\u0131, e\u011fitim ve k\u00fclt\u00fcrle ilgili sosyal hayatta ger\u00e7ekle\u015fen geli\u015fmeler, be\u015f y\u0131l\u0131k kalk\u0131nma planlar\u0131 ve y\u0131ll\u0131k programlar de\u011ferlendirilmi\u015f, elde edilen bulgular\u0131n k\u00fct\u00fcphanelere ve k\u00fct\u00fcphanecili\u011fe yans\u0131malar\u0131 tart\u0131\u015f\u0131lm\u0131\u015ft\u0131r.<\/p>\n<table class=\"attribute\">\n<tbody>\n<tr>\n<td>Yay\u0131n Tarihi<\/td>\n<td>2017-06-01<\/td>\n<\/tr>\n<tr>\n<td>ISBN<\/td>\n<td>6059143981<\/td>\n<\/tr>\n<tr>\n<td>Bask\u0131 Say\u0131s\u0131<\/td>\n<td>1. Bask\u0131<\/td>\n<\/tr>\n<tr>\n<td>Dil<\/td>\n<td>T\u00dcRK\u00c7E<\/td>\n<\/tr>\n<tr>\n<td>Sayfa Say\u0131s\u0131<\/td>\n<td>370<\/td>\n<\/tr>\n<tr>\n<td>Cilt Tipi<\/td>\n<td>Karton Kapak<\/td>\n<\/tr>\n<tr>\n<td>Ka\u011f\u0131t Cinsi<\/td>\n<td>Kitap Ka\u011f\u0131d\u0131<\/td>\n<\/tr>\n<tr>\n<td>Boyut<\/td>\n<td>13.5 x 21 cm<\/td>\n<\/tr>\n<\/tbody>\n<\/table>\n","protected":false},"excerpt":{"rendered":"<p>Ankara Y\u0131ld\u0131r\u0131m Beyaz\u0131t \u00dcniversitesi \u00a0BBY B\u00f6l\u00fcm\u00fc \u00d6\u011fretim \u00dcyesi Yrd. Do\u00e7. Dr. Esin Sultan O\u011eUZ&#8216;un \u00a0&#8220;T\u00fcrkiye\u2019de K\u00fclt\u00fcr Politikalar\u0131 ve K\u00fct\u00fcphaneler 1923-1980&#8243; adl\u0131 kitab\u0131 yay\u0131nland\u0131. Kitap \u00f6ns\u00f6z\u00fc \u015f\u00f6yle: K\u00fclt\u00fcr insanlar aras\u0131ndaki ba\u011flar\u0131n ve ili\u015fkilerin t\u00fcm\u00fcn\u00fc kapsama \u00f6zelli\u011fi ile toplumsal bir varl\u0131k alan\u0131d\u0131r ve insan\u0131n geli\u015fimi ile ayn\u0131 anlama gelmektedir. K\u00fct\u00fcphanelerin bu s\u00fcre\u00e7teki rol\u00fc insan taraf\u0131ndan \u00fcretilen maddi [&hellip;]<\/p>\n","protected":false},"author":1,"featured_media":22092,"comment_status":"open","ping_status":"open","sticky":false,"template":"","format":"standard","meta":{"footnotes":""},"categories":[],"tags":[1434],"class_list":["post-22085","post","type-post","status-publish","format-standard","has-post-thumbnail","hentry","tag-kutuphane-tanitimlari"],"_links":{"self":[{"href":"https:\/\/www.bbyhaber.com\/bby\/wp-json\/wp\/v2\/posts\/22085"}],"collection":[{"href":"https:\/\/www.bbyhaber.com\/bby\/wp-json\/wp\/v2\/posts"}],"about":[{"href":"https:\/\/www.bbyhaber.com\/bby\/wp-json\/wp\/v2\/types\/post"}],"author":[{"embeddable":true,"href":"https:\/\/www.bbyhaber.com\/bby\/wp-json\/wp\/v2\/users\/1"}],"replies":[{"embeddable":true,"href":"https:\/\/www.bbyhaber.com\/bby\/wp-json\/wp\/v2\/comments?post=22085"}],"version-history":[{"count":8,"href":"https:\/\/www.bbyhaber.com\/bby\/wp-json\/wp\/v2\/posts\/22085\/revisions"}],"predecessor-version":[{"id":22095,"href":"https:\/\/www.bbyhaber.com\/bby\/wp-json\/wp\/v2\/posts\/22085\/revisions\/22095"}],"wp:featuredmedia":[{"embeddable":true,"href":"https:\/\/www.bbyhaber.com\/bby\/wp-json\/wp\/v2\/media\/22092"}],"wp:attachment":[{"href":"https:\/\/www.bbyhaber.com\/bby\/wp-json\/wp\/v2\/media?parent=22085"}],"wp:term":[{"taxonomy":"category","embeddable":true,"href":"https:\/\/www.bbyhaber.com\/bby\/wp-json\/wp\/v2\/categories?post=22085"},{"taxonomy":"post_tag","embeddable":true,"href":"https:\/\/www.bbyhaber.com\/bby\/wp-json\/wp\/v2\/tags?post=22085"}],"curies":[{"name":"wp","href":"https:\/\/api.w.org\/{rel}","templated":true}]}}