{"id":22070,"date":"2017-06-05T11:16:41","date_gmt":"2017-06-05T08:16:41","guid":{"rendered":"http:\/\/www.bbyhaber.com\/bby\/?p=22070"},"modified":"2019-09-06T13:00:19","modified_gmt":"2019-09-06T10:00:19","slug":"kulliyede-hedef-5-milyon-kitap","status":"publish","type":"post","link":"https:\/\/www.bbyhaber.com\/bby\/2017\/06\/05\/kulliyede-hedef-5-milyon-kitap","title":{"rendered":"K\u00fclliye&#8217;de hedef 5 milyon kitap"},"content":{"rendered":"<p><a href=\"http:\/\/www.bbyhaber.com\/bby\/wp-content\/uploads\/2017\/06\/449468.jpg\"><img loading=\"lazy\" decoding=\"async\" class=\"alignleft  wp-image-22071\" src=\"http:\/\/www.bbyhaber.com\/bby\/wp-content\/uploads\/2017\/06\/449468.jpg\" alt=\"\" width=\"321\" height=\"176\" srcset=\"https:\/\/www.bbyhaber.com\/bby\/wp-content\/uploads\/2017\/06\/449468.jpg 648w, https:\/\/www.bbyhaber.com\/bby\/wp-content\/uploads\/2017\/06\/449468-300x164.jpg 300w\" sizes=\"(max-width: 321px) 100vw, 321px\" \/><\/a>K\u00fclt\u00fcr<b> <\/b>ve Turizm Bakanl\u0131\u011f\u0131, Cumhurba\u015fkanl\u0131\u011f\u0131 K\u00fclliyesi b\u00fcnyesinde yap\u0131m\u0131 devam eden <span style=\"color: #0000ff;\"><strong>Cumhurba\u015fkanl\u0131\u011f\u0131 K\u00fct\u00fcphanesi<\/strong><\/span>&#8216;ni, <span style=\"color: #0000ff;\"><strong>T\u00fcrkiye genelinde 6 tane olan ve her matbu eserin bir n\u00fcshas\u0131n\u0131n bulundu\u011fu derleme k\u00fct\u00fcphane stat\u00fcs\u00fcne ald\u0131.<\/strong><\/span> Bu de\u011fi\u015fiklikle, bas\u0131lan her matbu eserin bir n\u00fcshas\u0131 Cumhurba\u015fkanl\u0131\u011f\u0131 K\u00fct\u00fcphanesi&#8217;nde de yer alacak. B\u00fcnyesinde 5 milyon cilt kitab\u0131n bulunmas\u0131 hedeflenen Cumhurba\u015fkanl\u0131\u011f\u0131 K\u00fct\u00fcphanesi i\u00e7in Cumhurba\u015fkanl\u0131\u011f\u0131&#8217;nda bir ekip kitap-koleksiyon al\u0131m ve tasnif \u00e7al\u0131\u015fmalar\u0131n\u0131 s\u00fcrd\u00fcr\u00fcyor. T\u00fcrkiye&#8217;nin \u00f6nde gelen k\u00fclt\u00fcr- sanat insanlar\u0131 da kendi ar\u015fivlerini ve koleksiyonlar\u0131n\u0131 Cumhurba\u015fkanl\u0131\u011f\u0131&#8217;na ba\u011f\u0131\u015flamaya devam ediyor. Gazeteci Yazar Mehmed \u015eevket Eygi, aralar\u0131nda ilk bas\u0131m ve el yazmalar\u0131n\u0131n yer ald\u0131\u011f\u0131 80 bin kitap ve hat eserlerinden olu\u015fan koleksiyonunu Cumhurba\u015fkanl\u0131\u011f\u0131 K\u00fct\u00fcphanesi&#8217;ne ba\u011f\u0131\u015flad\u0131.<!--more--> 2000&#8217;de hayat\u0131n\u0131 kaybeden m\u00fczisyen ve bestekar Cinu\u00e7en Tanr\u0131korur&#8217;un ar\u015fivi de k\u00fct\u00fcphaneye ba\u011f\u0131\u015fland\u0131. Tanr\u0131korur&#8217;un kitaplar\u0131n\u0131n yan\u0131 s\u0131ra, konser kay\u0131tlar\u0131, notalar\u0131, m\u00fczik aletler ve kost\u00fcmleri de k\u00fct\u00fcphane de koruma alt\u0131na al\u0131nacak. D\u00fcnyan\u0131n en b\u00fcy\u00fck k\u00fct\u00fcphaneleri aras\u0131nda yer alacak Cumhurba\u015fkanl\u0131\u011f\u0131 K\u00fct\u00fcphanesi, T\u00fcrkiye&#8217;deki en b\u00fcy\u00fck k\u00fct\u00fcphane olacak. 7 g\u00fcn 24 saat vatanda\u015flara a\u00e7\u0131k olacak k\u00fct\u00fcphane ayn\u0131 zamanda dijital ortamda da hizmet verecek. Millet Camisi&#8217;nin alt taraf\u0131na yap\u0131lan ve 2018 sonunda hizmete a\u00e7\u0131lmas\u0131 planlanan k\u00fct\u00fcphane b\u00fcnyesinde sergi alanlar\u0131, konferans salonlar\u0131 da yer alacak.<\/p>\n<p>T\u00dcRK\u0130YE&#8217;DEK\u0130 ALTI DERLEME K\u00dcT\u00dcPHANE<\/p>\n<p>Resmi Gazete&#8217;de d\u00fcn yay\u0131mlanan y\u00f6netmelik de\u011fi\u015fikli\u011fiyle, <strong>T\u00fcrkiye&#8217;de belirlenen 6 derleme k\u00fct\u00fcphanesi \u015funlar: Milli K\u00fct\u00fcphane Ba\u015fkanl\u0131\u011f\u0131, T\u00fcrkiye B\u00fcy\u00fck Millet Meclisi K\u00fct\u00fcphane ve Ar\u015fiv Hizmetleri Ba\u015fkanl\u0131\u011f\u0131, \u0130stanbul Beyaz\u0131t Devlet K\u00fct\u00fcphanesi, \u0130zmir Milli K\u00fct\u00fcphane Vakf\u0131 K\u00fct\u00fcphanesi, \u0130stanbul \u00dcniversitesi K\u00fct\u00fcphane ve Dok\u00fcmantasyon Daire Ba\u015fkanl\u0131\u011f\u0131 ve Cumhurba\u015fkanl\u0131\u011f\u0131 K\u00fct\u00fcphanesi.<\/strong><\/p>\n<p><a href=\"http:\/\/www.sabah.com.tr\" target=\"_blank\" rel=\"noopener noreferrer\">Kaynak<\/a><\/p>\n","protected":false},"excerpt":{"rendered":"<p>K\u00fclt\u00fcr ve Turizm Bakanl\u0131\u011f\u0131, Cumhurba\u015fkanl\u0131\u011f\u0131 K\u00fclliyesi b\u00fcnyesinde yap\u0131m\u0131 devam eden Cumhurba\u015fkanl\u0131\u011f\u0131 K\u00fct\u00fcphanesi&#8216;ni, T\u00fcrkiye genelinde 6 tane olan ve her matbu eserin bir n\u00fcshas\u0131n\u0131n bulundu\u011fu derleme k\u00fct\u00fcphane stat\u00fcs\u00fcne ald\u0131. Bu de\u011fi\u015fiklikle, bas\u0131lan her matbu eserin bir n\u00fcshas\u0131 Cumhurba\u015fkanl\u0131\u011f\u0131 K\u00fct\u00fcphanesi&#8217;nde de yer alacak. B\u00fcnyesinde 5 milyon cilt kitab\u0131n bulunmas\u0131 hedeflenen Cumhurba\u015fkanl\u0131\u011f\u0131 K\u00fct\u00fcphanesi i\u00e7in Cumhurba\u015fkanl\u0131\u011f\u0131&#8217;nda bir ekip kitap-koleksiyon [&hellip;]<\/p>\n","protected":false},"author":1,"featured_media":22071,"comment_status":"open","ping_status":"open","sticky":false,"template":"","format":"standard","meta":{"footnotes":""},"categories":[1554,1206],"tags":[250,164,203,1450],"class_list":["post-22070","post","type-post","status-publish","format-standard","has-post-thumbnail","hentry","category-cumhurbaskanligi-kutuphanesi-2","category-cumhurbaskanligi-kutuphanesi","tag-basma-yazi-ve-eserleri-derleme-kanunu","tag-derleme-kanunu","tag-derleme-kutuphanesi","tag-milli-kutuphaneler"],"_links":{"self":[{"href":"https:\/\/www.bbyhaber.com\/bby\/wp-json\/wp\/v2\/posts\/22070"}],"collection":[{"href":"https:\/\/www.bbyhaber.com\/bby\/wp-json\/wp\/v2\/posts"}],"about":[{"href":"https:\/\/www.bbyhaber.com\/bby\/wp-json\/wp\/v2\/types\/post"}],"author":[{"embeddable":true,"href":"https:\/\/www.bbyhaber.com\/bby\/wp-json\/wp\/v2\/users\/1"}],"replies":[{"embeddable":true,"href":"https:\/\/www.bbyhaber.com\/bby\/wp-json\/wp\/v2\/comments?post=22070"}],"version-history":[{"count":2,"href":"https:\/\/www.bbyhaber.com\/bby\/wp-json\/wp\/v2\/posts\/22070\/revisions"}],"predecessor-version":[{"id":22073,"href":"https:\/\/www.bbyhaber.com\/bby\/wp-json\/wp\/v2\/posts\/22070\/revisions\/22073"}],"wp:featuredmedia":[{"embeddable":true,"href":"https:\/\/www.bbyhaber.com\/bby\/wp-json\/wp\/v2\/media\/22071"}],"wp:attachment":[{"href":"https:\/\/www.bbyhaber.com\/bby\/wp-json\/wp\/v2\/media?parent=22070"}],"wp:term":[{"taxonomy":"category","embeddable":true,"href":"https:\/\/www.bbyhaber.com\/bby\/wp-json\/wp\/v2\/categories?post=22070"},{"taxonomy":"post_tag","embeddable":true,"href":"https:\/\/www.bbyhaber.com\/bby\/wp-json\/wp\/v2\/tags?post=22070"}],"curies":[{"name":"wp","href":"https:\/\/api.w.org\/{rel}","templated":true}]}}