{"id":22025,"date":"2017-05-17T13:48:58","date_gmt":"2017-05-17T10:48:58","guid":{"rendered":"http:\/\/www.bbyhaber.com\/bby\/?p=22025"},"modified":"2018-08-13T15:47:54","modified_gmt":"2018-08-13T12:47:54","slug":"akademik-kadro-ilaninin-dusundurdukleri-ankara-univ-bby","status":"publish","type":"post","link":"https:\/\/www.bbyhaber.com\/bby\/2017\/05\/17\/akademik-kadro-ilaninin-dusundurdukleri-ankara-univ-bby","title":{"rendered":"&#8220;Akademik Kadro \u0130lan\u0131n\u0131n D\u00fc\u015f\u00fcnd\u00fcrd\u00fckleri!!!&#8221;-Ankara \u00dcniv. BBY"},"content":{"rendered":"<p><a href=\"http:\/\/www.bbyhaber.com\/bby\/wp-content\/uploads\/2017\/05\/ankara-dtcf-bby.jpg\"><img loading=\"lazy\" decoding=\"async\" class=\"alignleft wp-image-22026\" src=\"http:\/\/www.bbyhaber.com\/bby\/wp-content\/uploads\/2017\/05\/ankara-dtcf-bby.jpg\" alt=\"\" width=\"294\" height=\"158\" srcset=\"https:\/\/www.bbyhaber.com\/bby\/wp-content\/uploads\/2017\/05\/ankara-dtcf-bby.jpg 530w, https:\/\/www.bbyhaber.com\/bby\/wp-content\/uploads\/2017\/05\/ankara-dtcf-bby-300x161.jpg 300w\" sizes=\"(max-width: 294px) 100vw, 294px\" \/><\/a>Ankara \u00dcniv. BBY B\u00f6l\u00fcm\u00fc&#8217;nden <a href=\"http:\/\/www.bbyhaber.com\/bby\/2017\/05\/15\/osmaniye-korkut-ata-univ-ogretim-uyesi-alim-ilani-son-basvuru-29-mayis-2017\" target=\"_blank\" rel=\"noopener noreferrer\">Osmaniye Korkut Ata \u00dcniversitesi Rekt\u00f6rl\u00fc\u011f\u00fc\u2019n\u00fcn akademik kadro ilan\u0131<\/a>na dair bir a\u00e7\u0131klama yap\u0131ld\u0131. A\u00e7\u0131klamada, ilanda yer alan akademik kadrolar ve \u201cA\u00e7\u0131klamalar\u201d k\u0131sm\u0131nda yer alan \u00f6zel \u015fartlar\u0131n b\u00f6l\u00fcm\u00fcm\u00fczle hi\u00e7bir alakas\u0131 olmad\u0131\u011f\u0131 ve bu gibi ilanlar hakk\u0131nda gerekenlerin yap\u0131lmas\u0131 i\u00e7in, Y\u00d6K ile bu durumu payla\u015facaklar\u0131 belirtildi. T\u00fcm b\u00f6l\u00fcmlerimizle birlikte ortak bir metin haz\u0131rlanarak Y\u00d6K&#8217;e iletilebilinece\u011fi ifade edildi. <strong>\u0130lgili a\u00e7\u0131klama a\u015fa\u011f\u0131daki gibidir:<\/strong><!--more--><\/p>\n<table style=\"width: 450;\" border=\"1\">\n<tbody>\n<tr>\n<td><strong>Birimi<\/strong><\/p>\n<p><strong>B\u00f6l\u00fcm\u00fc-ABD\/<\/strong><br \/>\n<strong> Program<\/strong><\/td>\n<td><strong>Kadro \u00dcnvan\u0131<\/strong><\/td>\n<td><strong>Adet<\/strong><\/td>\n<td><strong>A\u00e7\u0131klamalar<\/strong><\/td>\n<\/tr>\n<tr>\n<td>Kadirli Sosyal ve Be\u015feri Bilimler Fak.<\/p>\n<p>BBY-BBY<\/td>\n<td>Yrd. Do\u00e7. Dr.<\/td>\n<td><span style=\"color: #ff0000;\"><strong>3<\/strong><\/span><\/td>\n<td>&#8211; Orta\u00e7a\u011f tarihi alan\u0131nda doktora yapm\u0131\u015f<br \/>\nolmak, Osmanl\u0131 Tarihlerinde Sel\u00e7uklularla<br \/>\n\u0130lgili \u00e7al\u0131\u015fmalar\u0131 olmak.-Eski\u00e7a\u011f tarihi alan\u0131nda doktora yapm\u0131\u015f<br \/>\nolmak, Hellenistik ve Roma D\u00f6nemi<br \/>\n\u00e7al\u0131\u015fmalar\u0131 olmak.-Yak\u0131n\u00e7a\u011f Tarihi alan\u0131nda doktora yapm\u0131\u015f<br \/>\nolmak, biyografi \u00e7al\u0131\u015fmalar\u0131 olmak.<\/td>\n<\/tr>\n<\/tbody>\n<\/table>\n<p>Yukar\u0131daki tabloda da g\u00f6r\u00fcld\u00fc\u011f\u00fc \u00fczere <strong>herhangi bir bilgimiz ve ileti\u015fimimiz olmayan<\/strong> <strong>ilgili \u00dcniversitenin Bilgi ve Belge Y\u00f6netimi B\u00f6l\u00fcm\u00fc<\/strong>\u2019ne, a\u00e7\u0131klamalarda belirtildi\u011fi \u00fczere <span style=\"color: #0000ff;\"><strong>alan\u0131m\u0131zla ili\u015fkisi anla\u015f\u0131lamayan 3 adet yard\u0131mc\u0131 do\u00e7ent al\u0131nacakt\u0131r.<\/strong><\/span> \u0130stenen \u00f6zel \u015fartlar\u0131n, alan\u0131m\u0131zla ilgisi olabilece\u011fini d\u00fc\u015f\u00fcnd\u00fc\u011f\u00fcm\u00fcz Osmanl\u0131 Diplomati\u011fi, Osmanl\u0131ca gibi alanlarla da ilgisi bulunmamaktad\u0131r.<\/p>\n<p>Sevgili meslekta\u015flar\u0131m\u0131z,<\/p>\n<p><span style=\"color: #0000ff;\"><strong>Bu durum d\u00fc\u015f\u00fcnd\u00fcr\u00fcc\u00fc olman\u0131n \u00f6tesinde, mesle\u011fimizin ve mezunlar\u0131m\u0131z\u0131n gelece\u011fi a\u00e7\u0131s\u0131ndan korkutucudur.<\/strong> <strong>Alan\u0131m\u0131z, sizlerin de sayesinde bo\u015f ve ehliyeti olmayan ki\u015filere b\u0131rak\u0131lacak durumda de\u011fildir.<\/strong> <\/span>Durumdan duydu\u011fumuz endi\u015feyi Ankara \u00dcniversitesi Dil ve Tarih-Co\u011frafya Fak\u00fcltesi Bilgi ve Belge Y\u00f6netimi B\u00f6l\u00fcm\u00fc olarak Y\u00d6K ile de payla\u015fmak d\u00fc\u015f\u00fcncesindeyiz. Y\u00d6K\u2019e, \u00f6zellikle \u00fclkemizde aktif olarak faaliyet g\u00f6steren di\u011fer <a href=\"http:\/\/www.bbyhaber.com\/bby\/bby-bolumler\" target=\"_blank\" rel=\"noopener noreferrer\">BBY B\u00f6l\u00fcmleri<\/a>nden arzu edenlerle birlikte ortak bir metin ile de g\u00f6r\u00fc\u015flerimizi bildirebiliriz. \u0130steyen B\u00f6l\u00fcmler bu ortak metin konusunda m\u00fcmk\u00fcn olan en k\u0131sa zamanda bizimle temasa ge\u00e7ebilirler. Ad\u0131 ge\u00e7en ilana ba\u015fvuru tarihleri 14.05.2017-29.05.2017 aras\u0131nda oldu\u011fu i\u00e7in haz\u0131rlanacak metnin aciliyeti \u00f6nem ta\u015f\u0131maktad\u0131r. Daha sonra ister ortak kat\u0131l\u0131ml\u0131, ister sadece B\u00f6l\u00fcm\u00fcm\u00fcz taraf\u0131ndan haz\u0131rlanacak metin sizlerle de payla\u015f\u0131lacakt\u0131r. Sivil Toplum Kurulu\u015flar\u0131 olarak derneklerimizin ne yapabilece\u011fi konusu ise kendi d\u00fc\u015f\u00fcnce ve yakla\u015f\u0131mlar\u0131na kalm\u0131\u015ft\u0131r.<\/p>\n<p><span style=\"color: #ff0000;\"><strong>&#8212;&#8212;&#8212;&#8211;<\/strong><\/span><\/p>\n<p><strong>Konuyla ilgili TKD Ba\u015fkan\u0131&#8217;n\u0131n g\u00f6r\u00fc\u015f\u00fc:<\/strong><\/p>\n<p>TKD Genel Ba\u015fkan\u0131 Say\u0131n Ali Fuat Kartal&#8217;\u0131n Osmaniye Korkut Ata \u00dcniversitesi Rekt\u00f6rl\u00fc\u011f\u00fc\u2019n\u00fcn BBY B\u00f6l\u00fcm\u00fc i\u00e7in \u00e7\u0131km\u0131\u015f oldu\u011fu akademik kadro ilan\u0131 ile ilgili a\u00e7\u0131klamalar\u0131<\/p>\n<p>Sorunlar\u0131m\u0131zla y\u00fczle\u015fmektense onlar\u0131 hal\u0131 alt\u0131na s\u00fcp\u00fcrmekte son derece maharetli bir millet oldu\u011fumuz i\u00e7in, Ankara \u00dcniversitesi Dil ve Tarih-Co\u011frafya Fak\u00fcltesi Bilgi ve Belge Y\u00f6netimi B\u00f6l\u00fcm\u00fc\u2019n\u00fcn Osmaniye Korkut Ata \u00dcniversitesi Rekt\u00f6rl\u00fc\u011f\u00fc\u2019n\u00fcn akademik kadro ilan\u0131na ili\u015fkin a\u00e7\u0131klamas\u0131n\u0131, TKD <span class=\"text_exposed_show\">olarak son derce \u00f6nemli buldu\u011fumuzu belirtmek isterim.<\/span><\/p>\n<div class=\"text_exposed_show\">\n<p>San\u0131r\u0131m 2015 y\u0131l\u0131yd\u0131, TKD olarak yeni a\u00e7\u0131lan b\u00f6l\u00fcmler ve alan d\u0131\u015f\u0131ndan ki\u015filere BBY B\u00f6l\u00fcmlerince akademik unvanlar\u0131n verilmesi ile ilgili olarak, BBY B\u00f6l\u00fcm Ba\u015fkanlar\u0131 ile toplant\u0131 planlanm\u0131\u015ft\u0131 ancak yeterli kat\u0131l\u0131m sa\u011flanamad\u0131\u011f\u0131ndan, toplant\u0131 iptal edilmi\u015fti.<\/p>\n<p>Ya\u015fad\u0131\u011f\u0131m\u0131z olaylar da g\u00f6stermektedir ki BBY B\u00f6l\u00fcmleri olarak gelece\u011fimiz ve mesle\u011fimiz i\u00e7in birlikte tav\u0131r geli\u015ftirmek zorunday\u0131z.<\/p>\n<p>Buradan BBY B\u00f6l\u00fcm Ba\u015fkanlar\u0131na tekrar bir araya gelip sorunlar\u0131m\u0131z\u0131 tart\u0131\u015fmak ve \u00e7\u00f6z\u00fcm \u00f6nerileri geli\u015ftirmek \u00fczere toplant\u0131 \u00e7a\u011fr\u0131s\u0131nda bulunuyoruz.<\/p>\n<p>Ankara \u00dcniversitesi Dil ve Tarih-Co\u011frafya Fak\u00fcltesi Bilgi ve Belge Y\u00f6netimi B\u00f6l\u00fcm\u00fc\u2019n\u00fcn haz\u0131rlayaca\u011f\u0131 metne TKD olarak katk\u0131 ve destek olaca\u011f\u0131m\u0131z belirtmek isterim.<\/p>\n<p>Haf\u0131zas\u0131 zay\u0131f olanlar i\u00e7in not:<\/p>\n<p>Bu \u00fclke \u00fcniversiteye al\u0131nacak akademik kadro ilanlar\u0131nda adrese teslim ilanlar g\u00f6r\u00fcld\u00fc ama hani b\u00f6ylesi g\u00f6r\u00fclmemi\u015fti.<\/p>\n<p>Recep Tayyip Erdo\u011fan \u00dcniversitesi\u2019ne al\u0131nacak torpilli ki\u015filerin isimleri ilan\u0131n a\u00e7\u0131klama k\u0131sm\u0131na, al\u0131nacak ki\u015filerde aranan kriterlerin yaz\u0131lmas\u0131 gerekirken hocalar\u0131n isimleri yaz\u0131lm\u0131\u015ft\u0131.<\/p>\n<p>\u0130landa isimleri yazan hocalar ne mi yap\u0131yor!?<\/p>\n<p>bak\u0131n\u0131z <a href=\"http:\/\/www.hurriyet.com.tr\/universitede-skandal-ilan-24438857\" target=\"_blank\" rel=\"nofollow noopener noreferrer\">http:\/\/www.hurriyet.com.tr\/universitede-skandal-ilan-244388\u2026<\/a><\/p>\n<p>Ali Fuat Kartal<\/p>\n<p>TKD genel Ba\u015fkan\u0131<\/p>\n<\/div>\n","protected":false},"excerpt":{"rendered":"<p>Ankara \u00dcniv. BBY B\u00f6l\u00fcm\u00fc&#8217;nden Osmaniye Korkut Ata \u00dcniversitesi Rekt\u00f6rl\u00fc\u011f\u00fc\u2019n\u00fcn akademik kadro ilan\u0131na dair bir a\u00e7\u0131klama yap\u0131ld\u0131. A\u00e7\u0131klamada, ilanda yer alan akademik kadrolar ve \u201cA\u00e7\u0131klamalar\u201d k\u0131sm\u0131nda yer alan \u00f6zel \u015fartlar\u0131n b\u00f6l\u00fcm\u00fcm\u00fczle hi\u00e7bir alakas\u0131 olmad\u0131\u011f\u0131 ve bu gibi ilanlar hakk\u0131nda gerekenlerin yap\u0131lmas\u0131 i\u00e7in, Y\u00d6K ile bu durumu payla\u015facaklar\u0131 belirtildi. T\u00fcm b\u00f6l\u00fcmlerimizle birlikte ortak bir metin haz\u0131rlanarak Y\u00d6K&#8217;e [&hellip;]<\/p>\n","protected":false},"author":1,"featured_media":22026,"comment_status":"open","ping_status":"open","sticky":false,"template":"","format":"standard","meta":{"footnotes":""},"categories":[1534],"tags":[1387],"class_list":["post-22025","post","type-post","status-publish","format-standard","has-post-thumbnail","hentry","category-ankara-universitesi-bilgi-ve-belge-yonetimi-bolumu","tag-ankara-dtcf-bby"],"_links":{"self":[{"href":"https:\/\/www.bbyhaber.com\/bby\/wp-json\/wp\/v2\/posts\/22025"}],"collection":[{"href":"https:\/\/www.bbyhaber.com\/bby\/wp-json\/wp\/v2\/posts"}],"about":[{"href":"https:\/\/www.bbyhaber.com\/bby\/wp-json\/wp\/v2\/types\/post"}],"author":[{"embeddable":true,"href":"https:\/\/www.bbyhaber.com\/bby\/wp-json\/wp\/v2\/users\/1"}],"replies":[{"embeddable":true,"href":"https:\/\/www.bbyhaber.com\/bby\/wp-json\/wp\/v2\/comments?post=22025"}],"version-history":[{"count":7,"href":"https:\/\/www.bbyhaber.com\/bby\/wp-json\/wp\/v2\/posts\/22025\/revisions"}],"predecessor-version":[{"id":22035,"href":"https:\/\/www.bbyhaber.com\/bby\/wp-json\/wp\/v2\/posts\/22025\/revisions\/22035"}],"wp:featuredmedia":[{"embeddable":true,"href":"https:\/\/www.bbyhaber.com\/bby\/wp-json\/wp\/v2\/media\/22026"}],"wp:attachment":[{"href":"https:\/\/www.bbyhaber.com\/bby\/wp-json\/wp\/v2\/media?parent=22025"}],"wp:term":[{"taxonomy":"category","embeddable":true,"href":"https:\/\/www.bbyhaber.com\/bby\/wp-json\/wp\/v2\/categories?post=22025"},{"taxonomy":"post_tag","embeddable":true,"href":"https:\/\/www.bbyhaber.com\/bby\/wp-json\/wp\/v2\/tags?post=22025"}],"curies":[{"name":"wp","href":"https:\/\/api.w.org\/{rel}","templated":true}]}}