{"id":22009,"date":"2017-05-16T09:11:29","date_gmt":"2017-05-16T06:11:29","guid":{"rendered":"http:\/\/www.bbyhaber.com\/bby\/?p=22009"},"modified":"2017-05-16T09:12:48","modified_gmt":"2017-05-16T06:12:48","slug":"buyuksehir-personeline-arsiv-bilinci-semineri","status":"publish","type":"post","link":"https:\/\/www.bbyhaber.com\/bby\/2017\/05\/16\/buyuksehir-personeline-arsiv-bilinci-semineri","title":{"rendered":"B\u00fcy\u00fck\u015fehir Personeline Ar\u015fiv Bilinci Semineri"},"content":{"rendered":"<p><a href=\"http:\/\/www.bbyhaber.com\/bby\/wp-content\/uploads\/2017\/05\/fatih-rukanci.jpg\"><img loading=\"lazy\" decoding=\"async\" class=\"alignleft wp-image-22011\" src=\"http:\/\/www.bbyhaber.com\/bby\/wp-content\/uploads\/2017\/05\/fatih-rukanci.jpg\" alt=\"\" width=\"298\" height=\"196\" srcset=\"https:\/\/www.bbyhaber.com\/bby\/wp-content\/uploads\/2017\/05\/fatih-rukanci.jpg 453w, https:\/\/www.bbyhaber.com\/bby\/wp-content\/uploads\/2017\/05\/fatih-rukanci-300x198.jpg 300w, https:\/\/www.bbyhaber.com\/bby\/wp-content\/uploads\/2017\/05\/fatih-rukanci-310x205.jpg 310w\" sizes=\"(max-width: 298px) 100vw, 298px\" \/><\/a>Manisa B\u00fcy\u00fck\u015fehir Belediyesi ve Argan Group i\u015fbirli\u011fi ile \u201cAr\u015fiv Hizmetlerinin Yap\u0131land\u0131r\u0131lmas\u0131 ve Ar\u015fiv Bilincinin Geli\u015ftirilmesi\u201d konulu seminer d\u00fczenlendi. Manisa B\u00fcy\u00fck\u015fehir Belediyesi personeli, ar\u015fiv hizmetleri ve ar\u015fiv bilinciyle ilgili e\u011fitimden ge\u00e7ti. BESOT Konferans Salonu\u2019ndaki e\u011fitim seminerine Manisa B\u00fcy\u00fck\u015fehir Belediyesi Genel Sekreter Yard\u0131mc\u0131s\u0131 Mustafa Gen\u00e7, daire ba\u015fkanlar\u0131 ve belediye personelleri kat\u0131ld\u0131.<!--more--><\/p>\n<p>E\u011fitim \u00f6ncesi personele seslenen Manisa B\u00fcy\u00fck\u015fehir Belediyesi Genel Sekreter Yard\u0131mc\u0131s\u0131 Mustafa Gen\u00e7, uzmanlar taraf\u0131ndan verilen e\u011fitimin, konunun \u00e7ok daha iyi anla\u015f\u0131l\u0131r olmas\u0131n\u0131 sa\u011flad\u0131\u011f\u0131n\u0131 belirterek, \u201cBu nedenle ba\u015fta \u00fcniversiteler olmak \u00fczere \u00e7e\u015fitli kurumlarla i\u015fbirli\u011fimiz sonucu verdi\u011fimiz bu e\u011fitimleri \u00f6nemsiyoruz. Bunlardan biri de Argan Yaz\u0131l\u0131m \u015eirketi ile yap\u0131lan s\u00f6zle\u015fme neticesinde <strong>dijital veri toplama ve ar\u015fivleme<\/strong> konusunda personelimize verece\u011fimiz bu e\u011fitimdir. Belediyemizde ar\u015fiv i\u015flemlerini s\u00fcrd\u00fcrecek olan arkada\u015flar\u0131m\u0131za bu seminerleri vermemiz de \u00f6nemli diye d\u00fc\u015f\u00fcn\u00fcyorum. Bir kurumun ba\u015far\u0131l\u0131 olmas\u0131n\u0131n en \u00f6nemli yolu <strong>bilgi ve belgeleme<\/strong> konusunun bilin\u00e7li \u015fekilde yap\u0131lmas\u0131d\u0131r. E\u011fitimin verimli ge\u00e7mesini umuyorum\u201d diye konu\u015ftu. Konu\u015fmalar\u0131n ard\u0131ndan <strong>Ankara \u00dcniversitesi Dil Tarih ve Co\u011frafya Fak\u00fcltesi Bilgi ve Belge Y\u00f6netimi B\u00f6l\u00fcm\u00fc<\/strong>\u2019nden <strong>Prof. Dr. Fatih Rukanc\u0131<\/strong>, \u201c<strong>Ar\u015fiv Bilinci: Kavramsal ve Terminolojik Yakla\u015f\u0131m<\/strong>\u201d ba\u015fl\u0131\u011f\u0131 alt\u0131nda ar\u015fiv bilincinin d\u00fcnden bug\u00fcne dek geli\u015fimi, ar\u015fivlemenin \u00f6nemi, bu hususta dikkat edilmesi gerekenler ve dijital ar\u015fivleme ile ilgili belediye personeline bilgiler verdi.<\/p>\n<p><a href=\"http:\/\/www.milliyet.com.tr\" target=\"_blank\" rel=\"noopener noreferrer\">Kaynak<\/a><\/p>\n","protected":false},"excerpt":{"rendered":"<p>Manisa B\u00fcy\u00fck\u015fehir Belediyesi ve Argan Group i\u015fbirli\u011fi ile \u201cAr\u015fiv Hizmetlerinin Yap\u0131land\u0131r\u0131lmas\u0131 ve Ar\u015fiv Bilincinin Geli\u015ftirilmesi\u201d konulu seminer d\u00fczenlendi. Manisa B\u00fcy\u00fck\u015fehir Belediyesi personeli, ar\u015fiv hizmetleri ve ar\u015fiv bilinciyle ilgili e\u011fitimden ge\u00e7ti. BESOT Konferans Salonu\u2019ndaki e\u011fitim seminerine Manisa B\u00fcy\u00fck\u015fehir Belediyesi Genel Sekreter Yard\u0131mc\u0131s\u0131 Mustafa Gen\u00e7, daire ba\u015fkanlar\u0131 ve belediye personelleri kat\u0131ld\u0131.<\/p>\n","protected":false},"author":1,"featured_media":22011,"comment_status":"open","ping_status":"open","sticky":false,"template":"","format":"standard","meta":{"footnotes":""},"categories":[299],"tags":[1096,1412],"class_list":["post-22009","post","type-post","status-publish","format-standard","has-post-thumbnail","hentry","category-bilgi-yonetimi-2","tag-arsivcilik","tag-belge-yonetimi"],"_links":{"self":[{"href":"https:\/\/www.bbyhaber.com\/bby\/wp-json\/wp\/v2\/posts\/22009"}],"collection":[{"href":"https:\/\/www.bbyhaber.com\/bby\/wp-json\/wp\/v2\/posts"}],"about":[{"href":"https:\/\/www.bbyhaber.com\/bby\/wp-json\/wp\/v2\/types\/post"}],"author":[{"embeddable":true,"href":"https:\/\/www.bbyhaber.com\/bby\/wp-json\/wp\/v2\/users\/1"}],"replies":[{"embeddable":true,"href":"https:\/\/www.bbyhaber.com\/bby\/wp-json\/wp\/v2\/comments?post=22009"}],"version-history":[{"count":2,"href":"https:\/\/www.bbyhaber.com\/bby\/wp-json\/wp\/v2\/posts\/22009\/revisions"}],"predecessor-version":[{"id":22013,"href":"https:\/\/www.bbyhaber.com\/bby\/wp-json\/wp\/v2\/posts\/22009\/revisions\/22013"}],"wp:featuredmedia":[{"embeddable":true,"href":"https:\/\/www.bbyhaber.com\/bby\/wp-json\/wp\/v2\/media\/22011"}],"wp:attachment":[{"href":"https:\/\/www.bbyhaber.com\/bby\/wp-json\/wp\/v2\/media?parent=22009"}],"wp:term":[{"taxonomy":"category","embeddable":true,"href":"https:\/\/www.bbyhaber.com\/bby\/wp-json\/wp\/v2\/categories?post=22009"},{"taxonomy":"post_tag","embeddable":true,"href":"https:\/\/www.bbyhaber.com\/bby\/wp-json\/wp\/v2\/tags?post=22009"}],"curies":[{"name":"wp","href":"https:\/\/api.w.org\/{rel}","templated":true}]}}