{"id":21999,"date":"2017-05-15T13:31:48","date_gmt":"2017-05-15T10:31:48","guid":{"rendered":"http:\/\/www.bbyhaber.com\/bby\/?p=21999"},"modified":"2017-05-25T23:27:13","modified_gmt":"2017-05-25T20:27:13","slug":"bezm-i-alem-vakif-universitesi-ogretim-gorevlisi-is-ilani-son-basvuru-25-mayis-2017","status":"publish","type":"post","link":"https:\/\/www.bbyhaber.com\/bby\/2017\/05\/15\/bezm-i-alem-vakif-universitesi-ogretim-gorevlisi-is-ilani-son-basvuru-25-mayis-2017","title":{"rendered":"Bezm-i Alem Vak\u0131f \u00dcniversitesi \u00d6\u011fretim G\u00f6revlisi \u0130\u015f \u0130lan\u0131-Son Ba\u015fvuru: 25 May\u0131s 2017"},"content":{"rendered":"<p style=\"text-align: justify;\"><a href=\"http:\/\/www.bbyhaber.com\/bby\/wp-content\/uploads\/2016\/11\/bezmialem-1.jpg\"><img loading=\"lazy\" decoding=\"async\" class=\"alignleft size-full wp-image-20458\" src=\"http:\/\/www.bbyhaber.com\/bby\/wp-content\/uploads\/2016\/11\/bezmialem-1.jpg\" alt=\"\" width=\"300\" height=\"225\" \/><\/a>BEZM-\u0130 \u00c2LEM VAKIF \u00dcN\u0130VERS\u0130TES\u0130&#8212;&gt;SA\u011eLIK H\u0130ZMETLER\u0130 MESLEK Y\u00dcKSEKOKULU&#8212;&gt;TIBB\u0130 H\u0130ZMETLER VE TEKN\u0130KLER B\u00d6L\u00dcM\u00dc&#8212;&gt;TIBB\u0130 DOK\u00dcMANTASYON VE SEKRETERL\u0130K PR. (TAM BURSLU)&#8217;na &#8220;Bilgi ve Belge Y\u00f6netimi veya K\u00fct\u00fcphanecilik b\u00f6l\u00fcm\u00fc Lisans mezunu olmak,<br \/>\nLisans sonras\u0131nda belgelendirmek kayd\u0131yla alan\u0131nda en az 2 y\u0131l deneyime sahip olmak.&#8221; \u00f6zel \u015fart\u0131 ile <span style=\"color: #ff0000;\"><strong>2<\/strong><\/span>\u00a0<strong>\u00d6\u011eRET\u0130M G\u00d6REVL\u0130S\u0130<\/strong>\u00a0al\u0131nacakt\u0131r. <!--more--><\/p>\n<table style=\"color: #000000; font-family: Arial, Tahoma, Verdana; font-size: 15px; line-height: 18px;\" border=\"1\" width=\"344\" cellspacing=\"0\" cellpadding=\"0\">\n<colgroup>\n<col width=\"233\" \/>\n<col width=\"111\" \/> <\/colgroup>\n<tbody>\n<tr>\n<td width=\"233\" height=\"20\">Kadro Unvan<\/td>\n<td width=\"111\"><strong>\u00d6\u011eRET\u0130M G\u00d6REVL\u0130S\u0130<br \/>\n<\/strong><\/td>\n<\/tr>\n<tr>\n<td height=\"20\">ALES<\/td>\n<td><strong>70<\/strong><\/td>\n<\/tr>\n<tr>\n<td height=\"20\">\u00dcDS\/Dengi<\/td>\n<td><strong>&#8212;<\/strong><\/td>\n<\/tr>\n<tr>\n<td height=\"20\">Kadro Say\u0131s\u0131<\/td>\n<td><span style=\"color: #ff0000;\"><strong>2<\/strong><\/span><\/td>\n<\/tr>\n<tr>\n<td height=\"20\">Kadro Derecesi<\/td>\n<td>0<\/td>\n<\/tr>\n<tr>\n<td height=\"20\">Ba\u015fvuru Tipi<\/td>\n<td><strong>Posta, \u015eahsen<\/strong><\/td>\n<\/tr>\n<tr>\n<td height=\"20\"><strong><span style=\"color: #0000ff;\">\u00d6zel \u015eart<\/span><\/strong><\/td>\n<td style=\"text-align: justify;\"><strong><strong>\u00a0&#8220;Bilgi ve Belge Y\u00f6netimi veya K\u00fct\u00fcphanecilik b\u00f6l\u00fcm\u00fc Lisans mezunu olmak,<br \/>\nLisans sonras\u0131nda belgelendirmek kayd\u0131yla alan\u0131nda en az 2 y\u0131l deneyime sahip olmak.&#8221;<\/strong><\/strong>&nbsp;<\/td>\n<\/tr>\n<tr>\n<td height=\"20\">Ba\u015fvuru Yeri<\/td>\n<td><strong>T.C. BEZM\u0130ALEM VAKIF \u00dcN\u0130VERS\u0130TES\u0130 REKT\u00d6RL\u00dc\u011e\u00dcNE<br \/>\n<\/strong><\/td>\n<\/tr>\n<tr>\n<td height=\"20\"><strong style=\"color: #ff0000; font-family: Arial, Tahoma, Verdana; font-size: 15px; line-height: 18px;\">Son Ba\u015fvuru Tarihi<\/strong><\/td>\n<td><span style=\"font-family: Arial, Tahoma, Verdana;\"><span style=\"font-size: 15px;\"><strong>25.05.2017<\/strong><\/span><\/span><\/td>\n<\/tr>\n<tr>\n<td height=\"20\">\u00d6n De\u011ferlendirme Tarihi<\/td>\n<td>09.06.2017<\/td>\n<\/tr>\n<tr>\n<td height=\"20\">S\u0131nav Giri\u015f Tarihi<\/td>\n<td>12.06.2017<\/td>\n<\/tr>\n<tr>\n<td height=\"20\"><span style=\"color: #0000ff;\"><strong>Sonu\u00e7 A\u00e7\u0131klama Tarihi<\/strong><\/span><\/td>\n<td><strong>15.06.2017<\/strong><\/td>\n<\/tr>\n<\/tbody>\n<\/table>\n<p><a href=\"https:\/\/yoksis.yok.gov.tr\/ilansayfa\/?sessionid=58416\" target=\"_blank\" rel=\"noopener noreferrer\"><span style=\"color: #0000ff;\"><strong><span style=\"color: #0000ff;\">Daha fazla bilgi ve belge i\u00e7in t\u0131klay\u0131n\u0131z<\/span><\/strong><\/span><\/a><\/p>\n","protected":false},"excerpt":{"rendered":"<p>BEZM-\u0130 \u00c2LEM VAKIF \u00dcN\u0130VERS\u0130TES\u0130&#8212;&gt;SA\u011eLIK H\u0130ZMETLER\u0130 MESLEK Y\u00dcKSEKOKULU&#8212;&gt;TIBB\u0130 H\u0130ZMETLER VE TEKN\u0130KLER B\u00d6L\u00dcM\u00dc&#8212;&gt;TIBB\u0130 DOK\u00dcMANTASYON VE SEKRETERL\u0130K PR. (TAM BURSLU)&#8217;na &#8220;Bilgi ve Belge Y\u00f6netimi veya K\u00fct\u00fcphanecilik b\u00f6l\u00fcm\u00fc Lisans mezunu olmak, Lisans sonras\u0131nda belgelendirmek kayd\u0131yla alan\u0131nda en az 2 y\u0131l deneyime sahip olmak.&#8221; \u00f6zel \u015fart\u0131 ile 2\u00a0\u00d6\u011eRET\u0130M G\u00d6REVL\u0130S\u0130\u00a0al\u0131nacakt\u0131r.<\/p>\n","protected":false},"author":1,"featured_media":20458,"comment_status":"open","ping_status":"open","sticky":false,"template":"","format":"standard","meta":{"footnotes":""},"categories":[],"tags":[1393],"class_list":["post-21999","post","type-post","status-publish","format-standard","has-post-thumbnail","hentry","tag-bby-is-ilanlari-arsivi"],"_links":{"self":[{"href":"https:\/\/www.bbyhaber.com\/bby\/wp-json\/wp\/v2\/posts\/21999"}],"collection":[{"href":"https:\/\/www.bbyhaber.com\/bby\/wp-json\/wp\/v2\/posts"}],"about":[{"href":"https:\/\/www.bbyhaber.com\/bby\/wp-json\/wp\/v2\/types\/post"}],"author":[{"embeddable":true,"href":"https:\/\/www.bbyhaber.com\/bby\/wp-json\/wp\/v2\/users\/1"}],"replies":[{"embeddable":true,"href":"https:\/\/www.bbyhaber.com\/bby\/wp-json\/wp\/v2\/comments?post=21999"}],"version-history":[{"count":2,"href":"https:\/\/www.bbyhaber.com\/bby\/wp-json\/wp\/v2\/posts\/21999\/revisions"}],"predecessor-version":[{"id":23633,"href":"https:\/\/www.bbyhaber.com\/bby\/wp-json\/wp\/v2\/posts\/21999\/revisions\/23633"}],"wp:featuredmedia":[{"embeddable":true,"href":"https:\/\/www.bbyhaber.com\/bby\/wp-json\/wp\/v2\/media\/20458"}],"wp:attachment":[{"href":"https:\/\/www.bbyhaber.com\/bby\/wp-json\/wp\/v2\/media?parent=21999"}],"wp:term":[{"taxonomy":"category","embeddable":true,"href":"https:\/\/www.bbyhaber.com\/bby\/wp-json\/wp\/v2\/categories?post=21999"},{"taxonomy":"post_tag","embeddable":true,"href":"https:\/\/www.bbyhaber.com\/bby\/wp-json\/wp\/v2\/tags?post=21999"}],"curies":[{"name":"wp","href":"https:\/\/api.w.org\/{rel}","templated":true}]}}