{"id":21980,"date":"2017-05-09T15:48:48","date_gmt":"2017-05-09T12:48:48","guid":{"rendered":"http:\/\/www.bbyhaber.com\/bby\/?p=21980"},"modified":"2017-05-09T15:49:00","modified_gmt":"2017-05-09T12:49:00","slug":"halk-kutuphaneleri-tekirdag-edebiyat-bolge-semineri-gerceklestirildi","status":"publish","type":"post","link":"https:\/\/www.bbyhaber.com\/bby\/2017\/05\/09\/halk-kutuphaneleri-tekirdag-edebiyat-bolge-semineri-gerceklestirildi","title":{"rendered":"Halk K\u00fct\u00fcphaneleri Tekirda\u011f Edebiyat B\u00f6lge Semineri Ger\u00e7ekle\u015ftirildi"},"content":{"rendered":"<p><a href=\"http:\/\/www.bbyhaber.com\/bby\/wp-content\/uploads\/2017\/05\/18301192_10155314189768967_8858163765633457941_n.jpg\"><img loading=\"lazy\" decoding=\"async\" class=\"alignleft  wp-image-21981\" src=\"http:\/\/www.bbyhaber.com\/bby\/wp-content\/uploads\/2017\/05\/18301192_10155314189768967_8858163765633457941_n.jpg\" alt=\"\" width=\"358\" height=\"163\" srcset=\"https:\/\/www.bbyhaber.com\/bby\/wp-content\/uploads\/2017\/05\/18301192_10155314189768967_8858163765633457941_n.jpg 959w, https:\/\/www.bbyhaber.com\/bby\/wp-content\/uploads\/2017\/05\/18301192_10155314189768967_8858163765633457941_n-300x137.jpg 300w, https:\/\/www.bbyhaber.com\/bby\/wp-content\/uploads\/2017\/05\/18301192_10155314189768967_8858163765633457941_n-768x350.jpg 768w\" sizes=\"(max-width: 358px) 100vw, 358px\" \/><\/a>2006 y\u0131l\u0131ndan bu yana Hacettepe \u00dcniversitesi Bilgi ve Belge Y\u00f6netimi B\u00f6l\u00fcm\u00fc, K\u00fct\u00fcphaneler ve Yay\u0131mlar Genel M\u00fcd\u00fcrl\u00fc\u011f\u00fc, T\u00fcrk K\u00fct\u00fcphaneciler Derne\u011fi, Goethe Enstit\u00fcs\u00fc ve G\u00fcn\u0131\u015f\u0131\u011f\u0131 Kitapl\u0131\u011f\u0131 i\u015fbirli\u011fi ile d\u00fczenlenen <a href=\"http:\/\/www.bbyhaber.com\/bby\/tag\/halk-kutuphaneleri-bolge-seminerleri\" target=\"_blank\" rel=\"noopener noreferrer\"><strong>Halk K\u00fct\u00fcphaneleri B\u00f6lge Seminerleri<\/strong><\/a>\u2019nin <strong>yirmi be\u015fincisi 5-6 May\u0131s 2017 tarihlerinde Tekirda\u011f Nam\u0131k Kemal \u0130l Halk K\u00fct\u00fcphanesi<\/strong> ev sahipli\u011finde Tekirda\u011f&#8217;da ger\u00e7ekle\u015ftirilmi\u015ftir.<!--more--><\/p>\n<p>Halk K\u00fct\u00fcphaneleri TEK\u0130RDA\u011e Edebiyat B\u00f6lge Semineri\u2019nde, \u201cEdebiyat ve halk k\u00fct\u00fcphanesi\u201d, \u201cEdebiyat, yay\u0131nc\u0131l\u0131k ve okuma k\u00fclt\u00fcr\u00fcm\u00fcz\u201d, \u201cHalk k\u00fct\u00fcphanelerinde halkla ili\u015fkiler\u201d, \u201cEdebiyata eri\u015fmek i\u00e7in k\u00fct\u00fcphaneler\u201d, \u201cK\u00fclt\u00fcrleraras\u0131 k\u00fct\u00fcphanecilik \u00e7al\u0131\u015fmalar\u0131\u201d ve \u201cMesleki sorunlar ve payla\u015f\u0131mlar\u201d ba\u015fl\u0131klar\u0131 alt\u0131nda sunumlar yap\u0131lm\u0131\u015ft\u0131r. \u00c7a\u011fda\u015f edebiyat\u0131m\u0131z\u0131n \u00f6nemli yazarlar\u0131ndan Beh\u00e7et \u00c7elik ile bulu\u015fma Seminer\u2019in keyifli bir etkinli\u011fi olarak ger\u00e7ekle\u015fmi\u015ftir. Seminer\u2019de halk k\u00fct\u00fcphanecilerinin k\u00fct\u00fcphanelerine ait uygulama \u00f6rneklerini i\u00e7eren payla\u015f\u0131mlar\u0131 da yer alm\u0131\u015ft\u0131r. Seminer s\u0131ras\u0131nda Tekirda\u011f Nam\u0131k Kemal \u0130l Halk K\u00fct\u00fcphanesi gezilerek, kat\u0131l\u0131mc\u0131lar taraf\u0131ndan de\u011ferlendirilmi\u015ftir. Seminere \u00c7anakkale, Edirne, K\u0131rklareli, Tekirda\u011f, Kocaeli, Sakarya, Yalova, Bursa, Bilecik, Bal\u0131kesir, D\u00fczce illerinden toplam 40 k\u00fct\u00fcphaneci ile KYGM Yard\u0131mc\u0131s\u0131 Ali Odaba\u015f, KYGM Daire Ba\u015fkan\u0131 Ahmet Aldemir, TKD Genel Ba\u015fkan\u0131 Ali Fuat Kartal, Yazar Mine Soysal, Do\u00e7. Dr. Erol Y\u0131lmaz ve Hacettepe BBY B\u00f6l\u00fcm\u00fcnden 2 \u00f6\u011frenci kat\u0131lm\u0131\u015ft\u0131r. Sosyal etkinlik \u00e7er\u00e7evesinde Tekirda\u011f\u2019da bulunan \u00e7e\u015fitli m\u00fczeler ziyaret edilmi\u015ftir. Son derece verimli ge\u00e7en Seminer halk k\u00fct\u00fcphanecileri aras\u0131ndaki ileti\u015fim a\u00e7\u0131s\u0131ndan da yararl\u0131 olmu\u015ftur.<\/p>\n<p>Haberi \u0130leten: <a href=\"http:\/\/www.bbyhaber.com\/bby\/tag\/prof-dr-bulent-yilmaz\">Prof.Dr.B\u00fclent Y\u0131lmaz<\/a><\/p>\n","protected":false},"excerpt":{"rendered":"<p>2006 y\u0131l\u0131ndan bu yana Hacettepe \u00dcniversitesi Bilgi ve Belge Y\u00f6netimi B\u00f6l\u00fcm\u00fc, K\u00fct\u00fcphaneler ve Yay\u0131mlar Genel M\u00fcd\u00fcrl\u00fc\u011f\u00fc, T\u00fcrk K\u00fct\u00fcphaneciler Derne\u011fi, Goethe Enstit\u00fcs\u00fc ve G\u00fcn\u0131\u015f\u0131\u011f\u0131 Kitapl\u0131\u011f\u0131 i\u015fbirli\u011fi ile d\u00fczenlenen Halk K\u00fct\u00fcphaneleri B\u00f6lge Seminerleri\u2019nin yirmi be\u015fincisi 5-6 May\u0131s 2017 tarihlerinde Tekirda\u011f Nam\u0131k Kemal \u0130l Halk K\u00fct\u00fcphanesi ev sahipli\u011finde Tekirda\u011f&#8217;da ger\u00e7ekle\u015ftirilmi\u015ftir.<\/p>\n","protected":false},"author":1,"featured_media":21981,"comment_status":"open","ping_status":"open","sticky":false,"template":"","format":"standard","meta":{"footnotes":""},"categories":[1,1576],"tags":[],"class_list":["post-21980","post","type-post","status-publish","format-standard","has-post-thumbnail","hentry","category-genel","category-halk-kutuphaneleri-bolge-seminerleri"],"_links":{"self":[{"href":"https:\/\/www.bbyhaber.com\/bby\/wp-json\/wp\/v2\/posts\/21980"}],"collection":[{"href":"https:\/\/www.bbyhaber.com\/bby\/wp-json\/wp\/v2\/posts"}],"about":[{"href":"https:\/\/www.bbyhaber.com\/bby\/wp-json\/wp\/v2\/types\/post"}],"author":[{"embeddable":true,"href":"https:\/\/www.bbyhaber.com\/bby\/wp-json\/wp\/v2\/users\/1"}],"replies":[{"embeddable":true,"href":"https:\/\/www.bbyhaber.com\/bby\/wp-json\/wp\/v2\/comments?post=21980"}],"version-history":[{"count":2,"href":"https:\/\/www.bbyhaber.com\/bby\/wp-json\/wp\/v2\/posts\/21980\/revisions"}],"predecessor-version":[{"id":21983,"href":"https:\/\/www.bbyhaber.com\/bby\/wp-json\/wp\/v2\/posts\/21980\/revisions\/21983"}],"wp:featuredmedia":[{"embeddable":true,"href":"https:\/\/www.bbyhaber.com\/bby\/wp-json\/wp\/v2\/media\/21981"}],"wp:attachment":[{"href":"https:\/\/www.bbyhaber.com\/bby\/wp-json\/wp\/v2\/media?parent=21980"}],"wp:term":[{"taxonomy":"category","embeddable":true,"href":"https:\/\/www.bbyhaber.com\/bby\/wp-json\/wp\/v2\/categories?post=21980"},{"taxonomy":"post_tag","embeddable":true,"href":"https:\/\/www.bbyhaber.com\/bby\/wp-json\/wp\/v2\/tags?post=21980"}],"curies":[{"name":"wp","href":"https:\/\/api.w.org\/{rel}","templated":true}]}}