{"id":21973,"date":"2017-05-09T11:35:38","date_gmt":"2017-05-09T08:35:38","guid":{"rendered":"http:\/\/www.bbyhaber.com\/bby\/?p=21973"},"modified":"2017-05-09T11:35:48","modified_gmt":"2017-05-09T08:35:48","slug":"manifestolari-ile-dergiler-sergisi-gerceklestirildi","status":"publish","type":"post","link":"https:\/\/www.bbyhaber.com\/bby\/2017\/05\/09\/manifestolari-ile-dergiler-sergisi-gerceklestirildi","title":{"rendered":"&#8220;Manifestolar\u0131 ile Dergiler&#8221; sergisi ger\u00e7ekle\u015ftirildi"},"content":{"rendered":"<div class=\"short_content\"><a href=\"http:\/\/www.bbyhaber.com\/bby\/wp-content\/uploads\/2017\/05\/selahattinozturk.jpg\"><img loading=\"lazy\" decoding=\"async\" class=\"alignleft  wp-image-21975\" src=\"http:\/\/www.bbyhaber.com\/bby\/wp-content\/uploads\/2017\/05\/selahattinozturk.jpg\" alt=\"\" width=\"255\" height=\"142\" srcset=\"https:\/\/www.bbyhaber.com\/bby\/wp-content\/uploads\/2017\/05\/selahattinozturk.jpg 608w, https:\/\/www.bbyhaber.com\/bby\/wp-content\/uploads\/2017\/05\/selahattinozturk-300x167.jpg 300w\" sizes=\"(max-width: 255px) 100vw, 255px\" \/><\/a>T\u00fcrkiye Dergiler Birli\u011fi (T\u00dcRDEB) ve D\u00fcnya Dergiler Birli\u011fi taraf\u0131ndan ger\u00e7ekle\u015ftirilen &#8220;8. Uluslararas\u0131 Dergi Fuar\u0131&#8221;ndaki &#8220;Manifestolar\u0131 ile Dergiler&#8221; sergisine ziyaret\u00e7iler yo\u011fun ilgi g\u00f6sterdi. Sirkeci Tren Gar\u0131&#8217;ndaki sergiyi haz\u0131rlayan <strong>Merkezefendi \u015eehir K\u00fct\u00fcphanesi M\u00fcd\u00fcr\u00fc Selahattin \u00d6zt\u00fcrk<\/strong>, AA muhabirine yapt\u0131\u011f\u0131 a\u00e7\u0131klamada, sergi i\u00e7in 5 bin dergi aras\u0131ndan se\u00e7ki yapt\u0131\u011f\u0131n\u0131 kaydetti.<\/div>\n<p><!--more--><\/p>\n<div id=\"news_content\" class=\"text_content\">\n<p>\u00d6zt\u00fcrk, ziyaret\u00e7ilerin 80 dergi manifestosunu g\u00f6r\u00fclebilece\u011fine i\u015faret ederek, dergilerin ba\u015fl\u0131klar\u0131 ile \u00e7\u0131k\u0131\u015f sebeplerini anlatan dergi kapaklar\u0131 ve i\u00e7 sayfalar\u0131n sergilendi\u011fini vurgulad\u0131. <strong>K\u00fct\u00fcphaneci<\/strong> olarak <strong>20 y\u0131ld\u0131r s\u00fcreli yay\u0131nlar \u00fczerine ar\u015fiv \u00e7al\u0131\u015fmas\u0131 yapt\u0131\u011f\u0131n\u0131 dile getiren \u00d6zt\u00fcrk<\/strong>, \u015fu bilgileri verdi:<\/p>\n<p>&#8220;S\u00fcreli yay\u0131n k\u00fct\u00fcphanecisi olarak \u00e7al\u0131\u015f\u0131yorum. Yay\u0131nlar\u0131m da var. O yay\u0131nlar i\u00e7in, dergileri kullanmak \u00fczere toplamaya ba\u015flad\u0131m. K\u00fct\u00fcphaneci olarak gelece\u011fe iz b\u0131rakan bu yay\u0131nlar\u0131 topluyorum. Tamam\u0131n\u0131 toplamak demek, Milli K\u00fct\u00fcphanenin yerini almak demek. 1928&#8217;deki harf ink\u0131lab\u0131ndan bug\u00fcne kadar T\u00fcrkiye&#8217;de \u00fcretilmi\u015f t\u00fcm s\u00fcreli yay\u0131nlar\u0131n katalo\u011funu haz\u0131rl\u0131yorum. O maksatla da birinci say\u0131lar\u0131 topluyorum. Bu dergileri k\u00fclt\u00fcr hayat\u0131m\u0131za kazand\u0131ranlar\u0131n da literat\u00fcr\u00fcm\u00fcze girmesini istiyorum.&#8221;<\/p>\n<p>Selahattin \u00d6zt\u00fcrk, sergide \u00f6zellikle 1940&#8217;l\u0131 y\u0131llardan 1990&#8217;l\u0131 y\u0131llara kadar dergilerin bulundu\u011funu belirterek, &#8220;\u0130lk say\u0131s\u0131n\u0131 toplad\u0131\u011f\u0131m dergiler 2 bin 500&#8217;e \u00e7\u0131kt\u0131. Bu fuarda da 38 tane yeni birinci say\u0131 ald\u0131m. Bu bir zenginlik. Dergilerde t\u00fcr ayr\u0131m\u0131 da yok. Gazete, dergi, b\u00fclten, fanzin, \u00e7izgi romanlar da olmak \u00fczere aralar\u0131nda hi\u00e7bir ayr\u0131m yapmadan ula\u015fabildi\u011fim t\u00fcm birinci say\u0131lar\u0131 toplamaya \u00e7al\u0131\u015f\u0131yorum.&#8221; diye konu\u015ftu.<\/p>\n<p><a href=\"http:\/\/www.memleket.com.tr\/\" target=\"_blank\" rel=\"noopener noreferrer\">Kaynak<\/a><\/p>\n<\/div>\n","protected":false},"excerpt":{"rendered":"<p>T\u00fcrkiye Dergiler Birli\u011fi (T\u00dcRDEB) ve D\u00fcnya Dergiler Birli\u011fi taraf\u0131ndan ger\u00e7ekle\u015ftirilen &#8220;8. Uluslararas\u0131 Dergi Fuar\u0131&#8221;ndaki &#8220;Manifestolar\u0131 ile Dergiler&#8221; sergisine ziyaret\u00e7iler yo\u011fun ilgi g\u00f6sterdi. Sirkeci Tren Gar\u0131&#8217;ndaki sergiyi haz\u0131rlayan Merkezefendi \u015eehir K\u00fct\u00fcphanesi M\u00fcd\u00fcr\u00fc Selahattin \u00d6zt\u00fcrk, AA muhabirine yapt\u0131\u011f\u0131 a\u00e7\u0131klamada, sergi i\u00e7in 5 bin dergi aras\u0131ndan se\u00e7ki yapt\u0131\u011f\u0131n\u0131 kaydetti.<\/p>\n","protected":false},"author":1,"featured_media":21975,"comment_status":"open","ping_status":"open","sticky":false,"template":"","format":"standard","meta":{"footnotes":""},"categories":[1],"tags":[],"class_list":["post-21973","post","type-post","status-publish","format-standard","has-post-thumbnail","hentry","category-genel"],"_links":{"self":[{"href":"https:\/\/www.bbyhaber.com\/bby\/wp-json\/wp\/v2\/posts\/21973"}],"collection":[{"href":"https:\/\/www.bbyhaber.com\/bby\/wp-json\/wp\/v2\/posts"}],"about":[{"href":"https:\/\/www.bbyhaber.com\/bby\/wp-json\/wp\/v2\/types\/post"}],"author":[{"embeddable":true,"href":"https:\/\/www.bbyhaber.com\/bby\/wp-json\/wp\/v2\/users\/1"}],"replies":[{"embeddable":true,"href":"https:\/\/www.bbyhaber.com\/bby\/wp-json\/wp\/v2\/comments?post=21973"}],"version-history":[{"count":2,"href":"https:\/\/www.bbyhaber.com\/bby\/wp-json\/wp\/v2\/posts\/21973\/revisions"}],"predecessor-version":[{"id":21977,"href":"https:\/\/www.bbyhaber.com\/bby\/wp-json\/wp\/v2\/posts\/21973\/revisions\/21977"}],"wp:featuredmedia":[{"embeddable":true,"href":"https:\/\/www.bbyhaber.com\/bby\/wp-json\/wp\/v2\/media\/21975"}],"wp:attachment":[{"href":"https:\/\/www.bbyhaber.com\/bby\/wp-json\/wp\/v2\/media?parent=21973"}],"wp:term":[{"taxonomy":"category","embeddable":true,"href":"https:\/\/www.bbyhaber.com\/bby\/wp-json\/wp\/v2\/categories?post=21973"},{"taxonomy":"post_tag","embeddable":true,"href":"https:\/\/www.bbyhaber.com\/bby\/wp-json\/wp\/v2\/tags?post=21973"}],"curies":[{"name":"wp","href":"https:\/\/api.w.org\/{rel}","templated":true}]}}