{"id":21963,"date":"2017-05-09T10:24:27","date_gmt":"2017-05-09T07:24:27","guid":{"rendered":"http:\/\/www.bbyhaber.com\/bby\/?p=21963"},"modified":"2017-05-09T13:01:37","modified_gmt":"2017-05-09T10:01:37","slug":"universite-kutuphanelerinin-sayisi-azaldi","status":"publish","type":"post","link":"https:\/\/www.bbyhaber.com\/bby\/2017\/05\/09\/universite-kutuphanelerinin-sayisi-azaldi","title":{"rendered":"\u00dcniversite k\u00fct\u00fcphanelerinin say\u0131s\u0131 azald\u0131"},"content":{"rendered":"<p><a href=\"http:\/\/www.bbyhaber.com\/bby\/wp-content\/uploads\/2017\/05\/tuik-kartal.jpg\"><img loading=\"lazy\" decoding=\"async\" class=\"alignleft wp-image-21965\" src=\"http:\/\/www.bbyhaber.com\/bby\/wp-content\/uploads\/2017\/05\/tuik-kartal.jpg\" alt=\"\" width=\"265\" height=\"207\" srcset=\"https:\/\/www.bbyhaber.com\/bby\/wp-content\/uploads\/2017\/05\/tuik-kartal.jpg 594w, https:\/\/www.bbyhaber.com\/bby\/wp-content\/uploads\/2017\/05\/tuik-kartal-300x234.jpg 300w\" sizes=\"(max-width: 265px) 100vw, 265px\" \/><\/a>T\u00fcrkiye \u0130statistik Kurumu\u2019nun (T\u00dc\u0130K) son verilerine g\u00f6re \u00fcniversitelerdeki k\u00fct\u00fcphane say\u0131s\u0131 azald\u0131. Konuyla ilgili <strong>4 May\u0131s 2017<\/strong> tarihinde <strong>H\u00fcrriyet gazetesi \u00dcnitag eki<\/strong>nde<strong> Esra \u00dclkar<\/strong>\u2019\u0131n \u201c\u00dcniversite k\u00fct\u00fcphanelerinin say\u0131s\u0131 azald\u0131\u201d ba\u015fl\u0131\u011f\u0131 ile <strong>T\u00fcrk K\u00fct\u00fcphaneciler Derne\u011fi (TKD) Ba\u015fkan\u0131 Ali Fuat KARTAL<\/strong>\u2019\u0131n bir g\u00f6r\u00fc\u015fmesi yay\u0131nland\u0131. G\u00f6r\u00fc\u015f\u00fclen konular \u015f\u00f6yle:<!--more--> &#8220;<strong><a href=\"http:\/\/www.tuik.gov.tr\/PreHaberBultenleri.do?id=21545\" target=\"_blank\" rel=\"noopener noreferrer\">T\u00dc\u0130K&#8217;in son verilerine g\u00f6re<\/a><\/strong>, 2014\u2019te 559 olan \u00fcniversite k\u00fct\u00fcphanelerinin say\u0131s\u0131 2015\u2019te y\u00fczde 0.7 azalarak 555\u2019e indi. Kay\u0131tl\u0131 \u00fcye say\u0131s\u0131 2015\u2019te, 2014 y\u0131l\u0131na g\u00f6re y\u00fczde 1.3 d\u00fc\u015ferek 3 milyon 820 bin 761 oldu. \u00dcstelik buna, kapat\u0131lan 15 vak\u0131f \u00fcniversitesi dahil de\u011fil. \u00a0Kartal, \u201c\u00dcniversite kurulurken belli say\u0131da kitab\u0131 olmas\u0131 gerekiyor. Ama bazen yeni kurulanlar bir yerlerden kitap al\u0131p denetimi ge\u00e7i\u015ftirebiliyor. \u00c7o\u011funda durum vahim\u201d dedi. &#8220;\u00dcniversite say\u0131s\u0131 artmas\u0131na ra\u011fmen nas\u0131l oldu da k\u00fct\u00fcphane say\u0131s\u0131 azald\u0131?&#8221; sorusuna ise, &#8220;baz\u0131 fak\u00fclte k\u00fct\u00fcphaneleri kapanm\u0131\u015f olabilir; bazen bunlar kapat\u0131l\u0131p \u00fcniversitenin merkez k\u00fct\u00fcphanelerine eklenebiliyor&#8221; diye cevap verdi. &#8220;Y\u00d6K&#8217;te k\u00fct\u00fcphaneci arkada\u015flardan olu\u015fan komisyon kuruldu. \u00dcniversite k\u00fct\u00fcphanelerinin standartlar\u0131 belirlendi ve Y\u00d6K&#8217;te bununla ilgili bir toplant\u0131 da yap\u0131ld\u0131.&#8221;<\/p>\n<p>Kartal&#8217;\u0131n iddias\u0131na g\u00f6re &#8220;\u00fcniversitelerde yeteri kadar denetim yap\u0131lm\u0131yor; baz\u0131 vak\u0131f \u00fcniversiteleri denetimleri ge\u00e7ene kadar bir yerlerden kitap al\u0131yor&#8221; diyerek \u015funlara de\u011finiyor. &#8220;Y\u00d6K birtak\u0131m kriterler ar\u0131yor ve bu ba\u011flamda \u00fcniversite k\u00fct\u00fcphanelerinin belli say\u0131da kitaba sahip olmas\u0131 gerekti\u011fini vurguluyor. Baz\u0131 yeni kurulan \u00fcniversiteler bu standartlara dikkat etmiyor. Vak\u0131f \u00fcniversitelerinin bir yerlerden kitap al\u0131p denetimi ge\u00e7i\u015ftirdi\u011fi olabiliyor. Ciddi anlamda bir denetim yap\u0131lm\u0131yor. Vak\u0131f \u00fcniversitelerindeki meslekta\u015flar\u0131m\u0131z asgari \u00fccretle \u00e7al\u0131\u015ft\u0131r\u0131l\u0131yor. Hem kalifiye eleman isteniyor hem \u00fccret verilmiyor. Baz\u0131 vak\u0131f \u00fcniversiteleri d\u0131\u015f\u0131nda durum \u00e7ok vahim. Normalde bir \u00fcniversite kurulaca\u011f\u0131 zaman k\u00fct\u00fcphane \u00f6nce planlanmal\u0131; ama bizde \u00f6yle olmuyor. K\u00fct\u00fcphanelerin \u00fcniversitelerin kalbi oldu\u011fu s\u00f6yleniyor. \u00d6yle de olmal\u0131. En iyi d\u00fcnya \u00fcniversitelerinin s\u0131ralamas\u0131na giren kurumlara bak\u0131ld\u0131\u011f\u0131nda hepsinin \u00e7ok iyi, zengin bir k\u00fct\u00fcphanesi oldu\u011fu g\u00f6r\u00fcl\u00fcyor. K\u00fct\u00fcphanesiz e\u011fitim olmayaca\u011f\u0131, akademik ba\u015far\u0131da bunun \u00f6nemi bu s\u0131ralamalarda da ortaya \u00e7\u0131k\u0131yor. ODT\u00dc, Bo\u011fazi\u00e7i&#8217;nin \u00e7ok zengin k\u00fct\u00fcphaneleri var.&#8221;<\/p>\n","protected":false},"excerpt":{"rendered":"<p>T\u00fcrkiye \u0130statistik Kurumu\u2019nun (T\u00dc\u0130K) son verilerine g\u00f6re \u00fcniversitelerdeki k\u00fct\u00fcphane say\u0131s\u0131 azald\u0131. Konuyla ilgili 4 May\u0131s 2017 tarihinde H\u00fcrriyet gazetesi \u00dcnitag ekinde Esra \u00dclkar\u2019\u0131n \u201c\u00dcniversite k\u00fct\u00fcphanelerinin say\u0131s\u0131 azald\u0131\u201d ba\u015fl\u0131\u011f\u0131 ile T\u00fcrk K\u00fct\u00fcphaneciler Derne\u011fi (TKD) Ba\u015fkan\u0131 Ali Fuat KARTAL\u2019\u0131n bir g\u00f6r\u00fc\u015fmesi yay\u0131nland\u0131. G\u00f6r\u00fc\u015f\u00fclen konular \u015f\u00f6yle:<\/p>\n","protected":false},"author":1,"featured_media":21965,"comment_status":"open","ping_status":"open","sticky":false,"template":"","format":"standard","meta":{"footnotes":""},"categories":[1474,1,1506],"tags":[],"class_list":["post-21963","post","type-post","status-publish","format-standard","has-post-thumbnail","hentry","category-ali-fuat-kartal","category-genel","category-tuik-kutuphane-istatistikleri"],"_links":{"self":[{"href":"https:\/\/www.bbyhaber.com\/bby\/wp-json\/wp\/v2\/posts\/21963"}],"collection":[{"href":"https:\/\/www.bbyhaber.com\/bby\/wp-json\/wp\/v2\/posts"}],"about":[{"href":"https:\/\/www.bbyhaber.com\/bby\/wp-json\/wp\/v2\/types\/post"}],"author":[{"embeddable":true,"href":"https:\/\/www.bbyhaber.com\/bby\/wp-json\/wp\/v2\/users\/1"}],"replies":[{"embeddable":true,"href":"https:\/\/www.bbyhaber.com\/bby\/wp-json\/wp\/v2\/comments?post=21963"}],"version-history":[{"count":8,"href":"https:\/\/www.bbyhaber.com\/bby\/wp-json\/wp\/v2\/posts\/21963\/revisions"}],"predecessor-version":[{"id":21979,"href":"https:\/\/www.bbyhaber.com\/bby\/wp-json\/wp\/v2\/posts\/21963\/revisions\/21979"}],"wp:featuredmedia":[{"embeddable":true,"href":"https:\/\/www.bbyhaber.com\/bby\/wp-json\/wp\/v2\/media\/21965"}],"wp:attachment":[{"href":"https:\/\/www.bbyhaber.com\/bby\/wp-json\/wp\/v2\/media?parent=21963"}],"wp:term":[{"taxonomy":"category","embeddable":true,"href":"https:\/\/www.bbyhaber.com\/bby\/wp-json\/wp\/v2\/categories?post=21963"},{"taxonomy":"post_tag","embeddable":true,"href":"https:\/\/www.bbyhaber.com\/bby\/wp-json\/wp\/v2\/tags?post=21963"}],"curies":[{"name":"wp","href":"https:\/\/api.w.org\/{rel}","templated":true}]}}