{"id":21957,"date":"2017-05-08T16:52:11","date_gmt":"2017-05-08T13:52:11","guid":{"rendered":"http:\/\/www.bbyhaber.com\/bby\/?p=21957"},"modified":"2017-06-22T15:56:31","modified_gmt":"2017-06-22T12:56:31","slug":"tkd-genel-baskani-ali-fuat-kartal-issiz-kutuphaneciler-icin-firmalara-seslendi","status":"publish","type":"post","link":"https:\/\/www.bbyhaber.com\/bby\/2017\/05\/08\/tkd-genel-baskani-ali-fuat-kartal-issiz-kutuphaneciler-icin-firmalara-seslendi","title":{"rendered":"TKD Genel Ba\u015fkan\u0131 Ali Fuat Kartal i\u015finden olan k\u00fct\u00fcphaneciler i\u00e7in firmalara seslendi!"},"content":{"rendered":"<p><a href=\"http:\/\/www.bbyhaber.com\/bby\/wp-content\/uploads\/2017\/05\/afk.jpg\"><img loading=\"lazy\" decoding=\"async\" class=\"alignleft wp-image-21958\" src=\"http:\/\/www.bbyhaber.com\/bby\/wp-content\/uploads\/2017\/05\/afk.jpg\" alt=\"\" width=\"308\" height=\"208\" srcset=\"https:\/\/www.bbyhaber.com\/bby\/wp-content\/uploads\/2017\/05\/afk.jpg 519w, https:\/\/www.bbyhaber.com\/bby\/wp-content\/uploads\/2017\/05\/afk-300x202.jpg 300w, https:\/\/www.bbyhaber.com\/bby\/wp-content\/uploads\/2017\/05\/afk-110x75.jpg 110w\" sizes=\"(max-width: 308px) 100vw, 308px\" \/><\/a>15 Temmuz darbe giri\u015fiminden sonra kapat\u0131lan \u00fcniversite k\u00fct\u00fcphanelerinde \u00e7al\u0131\u015fan meslekta\u015flar\u0131m\u0131z\u0131n \u00e7o\u011fu i\u015fsiz kald\u0131 ve bu s\u00fcre i\u00e7erisinde de \u00e7o\u011fu hi\u00e7bir yerde i\u015f bulamad\u0131. TKD Genel Ba\u015fkan\u0131 Ali Fuat Kartal bu duruma y\u00f6nelik mesleki camiadaki t\u00fcm firmalara bir \u00e7a\u011fr\u0131da bulundu ve a\u015fa\u011f\u0131daki metni yay\u0131nlad\u0131:<!--more--><\/p>\n<p>&#8220;De\u011ferli Firma Temsilcisi Payda\u015flar\u0131m\u0131z,<\/p>\n<p>Bildi\u011finiz gibi \u00fclkemiz 15 Temmuz askeri darbe giri\u015fiminin ba\u015far\u0131s\u0131z olmas\u0131 nedeniyle korkun\u00e7 bir badire atlatt\u0131. \u00dclke olarak hala 15 Temmuzun sanc\u0131lar\u0131n\u0131 ya\u015famaktay\u0131z. Bu s\u00fcre\u00e7ten k\u00fct\u00fcphaneler ve k\u00fct\u00fcphaneciler de pay\u0131na d\u00fc\u015feni ald\u0131.<\/p>\n<p><strong>Kapat\u0131lan \u00fcniversitelerin, k\u00fct\u00fcphanelerinde \u00e7al\u0131\u015fan ve i\u015fsiz kalan meslekta\u015flar\u0131m\u0131z, sadece mesleklerini yap\u0131yorlard\u0131<\/strong>.<\/p>\n<p><strong>Bu meslekta\u015flar\u0131m\u0131z on ayd\u0131r i\u015fsizler. \u0130\u015f ba\u015fvurular\u0131 sadece o \u00fcniversitelerde \u00e7al\u0131\u015ft\u0131klar\u0131 i\u00e7in kabul edilmiyor.<\/strong><\/p>\n<p><strong>Bu hain yap\u0131yla hi\u00e7bir \u015fekilde ili\u015fkisi olmayan, g\u00fcvenlik soru\u015fturmalar\u0131 kendilerinin iste\u011fi \u00fczerine valilik\u00e7e yap\u0131lan ve temiz \u00e7\u0131kan\u00a0meslekta\u015flar\u0131m\u0131z son derece zor \u015fartlarda ya\u015fam m\u00fccadelesi vermektedirler.<\/strong><\/p>\n<p>Say\u0131n Cumhurba\u015fkan\u0131m\u0131z taraf\u0131ndan ba\u015flat\u0131lan istihdam seferberli\u011finden de cesaret alarak, bu iletiyi siz de\u011ferli firma temsilcisi payda\u015flar\u0131m\u0131za liste \u00fczerinden iletmek istedim.<\/p>\n<p><strong>\u0130stihdam politikalar\u0131n\u0131z\u0131 zorlayarak, her biri tecr\u00fcbeli ve iyi yeti\u015fmi\u015f bu arkada\u015flar\u0131m\u0131za \u00e7al\u0131\u015fma \u015fans\u0131 tan\u0131man\u0131z k\u00fct\u00fcphanecilik camias\u0131nca takdirle kar\u015f\u0131lanacakt\u0131r. \u00a0\u00a0\u00a0\u00a0<\/strong><\/p>\n<p>Bu a\u00e7\u0131k davetimize g\u00f6sterece\u011finiz duyarl\u0131l\u0131k i\u00e7in \u015fimdiden te\u015fekk\u00fcrlerimi ve sayg\u0131lar\u0131m\u0131 sunuyorum.&#8221;<\/p>\n<p>Ali Fuat Kartal<\/p>\n<p>TKD Genel Ba\u015fkan\u0131<\/p>\n","protected":false},"excerpt":{"rendered":"<p>15 Temmuz darbe giri\u015fiminden sonra kapat\u0131lan \u00fcniversite k\u00fct\u00fcphanelerinde \u00e7al\u0131\u015fan meslekta\u015flar\u0131m\u0131z\u0131n \u00e7o\u011fu i\u015fsiz kald\u0131 ve bu s\u00fcre i\u00e7erisinde de \u00e7o\u011fu hi\u00e7bir yerde i\u015f bulamad\u0131. TKD Genel Ba\u015fkan\u0131 Ali Fuat Kartal bu duruma y\u00f6nelik mesleki camiadaki t\u00fcm firmalara bir \u00e7a\u011fr\u0131da bulundu ve a\u015fa\u011f\u0131daki metni yay\u0131nlad\u0131:<\/p>\n","protected":false},"author":1,"featured_media":21958,"comment_status":"open","ping_status":"open","sticky":false,"template":"","format":"standard","meta":{"footnotes":""},"categories":[1474,1],"tags":[887],"class_list":["post-21957","post","type-post","status-publish","format-standard","has-post-thumbnail","hentry","category-ali-fuat-kartal","category-genel","tag-ohal-ve-kutuphaneler"],"_links":{"self":[{"href":"https:\/\/www.bbyhaber.com\/bby\/wp-json\/wp\/v2\/posts\/21957"}],"collection":[{"href":"https:\/\/www.bbyhaber.com\/bby\/wp-json\/wp\/v2\/posts"}],"about":[{"href":"https:\/\/www.bbyhaber.com\/bby\/wp-json\/wp\/v2\/types\/post"}],"author":[{"embeddable":true,"href":"https:\/\/www.bbyhaber.com\/bby\/wp-json\/wp\/v2\/users\/1"}],"replies":[{"embeddable":true,"href":"https:\/\/www.bbyhaber.com\/bby\/wp-json\/wp\/v2\/comments?post=21957"}],"version-history":[{"count":6,"href":"https:\/\/www.bbyhaber.com\/bby\/wp-json\/wp\/v2\/posts\/21957\/revisions"}],"predecessor-version":[{"id":22211,"href":"https:\/\/www.bbyhaber.com\/bby\/wp-json\/wp\/v2\/posts\/21957\/revisions\/22211"}],"wp:featuredmedia":[{"embeddable":true,"href":"https:\/\/www.bbyhaber.com\/bby\/wp-json\/wp\/v2\/media\/21958"}],"wp:attachment":[{"href":"https:\/\/www.bbyhaber.com\/bby\/wp-json\/wp\/v2\/media?parent=21957"}],"wp:term":[{"taxonomy":"category","embeddable":true,"href":"https:\/\/www.bbyhaber.com\/bby\/wp-json\/wp\/v2\/categories?post=21957"},{"taxonomy":"post_tag","embeddable":true,"href":"https:\/\/www.bbyhaber.com\/bby\/wp-json\/wp\/v2\/tags?post=21957"}],"curies":[{"name":"wp","href":"https:\/\/api.w.org\/{rel}","templated":true}]}}