{"id":21904,"date":"2017-05-01T18:05:18","date_gmt":"2017-05-01T15:05:18","guid":{"rendered":"http:\/\/www.bbyhaber.com\/bby\/?p=21904"},"modified":"2017-05-01T23:16:20","modified_gmt":"2017-05-01T20:16:20","slug":"esekli-kutuphaneci-mustafa-guzelgozun-heykeli-kartalda-acildi","status":"publish","type":"post","link":"https:\/\/www.bbyhaber.com\/bby\/2017\/05\/01\/esekli-kutuphaneci-mustafa-guzelgozun-heykeli-kartalda-acildi","title":{"rendered":"E\u015fekli k\u00fct\u00fcphaneci Mustafa G\u00fczelg\u00f6z\u2019\u00fcn heykeli Kartal\u2019da a\u00e7\u0131ld\u0131"},"content":{"rendered":"<p><a href=\"http:\/\/www.bbyhaber.com\/bby\/wp-content\/uploads\/2017\/05\/esekli-kutuphaneci-mustafa-guzelgoz-un-heykeli-kartal-da-acildi1.jpg\"><img loading=\"lazy\" decoding=\"async\" class=\"alignleft wp-image-21905\" src=\"http:\/\/www.bbyhaber.com\/bby\/wp-content\/uploads\/2017\/05\/esekli-kutuphaneci-mustafa-guzelgoz-un-heykeli-kartal-da-acildi1.jpg\" alt=\"\" width=\"345\" height=\"211\" srcset=\"https:\/\/www.bbyhaber.com\/bby\/wp-content\/uploads\/2017\/05\/esekli-kutuphaneci-mustafa-guzelgoz-un-heykeli-kartal-da-acildi1.jpg 640w, https:\/\/www.bbyhaber.com\/bby\/wp-content\/uploads\/2017\/05\/esekli-kutuphaneci-mustafa-guzelgoz-un-heykeli-kartal-da-acildi1-300x183.jpg 300w\" sizes=\"(max-width: 345px) 100vw, 345px\" \/><\/a>Kartal Meydan\u0131\u2019nda ger\u00e7ekle\u015ftirilen a\u00e7\u0131l\u0131\u015fa Kartal Belediye Ba\u015fkan\u0131 Op. Dr. Alt\u0131nok \u00d6z ve e\u015fi Feray \u00d6z\u2019\u00fcn yan\u0131 s\u0131ra; Mustafa G\u00fczelg\u00f6z\u2019\u00fcn ailesi ad\u0131na torunu Mustafa G\u00fczelg\u00f6z, Sakarya Kocaali Kaymakam\u0131, ayn\u0131 zamanda \u00dcrg\u00fcp Eski Kaymakam\u0131 Alper Balc\u0131, Artvin Kemalpa\u015fa Belediye Ba\u015fkan\u0131 Erg\u00fcl Ak\u00e7i\u00e7ek, Yalova Koru Belediye Ba\u015fkan\u0131 Kamil Yaman, K\u0131br\u0131s Esentepe Belediye Ba\u015fkan\u0131 Cemal Erdo\u011fan, Bosna Sijenica Belediye Ba\u015fkan\u0131 Hazbo Mujovi\u00e7,<!--more--> Sijenica Meclis Ba\u015fkan\u0131 Muhedin Fijuljenin, T\u00fcrk K\u00fct\u00fcphaneciler Derne\u011fi Genel Ba\u015fkan Yard\u0131mc\u0131s\u0131 ve Okul K\u00fct\u00fcphaneleri Derne\u011fi Genel Ba\u015fkan\u0131\u00a0ve Tayfun Talipo\u011flu ile birlikte \u2018E\u015fekle Gelen Ayd\u0131nl\u0131k\u2019 kitab\u0131n\u0131 kaleme alan Yazar Ayd\u0131n \u0130leri, Av. Celal \u00dclgen, Kartal Belediyesi Ba\u015fkan Yard\u0131mc\u0131lar\u0131, Meclis \u00dcyeleri, Kartal Belediyesi birim m\u00fcd\u00fcrleri, Kartal CHP Kad\u0131n Kollar\u0131 Ba\u015fkan\u0131 Kiraz Uzunta\u015f ve \u00e7ok say\u0131da Kartall\u0131 vatanda\u015f kat\u0131ld\u0131.<\/p>\n<p>Konu\u015fmas\u0131nda ayd\u0131nlanma yolunda hizmet veren Cumhuriyet\u00e7ilere de\u011finen Kartal Belediye Ba\u015fkan\u0131 Op. Dr. Alt\u0131nok \u00d6z, \u201cK\u00f6y Enstit\u00fclerinin \u00f6n\u00fc, ayd\u0131nlanman\u0131n \u00f6n\u00fc nas\u0131l t\u0131kand\u0131ysa, Mustafa G\u00fczelg\u00f6z\u2019\u00fcn yapt\u0131\u011f\u0131 ba\u015far\u0131l\u0131 \u00e7al\u0131\u015fmalar\u0131n, m\u00fcfetti\u015f soru\u015fturmalar\u0131 ile nas\u0131l t\u0131kand\u0131\u011f\u0131n\u0131 biliyoruz. Bu sadece bir e\u015fek ve Mustafa de\u011fil. Bu heykel, Anadolu\u2019da k\u0131t olanaklar i\u00e7inde, \u00e7al\u0131\u015fma a\u015fk\u0131 olan vizyon sahibi bir insan\u0131n, kendi insan\u0131na yapt\u0131\u011f\u0131 hizmetlerin bir simgesidir. Bu sadece bir e\u015fek de\u011fil ayd\u0131nlanma yolunda hizmet veren bir ara\u00e7t\u0131r. Biz buna bu g\u00f6zle bakmal\u0131y\u0131z. Ayd\u0131nlanmay\u0131 kabullenmeyen, \u00f6zg\u00fcr birey olmaktansa \u00fcmmet olmay\u0131 veya insanlar\u0131n biat k\u00fclt\u00fcr\u00fcn\u00fc geli\u015ftiren zihniyeti yok sayan bir harekete sayg\u0131 duymam\u0131z ve arkas\u0131nda durmam\u0131z gerekiyor. Bat\u0131dan 200 y\u0131l sonra matbaay\u0131 getirmi\u015f ve sadece 17 kitap basm\u0131\u015f bir millet olarak, bu heykel, halk \u00f6\u011frenmesin diye kendi kutsal kitab\u0131n\u0131 bile matbaada basmayan bir zihniyete kar\u015f\u0131 bir yolculu\u011fun g\u00fczel bir \u00f6rne\u011fidir. \u00c7ok be\u011fendikleri, sevdikleri ve gururla anlatt\u0131klar\u0131 d\u00f6nemden, Cumhuriyete miras b\u0131rakt\u0131klar\u0131, erkeklerin okuma yazma oran\u0131 % 3 iken kad\u0131nlar\u0131n binde birinin okuryazar olu\u015fu. \u0130\u015fte bu cahilli\u011fi yok etmeye \u00e7al\u0131\u015fan bu yi\u011fit Anadolu evlad\u0131n\u0131n \u00e7ok \u00f6nemli bir simgesi var, o da bu ayd\u0131nlanma yolundaki ba\u015far\u0131l\u0131 \u00e7al\u0131\u015fmalar\u0131. Biz bunu \u00f6ne \u00e7\u0131kartmaya \u00e7al\u0131\u015ft\u0131k. Hizmet eden, eme\u011fi ge\u00e7en t\u00fcm arkada\u015flar\u0131ma te\u015fekk\u00fcr ediyorum. Ayd\u0131nlanma yolunda s\u00f6yleyecek bir tek \u015fey var. O da Mustafa Kemal Atat\u00fcrk\u2019\u00fcn s\u00f6z\u00fcd\u00fcr. &#8211; Umutsuz durum yoktur. Umutsuz insan vard\u0131r. Ben umudumu hi\u00e7 kaybetmedim- diyor. O kaybetmedi, biz de kaybetmiyoruz. Umuda yolculu\u011fumuz, ayd\u0131nl\u0131\u011fa yolculu\u011fumuz, Atat\u00fcrk\u2019\u00fcn izinde devam edecektir. Hepinize kat\u0131l\u0131m\u0131n\u0131z i\u00e7in te\u015fekk\u00fcr ediyorum\u201d dedi.<\/p>\n<p><a href=\"http:\/\/www.bbyhaber.com\/bby\/wp-content\/uploads\/2017\/05\/esekli-kutuphaneci-mustafa-guzelgoz-un-heykeli-kartal-da-acildi.jpg\"><img loading=\"lazy\" decoding=\"async\" class=\"alignleft wp-image-21906\" src=\"http:\/\/www.bbyhaber.com\/bby\/wp-content\/uploads\/2017\/05\/esekli-kutuphaneci-mustafa-guzelgoz-un-heykeli-kartal-da-acildi.jpg\" alt=\"\" width=\"321\" height=\"178\" srcset=\"https:\/\/www.bbyhaber.com\/bby\/wp-content\/uploads\/2017\/05\/esekli-kutuphaneci-mustafa-guzelgoz-un-heykeli-kartal-da-acildi.jpg 650w, https:\/\/www.bbyhaber.com\/bby\/wp-content\/uploads\/2017\/05\/esekli-kutuphaneci-mustafa-guzelgoz-un-heykeli-kartal-da-acildi-300x166.jpg 300w\" sizes=\"(max-width: 321px) 100vw, 321px\" \/><\/a>A\u00e7\u0131l\u0131\u015fta konu\u015fmas\u0131n\u0131 yapan T\u00fcrk K\u00fct\u00fcphaneciler Derne\u011fi Genel Ba\u015fkan Yard\u0131mc\u0131s\u0131 ve Okul K\u00fct\u00fcphaneleri Derne\u011fi Genel Ba\u015fkan\u0131 Ayd\u0131n \u0130leri ise \u201c Kartal tarihi bir an ya\u015f\u0131yor. Bu bir vefa \u00f6devidir. Nev\u015fehir\u2019de bile g\u00f6remedi\u011fimiz heykelin Kartal\u2019da a\u00e7\u0131l\u0131\u015f\u0131n\u0131 yap\u0131yoruz. Kartal Belediye Ba\u015fkan\u0131 Op. Dr. Alt\u0131nok \u00d6z, vefa \u00f6devini yerine getirdi. Ben, Kartal Belediye Ba\u015fkan\u0131 Op. Dr. Alt\u0131nok \u00d6z\u2019e ve heykelt\u0131ra\u015f Niyazi Dedeo\u011flu\u2019na \u00e7ok te\u015fekk\u00fcr ediyorum. Bug\u00fcn bir kez daha Kartal\u2019\u0131n marka de\u011feri ortaya \u00e7\u0131km\u0131\u015f oldu. Her mesle\u011fin kahramanlar\u0131 vard\u0131r. Biz k\u00fct\u00fcphanecilerin de kahraman\u0131 Mustafa G\u00fczelg\u00f6z\u2019d\u00fcr. Biz ondan sonra \u00e7ok yol kat edemedik. Bug\u00fcn burada olan herkese te\u015fekk\u00fcr ediyorum\u201d dedi.<\/p>\n<p>Mustafa G\u00fczelg\u00f6z\u2019\u00fcn torunu Mustafa G\u00fczelg\u00f6z de yapt\u0131\u011f\u0131 konu\u015fmada, dedesinin hayat\u0131na de\u011finerek \u201cDedem, &#8211; bir insan\u0131 de\u011fi\u015ftirmek d\u00fcnyay\u0131 de\u011fi\u015ftirmektir &#8211; mant\u0131\u011f\u0131 ile yollara \u00e7\u0131km\u0131\u015f. Kitaplarla yolumuzun ayd\u0131nlanaca\u011f\u0131n\u0131 unutmayal\u0131m. Ben Mustafa G\u00fczelg\u00f6z\u2019e minnettar\u0131m. Kartal Belediyesi Ba\u015fkan\u0131 Op. Dr. Alt\u0131nok \u00d6z\u2019e ve Kartal Belediyesi\u2019ne te\u015fekk\u00fcr ediyorum\u201d dedi.<\/p>\n<p>Konu\u015fmalar\u0131n ard\u0131ndan \u2018E\u015fekli K\u00fct\u00fcphaneci Mustafa G\u00fczelg\u00f6z\u2019 heykeli, t\u00f6renle a\u00e7\u0131ld\u0131. A\u00e7\u0131l\u0131\u015f\u0131n ard\u0131ndan, Kartal Belediye Ba\u015fkan\u0131 Op. Dr. Alt\u0131nok \u00d6z, Mustafa G\u00fczelg\u00f6z\u2019\u00fcn torunu Mustafa G\u00fczelg\u00f6z\u2019e, Orhan \u00c7eki\u00e7\u2019in \u20181938 Son Y\u0131l\u2019 adl\u0131 kitab\u0131n\u0131 hediye etti.<\/p>\n<p><a href=\"http:\/\/www.gunedogushaber.com\" target=\"_blank\" rel=\"noopener noreferrer\">Kaynak<\/a><\/p>\n","protected":false},"excerpt":{"rendered":"<p>Kartal Meydan\u0131\u2019nda ger\u00e7ekle\u015ftirilen a\u00e7\u0131l\u0131\u015fa Kartal Belediye Ba\u015fkan\u0131 Op. Dr. Alt\u0131nok \u00d6z ve e\u015fi Feray \u00d6z\u2019\u00fcn yan\u0131 s\u0131ra; Mustafa G\u00fczelg\u00f6z\u2019\u00fcn ailesi ad\u0131na torunu Mustafa G\u00fczelg\u00f6z, Sakarya Kocaali Kaymakam\u0131, ayn\u0131 zamanda \u00dcrg\u00fcp Eski Kaymakam\u0131 Alper Balc\u0131, Artvin Kemalpa\u015fa Belediye Ba\u015fkan\u0131 Erg\u00fcl Ak\u00e7i\u00e7ek, Yalova Koru Belediye Ba\u015fkan\u0131 Kamil Yaman, K\u0131br\u0131s Esentepe Belediye Ba\u015fkan\u0131 Cemal Erdo\u011fan, Bosna Sijenica Belediye [&hellip;]<\/p>\n","protected":false},"author":1,"featured_media":21905,"comment_status":"open","ping_status":"open","sticky":false,"template":"","format":"standard","meta":{"footnotes":""},"categories":[1575,1],"tags":[177],"class_list":["post-21904","post","type-post","status-publish","format-standard","has-post-thumbnail","hentry","category-esekli-kutuphaneci","category-genel","tag-mustafa-guzelgoz"],"_links":{"self":[{"href":"https:\/\/www.bbyhaber.com\/bby\/wp-json\/wp\/v2\/posts\/21904"}],"collection":[{"href":"https:\/\/www.bbyhaber.com\/bby\/wp-json\/wp\/v2\/posts"}],"about":[{"href":"https:\/\/www.bbyhaber.com\/bby\/wp-json\/wp\/v2\/types\/post"}],"author":[{"embeddable":true,"href":"https:\/\/www.bbyhaber.com\/bby\/wp-json\/wp\/v2\/users\/1"}],"replies":[{"embeddable":true,"href":"https:\/\/www.bbyhaber.com\/bby\/wp-json\/wp\/v2\/comments?post=21904"}],"version-history":[{"count":5,"href":"https:\/\/www.bbyhaber.com\/bby\/wp-json\/wp\/v2\/posts\/21904\/revisions"}],"predecessor-version":[{"id":21911,"href":"https:\/\/www.bbyhaber.com\/bby\/wp-json\/wp\/v2\/posts\/21904\/revisions\/21911"}],"wp:featuredmedia":[{"embeddable":true,"href":"https:\/\/www.bbyhaber.com\/bby\/wp-json\/wp\/v2\/media\/21905"}],"wp:attachment":[{"href":"https:\/\/www.bbyhaber.com\/bby\/wp-json\/wp\/v2\/media?parent=21904"}],"wp:term":[{"taxonomy":"category","embeddable":true,"href":"https:\/\/www.bbyhaber.com\/bby\/wp-json\/wp\/v2\/categories?post=21904"},{"taxonomy":"post_tag","embeddable":true,"href":"https:\/\/www.bbyhaber.com\/bby\/wp-json\/wp\/v2\/tags?post=21904"}],"curies":[{"name":"wp","href":"https:\/\/api.w.org\/{rel}","templated":true}]}}