{"id":21894,"date":"2017-04-28T16:18:20","date_gmt":"2017-04-28T13:18:20","guid":{"rendered":"http:\/\/www.bbyhaber.com\/bby\/?p=21894"},"modified":"2017-05-10T16:05:03","modified_gmt":"2017-05-10T13:05:03","slug":"belirli-sureli-arsivci-ilani-malatyada-6-aylik-arsiv-projesi-son-basvuru-10-mayis-2017","status":"publish","type":"post","link":"https:\/\/www.bbyhaber.com\/bby\/2017\/04\/28\/belirli-sureli-arsivci-ilani-malatyada-6-aylik-arsiv-projesi-son-basvuru-10-mayis-2017","title":{"rendered":"Belirli S\u00fcreli Ar\u015fivci \u0130\u015f \u0130lan\u0131 \u2013>Malatya&#8217;da 6 Ayl\u0131k Ar\u015fiv Projesi &#8211; Son Ba\u015fvuru-10 May\u0131s 2017"},"content":{"rendered":"<p><a href=\"http:\/\/www.bbyhaber.com\/bby\/wp-content\/uploads\/2017\/04\/Ar\u015fivci.png\"><img loading=\"lazy\" decoding=\"async\" class=\"alignleft wp-image-21895 \" src=\"http:\/\/www.bbyhaber.com\/bby\/wp-content\/uploads\/2017\/04\/Ar\u015fivci.png\" alt=\"\" width=\"150\" height=\"130\" \/><\/a>Malatya merkezde 6 ayl\u0131k ar\u015fiv projesinde g\u00f6revlendirilmek \u00fczere Bilgi ve Belge Y\u00f6netimi, Ar\u015fivcilik, Dok\u00fcmantasyon vb. b\u00f6l\u00fcm mezunu ar\u015fivci istihdam edilecektir.<br \/>\n<!--more--><\/p>\n<p>\u0130lgilenen ki\u015filer,\u00a0<a href=\"mailto:info@dijitalarsiv.com\" target=\"_blank\" rel=\"noopener noreferrer\">info@dijitalarsiv.com<\/a> adresine CV&#8217;lerini g\u00f6nderebilirler.<\/p>\n<p><strong>Son ba\u015fvuru tarihi:<\/strong> <strong><span style=\"color: #ff0000;\">10.05.2017<\/span> <\/strong><\/p>\n","protected":false},"excerpt":{"rendered":"<p>Malatya merkezde 6 ayl\u0131k ar\u015fiv projesinde g\u00f6revlendirilmek \u00fczere Bilgi ve Belge Y\u00f6netimi, Ar\u015fivcilik, Dok\u00fcmantasyon vb. b\u00f6l\u00fcm mezunu ar\u015fivci istihdam edilecektir.<\/p>\n","protected":false},"author":129,"featured_media":21895,"comment_status":"open","ping_status":"open","sticky":false,"template":"","format":"standard","meta":{"footnotes":""},"categories":[],"tags":[1393],"class_list":["post-21894","post","type-post","status-publish","format-standard","has-post-thumbnail","hentry","tag-bby-is-ilanlari-arsivi"],"_links":{"self":[{"href":"https:\/\/www.bbyhaber.com\/bby\/wp-json\/wp\/v2\/posts\/21894"}],"collection":[{"href":"https:\/\/www.bbyhaber.com\/bby\/wp-json\/wp\/v2\/posts"}],"about":[{"href":"https:\/\/www.bbyhaber.com\/bby\/wp-json\/wp\/v2\/types\/post"}],"author":[{"embeddable":true,"href":"https:\/\/www.bbyhaber.com\/bby\/wp-json\/wp\/v2\/users\/129"}],"replies":[{"embeddable":true,"href":"https:\/\/www.bbyhaber.com\/bby\/wp-json\/wp\/v2\/comments?post=21894"}],"version-history":[{"count":6,"href":"https:\/\/www.bbyhaber.com\/bby\/wp-json\/wp\/v2\/posts\/21894\/revisions"}],"predecessor-version":[{"id":21903,"href":"https:\/\/www.bbyhaber.com\/bby\/wp-json\/wp\/v2\/posts\/21894\/revisions\/21903"}],"wp:featuredmedia":[{"embeddable":true,"href":"https:\/\/www.bbyhaber.com\/bby\/wp-json\/wp\/v2\/media\/21895"}],"wp:attachment":[{"href":"https:\/\/www.bbyhaber.com\/bby\/wp-json\/wp\/v2\/media?parent=21894"}],"wp:term":[{"taxonomy":"category","embeddable":true,"href":"https:\/\/www.bbyhaber.com\/bby\/wp-json\/wp\/v2\/categories?post=21894"},{"taxonomy":"post_tag","embeddable":true,"href":"https:\/\/www.bbyhaber.com\/bby\/wp-json\/wp\/v2\/tags?post=21894"}],"curies":[{"name":"wp","href":"https:\/\/api.w.org\/{rel}","templated":true}]}}