{"id":21813,"date":"2017-04-25T08:46:19","date_gmt":"2017-04-25T05:46:19","guid":{"rendered":"http:\/\/www.bbyhaber.com\/bby\/?p=21813"},"modified":"2017-04-25T09:23:31","modified_gmt":"2017-04-25T06:23:31","slug":"istanbula-24-saat-acik-bir-kutuphane-daha","status":"publish","type":"post","link":"https:\/\/www.bbyhaber.com\/bby\/2017\/04\/25\/istanbula-24-saat-acik-bir-kutuphane-daha","title":{"rendered":"\u0130stanbul&#8217;a 24 saat a\u00e7\u0131k bir k\u00fct\u00fcphane daha"},"content":{"rendered":"<p><a href=\"http:\/\/www.bbyhaber.com\/bby\/wp-content\/uploads\/2017\/04\/64910-compressor.jpg\"><img loading=\"lazy\" decoding=\"async\" class=\"alignleft wp-image-21814\" src=\"http:\/\/www.bbyhaber.com\/bby\/wp-content\/uploads\/2017\/04\/64910-compressor.jpg\" alt=\"\" width=\"277\" height=\"146\" srcset=\"https:\/\/www.bbyhaber.com\/bby\/wp-content\/uploads\/2017\/04\/64910-compressor.jpg 702w, https:\/\/www.bbyhaber.com\/bby\/wp-content\/uploads\/2017\/04\/64910-compressor-300x158.jpg 300w, https:\/\/www.bbyhaber.com\/bby\/wp-content\/uploads\/2017\/04\/64910-compressor-310x165.jpg 310w, https:\/\/www.bbyhaber.com\/bby\/wp-content\/uploads\/2017\/04\/64910-compressor-475x252.jpg 475w\" sizes=\"(max-width: 277px) 100vw, 277px\" \/><\/a>Ge\u00e7ti\u011fimiz sene Zeytinburnu Belediyesi taraf\u0131ndan Merkezefendi&#8217;de hizmete a\u00e7\u0131lan \u015eehir K\u00fct\u00fcphanesi, sessiz sakin konumu ve al\u0131\u015fagelmi\u015fin d\u0131\u015f\u0131nda hizmetleriyle k\u0131sa s\u00fcrede kitapseverlerin u\u011frak noktas\u0131 oldu. \u00c7ay, \u00e7orba ve kahvenin \u00fccretsiz oldu\u011fu k\u00fct\u00fcphanede artan ilgi sebebiyle k\u00fct\u00fcphanenin 7 g\u00fcn 24 saat a\u00e7\u0131k olmas\u0131na karar verildi. 115 ki\u015filik k\u00fct\u00fcphaneyi, \u00fcniversite ve kurs s\u0131navlar\u0131na haz\u0131rlanan \u00f6\u011frenciler d\u0131\u015f\u0131nda ara\u015ft\u0131rma yapmak ve kitap okumak i\u00e7in de bir\u00e7ok vatanda\u015f ziyaret ediyor. 1100 raf kapasiteli k\u00fct\u00fcphanede \u015fu an i\u00e7in 21 bin tematik kitap bulunuyor.<!--more--><\/p>\n<p><strong>\u00c7ay, \u00e7orba, kahve, fotokopi ve internet \u00fccretsiz!<\/strong><\/p>\n<p>Okuyucular\u0131n 10 sayfaya kadar \u00fccretsiz dijital bask\u0131 ve fotokopi hizmetinden yararlanabildi\u011fi k\u00fct\u00fcphanede kablosuz internetten de faydalanmak m\u00fcmk\u00fcn.<\/p>\n<p>Seminer, s\u00f6yle\u015fi ve tan\u0131t\u0131m i\u00e7in 68 ki\u015filik konferans salonunun yapt\u0131r\u0131ld\u0131\u011f\u0131 k\u00fct\u00fcphanenin en \u00fcst kat\u0131nda ise cihann\u00fcma benzeri 360 derecelik seyir kulesi bulunuyor. Zeytinburnu\u2019nun izlenebildi\u011fi seyir kulesinde ayn\u0131 zamanda fikir meclisleri de ger\u00e7ekle\u015ftiriliyor. Otomasyon ve ak\u0131ll\u0131 k\u00fct\u00fcphane sistemi sayesinde katalog tarama, e-yay\u0131n bulma ve bilgilendirmenin yap\u0131labildi\u011fi k\u00fct\u00fcphanede may\u0131s ay\u0131 itibariyle dileyen okuyucu 15 g\u00fcnl\u00fc\u011f\u00fcne 2 adet \u00f6d\u00fcn\u00e7 kitap alabilecek.<\/p>\n<p><strong>\u00dc\u00e7\u00fcnc\u00fc Ya\u015fam Alan\u0131<\/strong><\/p>\n<p>1500\u2019l\u00fc y\u0131llardan kalma \u015eeyh \u00c7elebi ve \u0130smail Dede Efendi\u2019nin \u015fiirlerini besteledi\u011fi Yenikap\u0131 Mevlevihanesi, hafta sonlar\u0131 tasavvuf ve T\u00fcrk sanat m\u00fczi\u011finin icra edildi\u011fi Na\u011fmedar ve Panorama 1453 Tarih M\u00fczesi\u2019nin tam ortas\u0131nda kalan Merkezefendi \u015eehir K\u00fct\u00fcphanesi, farkl\u0131 mimarisi, e\u015fsiz sakin ortam\u0131, \u00fccretiz hizmetleri ve 24 saat a\u00e7\u0131k olmas\u0131yla \u015fimdiden d\u00fcnyan\u0131n en ilgin\u00e7 k\u00fct\u00fcphanelerinden biri olmaya aday durumda.<\/p>\n<p><a href=\"http:\/\/www.istanbulajansi.ist\" target=\"_blank\" rel=\"noopener noreferrer\">Kaynak<\/a><\/p>\n<p><em>Haberi \u0130leten:\u00a0Selahattin \u00d6zt\u00fcrk\u00a0<\/em><\/p>\n","protected":false},"excerpt":{"rendered":"<p>Ge\u00e7ti\u011fimiz sene Zeytinburnu Belediyesi taraf\u0131ndan Merkezefendi&#8217;de hizmete a\u00e7\u0131lan \u015eehir K\u00fct\u00fcphanesi, sessiz sakin konumu ve al\u0131\u015fagelmi\u015fin d\u0131\u015f\u0131nda hizmetleriyle k\u0131sa s\u00fcrede kitapseverlerin u\u011frak noktas\u0131 oldu. \u00c7ay, \u00e7orba ve kahvenin \u00fccretsiz oldu\u011fu k\u00fct\u00fcphanede artan ilgi sebebiyle k\u00fct\u00fcphanenin 7 g\u00fcn 24 saat a\u00e7\u0131k olmas\u0131na karar verildi. 115 ki\u015filik k\u00fct\u00fcphaneyi, \u00fcniversite ve kurs s\u0131navlar\u0131na haz\u0131rlanan \u00f6\u011frenciler d\u0131\u015f\u0131nda ara\u015ft\u0131rma yapmak ve [&hellip;]<\/p>\n","protected":false},"author":1,"featured_media":21814,"comment_status":"open","ping_status":"open","sticky":false,"template":"","format":"standard","meta":{"footnotes":""},"categories":[1530],"tags":[1451],"class_list":["post-21813","post","type-post","status-publish","format-standard","has-post-thumbnail","hentry","category-7-24-kutuphane-hizmeti","tag-belediye-kutuphaneleri"],"_links":{"self":[{"href":"https:\/\/www.bbyhaber.com\/bby\/wp-json\/wp\/v2\/posts\/21813"}],"collection":[{"href":"https:\/\/www.bbyhaber.com\/bby\/wp-json\/wp\/v2\/posts"}],"about":[{"href":"https:\/\/www.bbyhaber.com\/bby\/wp-json\/wp\/v2\/types\/post"}],"author":[{"embeddable":true,"href":"https:\/\/www.bbyhaber.com\/bby\/wp-json\/wp\/v2\/users\/1"}],"replies":[{"embeddable":true,"href":"https:\/\/www.bbyhaber.com\/bby\/wp-json\/wp\/v2\/comments?post=21813"}],"version-history":[{"count":3,"href":"https:\/\/www.bbyhaber.com\/bby\/wp-json\/wp\/v2\/posts\/21813\/revisions"}],"predecessor-version":[{"id":21821,"href":"https:\/\/www.bbyhaber.com\/bby\/wp-json\/wp\/v2\/posts\/21813\/revisions\/21821"}],"wp:featuredmedia":[{"embeddable":true,"href":"https:\/\/www.bbyhaber.com\/bby\/wp-json\/wp\/v2\/media\/21814"}],"wp:attachment":[{"href":"https:\/\/www.bbyhaber.com\/bby\/wp-json\/wp\/v2\/media?parent=21813"}],"wp:term":[{"taxonomy":"category","embeddable":true,"href":"https:\/\/www.bbyhaber.com\/bby\/wp-json\/wp\/v2\/categories?post=21813"},{"taxonomy":"post_tag","embeddable":true,"href":"https:\/\/www.bbyhaber.com\/bby\/wp-json\/wp\/v2\/tags?post=21813"}],"curies":[{"name":"wp","href":"https:\/\/api.w.org\/{rel}","templated":true}]}}