{"id":21718,"date":"2017-04-21T15:29:02","date_gmt":"2017-04-21T12:29:02","guid":{"rendered":"http:\/\/www.bbyhaber.com\/bby\/?p=21718"},"modified":"2017-04-21T15:31:06","modified_gmt":"2017-04-21T12:31:06","slug":"sevgili-meslektaslar-hikayelerinizi-yazmaya-var-misiniz","status":"publish","type":"post","link":"https:\/\/www.bbyhaber.com\/bby\/2017\/04\/21\/sevgili-meslektaslar-hikayelerinizi-yazmaya-var-misiniz","title":{"rendered":"Sevgili Meslekta\u015flar! Hikayelerinizi yazmaya var m\u0131s\u0131n\u0131z?"},"content":{"rendered":"<p><a href=\"http:\/\/www.bbyhaber.com\/bby\/wp-content\/uploads\/2017\/04\/Hikaye-Kitab\u0131.png\"><img loading=\"lazy\" decoding=\"async\" class=\"alignleft wp-image-21719 \" src=\"http:\/\/www.bbyhaber.com\/bby\/wp-content\/uploads\/2017\/04\/Hikaye-Kitab\u0131.png\" alt=\"\" width=\"379\" height=\"198\" srcset=\"https:\/\/www.bbyhaber.com\/bby\/wp-content\/uploads\/2017\/04\/Hikaye-Kitab\u0131.png 527w, https:\/\/www.bbyhaber.com\/bby\/wp-content\/uploads\/2017\/04\/Hikaye-Kitab\u0131-300x157.png 300w\" sizes=\"(max-width: 379px) 100vw, 379px\" \/><\/a><\/p>\n<p>K\u00fct\u00fcphaneci, Ar\u015fivci, Bilgi Y\u00f6neticisi Meslekta\u015flar,<\/p>\n<p>Mesle\u011fimiz insanla i\u00e7 i\u00e7e olan, insana dokunan d\u00fcnyan\u0131n en g\u00fczel mesleklerinden birisi. \u0130\u015fin i\u00e7inde insan olunca hik\u00e2yeler, \u00f6yk\u00fcler de oluyor. Nelerle kar\u015f\u0131la\u015f\u0131yor, neler neler ya\u015f\u0131yoruz, de\u011fil mi?<!--more--><\/p>\n<blockquote><p>Hacettepe \u00dcniversitesi BBY B\u00f6l\u00fcm Ba\u015fkan\u0131 Sn. Prof. Dr. B\u00fclent Y\u0131lmaz hocam\u0131z\u0131n koordinat\u00f6rl\u00fc\u011f\u00fcnde mesleki hikayelerin yer alaca\u011f\u0131 kitap projesine dair bilgilendirme a\u015fa\u011f\u0131dad\u0131r.<\/p><\/blockquote>\n<p>Bir mesle\u011fin bir \u00fclkedekini tarihini yazmak hem \u00e7ok gerekli hem de \u00e7ok \u00f6nemlidir. Ve bu tarih sadece bilimsel ara\u015ft\u0131rmalarla yaz\u0131lamaz. \u00d6rne\u011fin mitoloji, mitolojik \u00f6yk\u00fcler, efsaneler, edebiyat eserleri bug\u00fcn tarihimizi en \u00e7ok ayd\u0131nlatan yap\u0131tlar, eserler aras\u0131ndad\u0131r.<\/p>\n<p>T\u00fcrkiye\u2019de k\u00fct\u00fcphanecili\u011fin tarihini, de\u011fi\u015fimini, her d\u00f6nem ald\u0131\u011f\u0131 halleri, ya\u015fananlar\u0131 hik\u00e2yeler, \u00f6yk\u00fclerle de yazmak gelecekte son derece anlaml\u0131 bir miras olarak an\u0131lacak, okunacakt\u0131r.<\/p>\n<p>K\u00fct\u00fcphaneciler, ar\u015fivciler, bilgi y\u00f6neticileri ne dersek diyelim bilgi ile u\u011fra\u015fan, toplumu bilgi ile de\u011fi\u015ftirmeye \u00e7al\u0131\u015fan sizlerin meslek ya\u015famlar\u0131n\u0131zda ya\u015fad\u0131\u011f\u0131n\u0131z onlarca olay vard\u0131r. Kahraman\u0131 siz ya da kullan\u0131c\u0131n\u0131z\u0131n, meslekta\u015f\u0131n\u0131z\u0131n oldu\u011fu g\u00fczel hik\u00e2yeleriniz vard\u0131r.<br \/>\nHaydi, bu hik\u00e2yeleri birle\u015ftirelim! Ne dersiniz?<\/p>\n<p>Bizim alan\u0131m\u0131zda ya\u015fad\u0131\u011f\u0131n\u0131z, ya\u015fanm\u0131\u015f hik\u00e2yeleri kitapla\u015ft\u0131rmak istiyoruz. Bunlar\u0131 bize g\u00f6ndermenizi, bizimle payla\u015fman\u0131z\u0131 istiyoruz. Her birinizin meslek tarihimize ve ser\u00fcvenimize kendi hikayenizle kat\u0131lman\u0131z\u0131, katk\u0131da bulunman\u0131z\u0131 istiyoruz.<\/p>\n<p>Daha \u00f6nce b\u00f6yle bir giri\u015fimde bulunmu\u015f, ancak baz\u0131 nedenlerle sonu\u00e7land\u0131ramam\u0131\u015ft\u0131k. O zaman gelen hik\u00e2yeler halen elimizde. Onlar\u0131 da katarak hacimli bir kitap yay\u0131mlamak istiyoruz.<\/p>\n<p>Sizlerden gelecek g\u00fczel, ac\u0131kl\u0131, komik, anlaml\u0131 hik\u00e2yelerle ge\u00e7mi\u015fi ve bug\u00fcn\u00fc gelece\u011fe ta\u015f\u0131yabiliriz. Her biriniz kendi hik\u00e2yenizin yazar\u0131 olacaks\u0131n\u0131z.<\/p>\n<p>Bu kitab\u0131n edit\u00f6rl\u00fc\u011f\u00fcn\u00fc Hacettepe \u00dcniversitesi T\u00fcrk Dili ve Edebiyat\u0131 B\u00f6l\u00fcm Ba\u015fkan\u0131 Prof. Dr. Dilek Yal\u00e7\u0131n \u00c7elik Hoca ile birlikte yapaca\u011f\u0131z.<\/p>\n<p>Kitab\u0131m\u0131z\u0131 Hiperlink Yay\u0131nlar\u0131 aras\u0131ndan meslekta\u015f\u0131m\u0131z Hayri Yavuz en k\u0131sa s\u00fcrede yay\u0131mlayacak. Onun anlaml\u0131 derdi mesleki sorumlulu\u011funu bu yolla da ger\u00e7ekle\u015ftirmek. Te\u015fekk\u00fcrler kendisine.<\/p>\n<p>Her hik\u00e2ye g\u00f6nderen yazar\u0131m\u0131za bir kitap verece\u011fiz do\u011fal olarak.<br \/>\nHangi k\u00fct\u00fcphane t\u00fcr\u00fcnde ya da ar\u015fivde, bilgi belge merkezinde hangi pozisyonda \u00e7al\u0131\u015f\u0131yor olursan\u0131z olun hik\u00e2yenizi, an\u0131n\u0131z\u0131 yazabilirsiniz. Hik\u00e2yeniz istedi\u011finiz uzunluk ya da k\u0131sal\u0131kta, mesle\u011fimizle ilgili istedi\u011finiz konuda ve say\u0131da olabilir.<\/p>\n<p>Editoryal d\u00fczeltmelerle hik\u00e2yeleri gerek olursa dil ve edebi a\u00e7\u0131dan iyile\u015ftirmede yard\u0131m etmeye \u00e7al\u0131\u015faca\u011f\u0131z. Dolay\u0131s\u0131yla &#8220;ben \u00f6yk\u00fc, hik\u00e2ye yazamam,&#8221; diye bir kayg\u0131ya gerek yok. Siz sadece yaz\u0131n\u0131z. Meslekta\u015f adaylar\u0131 ve \u00f6\u011frenciler de meslekle ilgili taze an\u0131lar\u0131n\u0131 yazabilir.<\/p>\n<p>Hik\u00e2yelerinizi yazmak i\u00e7in \u00f6n\u00fcm\u00fczde 2 ayl\u0131k bir s\u00fcre var. 15 Haziran 2017 tarihine kadar s\u00fcre konuldu.<\/p>\n<p>L\u00fctfen yaz\u0131n ve hik\u00e2yemizi \u00e7o\u011falt\u0131n. Gelece\u011fe g\u00fcl\u00fcmseten, d\u00fc\u015f\u00fcnd\u00fcren ve belki de a\u011flatan hik\u00e2yeler b\u0131rakal\u0131m.<\/p>\n<p>Mesle\u011fimizin insani yan\u0131n\u0131, ya\u015fanm\u0131\u015fl\u0131klar\u0131, daha \u00f6nemlisi tarihini hep birlikte yaz\u0131l\u0131 hale getirelim.<\/p>\n<p>Hikayelerinizi bekliyoruz.<\/p>\n<p>Sevgi ve sayg\u0131lar\u0131m\u0131zla,<\/p>\n<p>Hikayelerinizi g\u00f6ndermek i\u00e7in e-posta adresi: <a href=\"mailto:byilmaz963@gmail.com\">byilmaz963@gmail.com<\/a> (Ad\u0131n\u0131z\u0131 ve kurumunuzu da yazmay\u0131 l\u00fctfen unutmay\u0131n\u0131z.)<\/p>\n<p>Prof. Dr. B\u00fclent Y\u0131lmaz<br \/>\nProf. Dr. Dilek Yal\u00e7\u0131n \u00c7elik<\/p>\n","protected":false},"excerpt":{"rendered":"<p>K\u00fct\u00fcphaneci, Ar\u015fivci, Bilgi Y\u00f6neticisi Meslekta\u015flar, Mesle\u011fimiz insanla i\u00e7 i\u00e7e olan, insana dokunan d\u00fcnyan\u0131n en g\u00fczel mesleklerinden birisi. \u0130\u015fin i\u00e7inde insan olunca hik\u00e2yeler, \u00f6yk\u00fcler de oluyor. Nelerle kar\u015f\u0131la\u015f\u0131yor, neler neler ya\u015f\u0131yoruz, de\u011fil mi?<\/p>\n","protected":false},"author":129,"featured_media":21719,"comment_status":"open","ping_status":"open","sticky":false,"template":"","format":"standard","meta":{"footnotes":""},"categories":[1,1502],"tags":[1408,1434,1436,978],"class_list":["post-21718","post","type-post","status-publish","format-standard","has-post-thumbnail","hentry","category-genel","category-prof-dr-bulent-yilmaz","tag-kitap-tanitimlari","tag-kutuphane-tanitimlari","tag-kutuphaneler","tag-mesleki-hikayeler"],"_links":{"self":[{"href":"https:\/\/www.bbyhaber.com\/bby\/wp-json\/wp\/v2\/posts\/21718"}],"collection":[{"href":"https:\/\/www.bbyhaber.com\/bby\/wp-json\/wp\/v2\/posts"}],"about":[{"href":"https:\/\/www.bbyhaber.com\/bby\/wp-json\/wp\/v2\/types\/post"}],"author":[{"embeddable":true,"href":"https:\/\/www.bbyhaber.com\/bby\/wp-json\/wp\/v2\/users\/129"}],"replies":[{"embeddable":true,"href":"https:\/\/www.bbyhaber.com\/bby\/wp-json\/wp\/v2\/comments?post=21718"}],"version-history":[{"count":1,"href":"https:\/\/www.bbyhaber.com\/bby\/wp-json\/wp\/v2\/posts\/21718\/revisions"}],"predecessor-version":[{"id":21720,"href":"https:\/\/www.bbyhaber.com\/bby\/wp-json\/wp\/v2\/posts\/21718\/revisions\/21720"}],"wp:featuredmedia":[{"embeddable":true,"href":"https:\/\/www.bbyhaber.com\/bby\/wp-json\/wp\/v2\/media\/21719"}],"wp:attachment":[{"href":"https:\/\/www.bbyhaber.com\/bby\/wp-json\/wp\/v2\/media?parent=21718"}],"wp:term":[{"taxonomy":"category","embeddable":true,"href":"https:\/\/www.bbyhaber.com\/bby\/wp-json\/wp\/v2\/categories?post=21718"},{"taxonomy":"post_tag","embeddable":true,"href":"https:\/\/www.bbyhaber.com\/bby\/wp-json\/wp\/v2\/tags?post=21718"}],"curies":[{"name":"wp","href":"https:\/\/api.w.org\/{rel}","templated":true}]}}