{"id":2169,"date":"2012-01-13T18:45:39","date_gmt":"2012-01-13T18:45:39","guid":{"rendered":"http:\/\/www.bbyhaber.com\/bby\/?p=2169"},"modified":"2012-03-30T13:44:03","modified_gmt":"2012-03-30T13:44:03","slug":"eengellilerin-kutuphaneye-ulasabilmesi-icin-calisma-baslatildi-duzce","status":"publish","type":"post","link":"https:\/\/www.bbyhaber.com\/bby\/2012\/01\/13\/eengellilerin-kutuphaneye-ulasabilmesi-icin-calisma-baslatildi-duzce","title":{"rendered":"Engellilerin k\u00fct\u00fcphaneye ula\u015fabilmesi i\u00e7in \u00e7al\u0131\u015fma ba\u015flat\u0131ld\u0131-D\u00fczce"},"content":{"rendered":"<p style=\"text-align: justify;\">Ak\u00e7akoca Halk K\u00fct\u00fcphanesi sorumlusu Haydar Ak\u00e7ay, K\u00fct\u00fcphanenin engelli \u00f6\u011frenci ve vatanda\u015flar\u0131n ula\u015f\u0131labilirli\u011fi sa\u011flanmas\u0131 i\u00e7in \u00e7al\u0131\u015fmalar\u0131n ba\u015flat\u0131ld\u0131\u011f\u0131n\u0131 s\u00f6yledi.<\/p>\n<p style=\"text-align: justify;\">K\u00fct\u00fcphane sorumlusu ve ayn\u0131 zamanda ortopedik engelli olan Haydar Ak\u00e7ay, k\u00fct\u00fcphanede engellilerin ula\u015fabilirli\u011finin sa\u011flanmas\u0131 i\u00e7in fiziki anlamdaki de\u011fi\u015fiklik \u00f6nerilerinin kabul g\u00f6rd\u00fc\u011f\u00fcn\u00fc aktard\u0131. Ak\u00e7ay &#8220;Ak\u00e7akoca&#8217;da k\u00fct\u00fcphane merkezinin yol taraf\u0131ndan giri\u015findeki basamaklar\u0131n bir taraf\u0131n\u0131n engellilere uygun hale getirilecek. Pasaj i\u00e7ersinde birinci kata \u00e7\u0131k\u0131\u015f kesiminin engellilere uygun hale getirilecek. \u0130\u00e7ersinde tuvalet ve lavabolar\u0131n uygun olan\u0131 engellilere uygun hale d\u00f6n\u00fc\u015ft\u00fcr\u00fclecek. K\u00fct\u00fcphane i\u00e7ine uygun koltuklar\u0131n ve bilgisayarlar\u0131n bulundurulmas\u0131 sa\u011flanacakt\u0131r. Bu vesile ile t\u00fcm hay\u0131rsever vatanda\u015flar\u0131n yard\u0131m\u0131na ihtiyac\u0131m\u0131z vard\u0131r. Kamu kurum ve kurulu\u015flar\u0131nda bu konuda yard\u0131mlar\u0131n\u0131 talep ediyoruz. K\u00fct\u00fcphanemize engelli \u00e7ocuklar\u0131m\u0131z\u0131 kazand\u0131rmak i\u00e7in herkesten yard\u0131m talep ediyoruz&#8221; diye konu\u015ftu.<\/p>\n<p style=\"text-align: justify;\">Kaynak: http:\/\/www.haberler.com\/<\/p>\n","protected":false},"excerpt":{"rendered":"<p>Ak\u00e7akoca Halk K\u00fct\u00fcphanesi sorumlusu Haydar Ak\u00e7ay, K\u00fct\u00fcphanenin engelli \u00f6\u011frenci ve vatanda\u015flar\u0131n ula\u015f\u0131labilirli\u011fi sa\u011flanmas\u0131 i\u00e7in \u00e7al\u0131\u015fmalar\u0131n ba\u015flat\u0131ld\u0131\u011f\u0131n\u0131 s\u00f6yledi. K\u00fct\u00fcphane sorumlusu ve ayn\u0131 zamanda ortopedik engelli olan Haydar Ak\u00e7ay, k\u00fct\u00fcphanede engellilerin ula\u015fabilirli\u011finin sa\u011flanmas\u0131 i\u00e7in fiziki anlamdaki de\u011fi\u015fiklik \u00f6nerilerinin kabul g\u00f6rd\u00fc\u011f\u00fcn\u00fc aktard\u0131. Ak\u00e7ay &#8220;Ak\u00e7akoca&#8217;da k\u00fct\u00fcphane merkezinin yol taraf\u0131ndan giri\u015findeki basamaklar\u0131n bir taraf\u0131n\u0131n engellilere uygun hale getirilecek. Pasaj i\u00e7ersinde [&hellip;]<\/p>\n","protected":false},"author":1,"featured_media":0,"comment_status":"open","ping_status":"open","sticky":false,"template":"","format":"standard","meta":{"footnotes":""},"categories":[1484,1485,1],"tags":[],"class_list":["post-2169","post","type-post","status-publish","format-standard","hentry","category-engelliler-icin-bilgi-merkezleri","category-engelliler-icin-kutuphane","category-genel"],"_links":{"self":[{"href":"https:\/\/www.bbyhaber.com\/bby\/wp-json\/wp\/v2\/posts\/2169"}],"collection":[{"href":"https:\/\/www.bbyhaber.com\/bby\/wp-json\/wp\/v2\/posts"}],"about":[{"href":"https:\/\/www.bbyhaber.com\/bby\/wp-json\/wp\/v2\/types\/post"}],"author":[{"embeddable":true,"href":"https:\/\/www.bbyhaber.com\/bby\/wp-json\/wp\/v2\/users\/1"}],"replies":[{"embeddable":true,"href":"https:\/\/www.bbyhaber.com\/bby\/wp-json\/wp\/v2\/comments?post=2169"}],"version-history":[{"count":0,"href":"https:\/\/www.bbyhaber.com\/bby\/wp-json\/wp\/v2\/posts\/2169\/revisions"}],"wp:attachment":[{"href":"https:\/\/www.bbyhaber.com\/bby\/wp-json\/wp\/v2\/media?parent=2169"}],"wp:term":[{"taxonomy":"category","embeddable":true,"href":"https:\/\/www.bbyhaber.com\/bby\/wp-json\/wp\/v2\/categories?post=2169"},{"taxonomy":"post_tag","embeddable":true,"href":"https:\/\/www.bbyhaber.com\/bby\/wp-json\/wp\/v2\/tags?post=2169"}],"curies":[{"name":"wp","href":"https:\/\/api.w.org\/{rel}","templated":true}]}}