{"id":21686,"date":"2017-04-19T09:11:44","date_gmt":"2017-04-19T06:11:44","guid":{"rendered":"http:\/\/www.bbyhaber.com\/bby\/?p=21686"},"modified":"2017-04-19T10:55:30","modified_gmt":"2017-04-19T07:55:30","slug":"mebden-okullardaki-kutuphane-kaynaklariyla-ilgili-onemli-yazi","status":"publish","type":"post","link":"https:\/\/www.bbyhaber.com\/bby\/2017\/04\/19\/mebden-okullardaki-kutuphane-kaynaklariyla-ilgili-onemli-yazi","title":{"rendered":"MEB&#8217;den Okullardaki K\u00fct\u00fcphane Kaynaklar\u0131yla \u0130lgili \u00d6nemli Yaz\u0131!"},"content":{"rendered":"<figure id=\"attachment_21687\" aria-describedby=\"caption-attachment-21687\" style=\"width: 303px\" class=\"wp-caption alignleft\"><a href=\"http:\/\/www.bbyhaber.com\/bby\/wp-content\/uploads\/2017\/04\/meb-yazi.jpg\"><img loading=\"lazy\" decoding=\"async\" class=\" wp-image-21687\" src=\"http:\/\/www.bbyhaber.com\/bby\/wp-content\/uploads\/2017\/04\/meb-yazi.jpg\" alt=\"\" width=\"303\" height=\"132\" srcset=\"https:\/\/www.bbyhaber.com\/bby\/wp-content\/uploads\/2017\/04\/meb-yazi.jpg 619w, https:\/\/www.bbyhaber.com\/bby\/wp-content\/uploads\/2017\/04\/meb-yazi-300x131.jpg 300w\" sizes=\"(max-width: 303px) 100vw, 303px\" \/><\/a><figcaption id=\"caption-attachment-21687\" class=\"wp-caption-text\">MEB&#8217;den Okullardaki K\u00fct\u00fcphane Kaynaklar\u0131yla \u0130lgili \u00d6nemli Yaz\u0131!<\/figcaption><\/figure>\n<p>MEB, okul k\u00fct\u00fcphanelerinde bulundurulacak yay\u0131nlar\u0131n okulun t\u00fcr\u00fcne ve \u00f6\u011frencilerin geli\u015fimine uygun olmas\u0131ndan hareketle, kaynaklar\u0131n g\u00fcncellenmesi, yasaklanan yay\u0131nlar\u0131n k\u00fct\u00fcphane ve ta\u015f\u0131n\u0131r listelerinden \u00e7\u0131kart\u0131lmas\u0131 i\u00e7in okullara uyar\u0131 yaz\u0131s\u0131 g\u00f6nderdi. Yaz\u0131 i\u00e7eri\u011fi a\u015fa\u011f\u0131daki gibidir:<!--more--><\/p>\n<p>&#8220;Genel M\u00fcd\u00fcrl\u00fc\u011f\u00fcm\u00fcze ba\u011fl\u0131 fen, anadolu, sosyal bilimler, g\u00fczel sanatlar ile spor liselerinde bulunan k\u00fct\u00fcphanelere dair i\u015f ve i\u015flemler, ilgi (a) y\u00f6netmelik h\u00fck\u00fcmlerine g\u00f6re y\u00fcr\u00fct\u00fclmektedir. \u0130lgi (a) y\u00f6netmeli\u011fin. &#8220;Bak\u0131m, Onar\u0131n\u00bb Ay\u0131klama&#8221; ba\u015fl\u0131kl\u0131 12 nci maddesinde: &#8220;Her ders y\u0131l\u0131 sonunda k\u00fct\u00fcphane kaynaklar\u0131, k\u00fct\u00fcphaneci veya g\u00f6revlendirilen \u00f6\u011fretmen taraf\u0131ndan g\u00f6zden ge\u00e7irilir ve tespit edilen hususlar raporla okul m\u00fcd\u00fcrl\u00fc\u011f\u00fcne bildirilir. Onar\u0131m\u0131 gerekli g\u00f6r\u00fclen kaynaklar\u0131n her t\u00fcrl\u00fc bak\u0131m\u0131 yapt\u0131r\u0131l\u0131r. Okul m\u00fcd\u00fcr ba\u015fyard\u0131mc\u0131s\u0131 veya okul m\u00fcd\u00fcr\u00fcnce g\u00f6revlendirilecek bir m\u00fcd\u00fcr yard\u0131mc\u0131s\u0131n\u0131n ba\u015fkanl\u0131\u011f\u0131nda k\u00fct\u00fcphanecilik kul\u00fcb\u00fcnde g\u00f6revli \\\u00f6\u011fretmen, k\u00fct\u00fcphaneci veya k\u00fct\u00fcphane memurundan olu\u015fturulacak bir komisyon taraf\u0131ndan a\u015fa\u011f\u0131da belirtilen nedenlerle ay\u0131klanmas\u0131na karar verilen kaynaklar, bir tutanakla tespit edilerek Ta\u015f\u0131n\u0131r Mal Y\u00f6netmeli\u011fi h\u00fck\u00fcmlerine g\u00f6re kay\u0131tlardan d\u00fc\u015f\u00fcm\u00fc yap\u0131l\u0131r. &#8221; h\u00fckm\u00fc yer almaktad\u0131r. \u0130lgi (b) yaz\u0131da da belirtildi\u011fi gibi Bakanl\u0131\u011f\u0131m\u0131za ba\u011fl\u0131 her derece ve t\u00fcrdeki okul\/kurum m\u00fcd\u00fcrl\u00fckleri b\u00fcnyesinde bulunan okul k\u00fct\u00fcphaneleri ile z-k\u00fct\u00fcphanelerdeki kaynaklar i\u00e7erisinde yer alan kitap, dergi, gazete. CD, video kaset vb. yay\u0131nlardan ilgili mevzuat ve idari talimatlarla uygun g\u00f6r\u00fclmeyenlerin\/yasaklananlar\u0131n Mill\u00ee E\u011fitim Bakanl\u0131\u011f\u0131 Okul K\u00fct\u00fcphaneleri Y\u00f6netmeli\u011fi ile Ta\u015f\u0131n\u0131r Mal Y\u00f6netmeli\u011fi&#8217;nin ilgili h\u00fck\u00fcmlerine g\u00f6re ay\u0131klanmas\u0131, hurdaya ayr\u0131lmas\u0131, kay\u0131tlardan \u00e7\u0131kar\u0131lmas\u0131 ve imha edilmesi gerekmektedir. Okul k\u00fct\u00fcphanelerinde bulunacak yay\u0131nlar\u0131n okul t\u00fcr\u00fc ve \u00f6\u011frencilerin geli\u015fim ihtiya\u00e7lar\u0131na uygun olmas\u0131 esast\u0131r.<\/p>\n<p>Bu ama\u00e7la, Genel M\u00fcd\u00fcrl\u00fc\u011f\u00fcm\u00fcze ba\u011fl\u0131 e\u011fitim kurumlar\u0131nda bulunan k\u00fct\u00fcphanelerde; g\u00fcn\u00fcm\u00fcz\u00fcn geli\u015fen ve de\u011fi\u015fen \u015fartlar\u0131 dikkate al\u0131narak e\u011fitim kurumunun \u00f6zelli\u011fi ve \u00f6\u011frencilerin ihtiya\u00e7 durumu g\u00f6z \u00f6n\u00fcnde tutularak yukar\u0131daki h\u00fck\u00fcm ve a\u00e7\u0131klamalar do\u011frultusunda gerekli g\u00fcncellemenin <strong>18 May\u0131s 2017<\/strong> tarihine kadar yap\u0131lmas\u0131 hususunda.&#8221;<\/p>\n<p><a href=\"http:\/\/www.mebpersonel.com\" target=\"_blank\">Kaynak<\/a><\/p>\n<p><em><strong>Dipnot:<\/strong> MEB&#8217;in t\u00fcm y\u00f6netmeliklerinde ad\u0131m\u0131z var; fakat\u00a0hi\u00e7bir k\u00fct\u00fcphanesinde hala bir k\u00fct\u00fcphanecimiz yok! Olmas\u0131 umudu ile&#8230;<\/em><\/p>\n","protected":false},"excerpt":{"rendered":"<p>MEB, okul k\u00fct\u00fcphanelerinde bulundurulacak yay\u0131nlar\u0131n okulun t\u00fcr\u00fcne ve \u00f6\u011frencilerin geli\u015fimine uygun olmas\u0131ndan hareketle, kaynaklar\u0131n g\u00fcncellenmesi, yasaklanan yay\u0131nlar\u0131n k\u00fct\u00fcphane ve ta\u015f\u0131n\u0131r listelerinden \u00e7\u0131kart\u0131lmas\u0131 i\u00e7in okullara uyar\u0131 yaz\u0131s\u0131 g\u00f6nderdi. Yaz\u0131 i\u00e7eri\u011fi a\u015fa\u011f\u0131daki gibidir:<\/p>\n","protected":false},"author":1,"featured_media":21687,"comment_status":"open","ping_status":"open","sticky":false,"template":"","format":"standard","meta":{"footnotes":""},"categories":[1],"tags":[845],"class_list":["post-21686","post","type-post","status-publish","format-standard","has-post-thumbnail","hentry","category-genel","tag-okul-kutuphaneleri"],"_links":{"self":[{"href":"https:\/\/www.bbyhaber.com\/bby\/wp-json\/wp\/v2\/posts\/21686"}],"collection":[{"href":"https:\/\/www.bbyhaber.com\/bby\/wp-json\/wp\/v2\/posts"}],"about":[{"href":"https:\/\/www.bbyhaber.com\/bby\/wp-json\/wp\/v2\/types\/post"}],"author":[{"embeddable":true,"href":"https:\/\/www.bbyhaber.com\/bby\/wp-json\/wp\/v2\/users\/1"}],"replies":[{"embeddable":true,"href":"https:\/\/www.bbyhaber.com\/bby\/wp-json\/wp\/v2\/comments?post=21686"}],"version-history":[{"count":2,"href":"https:\/\/www.bbyhaber.com\/bby\/wp-json\/wp\/v2\/posts\/21686\/revisions"}],"predecessor-version":[{"id":21689,"href":"https:\/\/www.bbyhaber.com\/bby\/wp-json\/wp\/v2\/posts\/21686\/revisions\/21689"}],"wp:featuredmedia":[{"embeddable":true,"href":"https:\/\/www.bbyhaber.com\/bby\/wp-json\/wp\/v2\/media\/21687"}],"wp:attachment":[{"href":"https:\/\/www.bbyhaber.com\/bby\/wp-json\/wp\/v2\/media?parent=21686"}],"wp:term":[{"taxonomy":"category","embeddable":true,"href":"https:\/\/www.bbyhaber.com\/bby\/wp-json\/wp\/v2\/categories?post=21686"},{"taxonomy":"post_tag","embeddable":true,"href":"https:\/\/www.bbyhaber.com\/bby\/wp-json\/wp\/v2\/tags?post=21686"}],"curies":[{"name":"wp","href":"https:\/\/api.w.org\/{rel}","templated":true}]}}