{"id":21643,"date":"2017-04-13T16:55:07","date_gmt":"2017-04-13T13:55:07","guid":{"rendered":"http:\/\/www.bbyhaber.com\/bby\/?p=21643"},"modified":"2017-04-27T17:49:00","modified_gmt":"2017-04-27T14:49:00","slug":"bayburt-universitesi-is-ilani-ogretim-gorevlisi-son-basvuru-27-nisan-2017","status":"publish","type":"post","link":"https:\/\/www.bbyhaber.com\/bby\/2017\/04\/13\/bayburt-universitesi-is-ilani-ogretim-gorevlisi-son-basvuru-27-nisan-2017","title":{"rendered":"Bayburt \u00dcniversitesi \u0130\u015f \u0130lan\u0131-\u00d6\u011eRET\u0130M G\u00d6REVL\u0130S\u0130-Son Ba\u015fvuru: 27 Nisan 2017"},"content":{"rendered":"<p style=\"text-align: justify;\"><a href=\"http:\/\/www.bbyhaber.com\/bby\/wp-content\/uploads\/2017\/04\/bayburt.png\"><img loading=\"lazy\" decoding=\"async\" class=\"alignleft  wp-image-21644\" src=\"http:\/\/www.bbyhaber.com\/bby\/wp-content\/uploads\/2017\/04\/bayburt.png\" alt=\"\" width=\"147\" height=\"147\" srcset=\"https:\/\/www.bbyhaber.com\/bby\/wp-content\/uploads\/2017\/04\/bayburt.png 300w, https:\/\/www.bbyhaber.com\/bby\/wp-content\/uploads\/2017\/04\/bayburt-150x150.png 150w\" sizes=\"(max-width: 147px) 100vw, 147px\" \/><\/a>BAYBURT \u00dcN\u0130VERS\u0130TES\u0130&#8212;&gt;BAYBURT SA\u011eLIK H\u0130ZMETLER\u0130 MESLEK Y\u00dcKSEKOKULU&#8212;&gt;TIBB\u0130 H\u0130ZMETLER VE TEKN\u0130KLER B\u00d6L\u00dcM\u00dc&#8212;&gt;TIBB\u0130 DOK\u00dcMANTASYON VE SEKRETERL\u0130K PR.&#8217;na\u00a0&#8220;Fak\u00fcltelerin Sa\u011fl\u0131k Y\u00f6netimi, Sa\u011fl\u0131k Kurumlar\u0131 Y\u00f6neticili\u011fi <strong><span style=\"color: #ff0000;\">veya<\/span> <span style=\"color: #ff0000;\">Bilgi ve Belge Y\u00f6netimi B\u00f6l\u00fcm\u00fc<\/span><\/strong> lisans mezunu olmak. Alan\u0131nda tezli y\u00fcksek lisans yapm\u0131\u015f veya \u00a0lisans mezuniyetinden sonra belgelendirmek kayd\u0131yla alan\u0131nda en az 2 (iki) y\u0131l tecr\u00fcbeli olmak. (Not: 14\/03\/2016 tarihinden \u00f6nce tezsiz y\u00fcksek lisansa kay\u0131tl\u0131 olup mezun olanlar 2 y\u0131l tecr\u00fcbeli olarak kabul edilir.)\u00a0&#8221; \u00f6zel \u015fart\u0131 ile <span style=\"color: #ff0000;\"><strong>1<\/strong><\/span>\u00a0<strong>\u00d6\u011eRET\u0130M G\u00d6REVL\u0130S\u0130<\/strong>\u00a0al\u0131nacakt\u0131r. <!--more--><\/p>\n<table style=\"color: #000000; font-family: Arial, Tahoma, Verdana; font-size: 15px; line-height: 18px;\" border=\"1\" width=\"344\" cellspacing=\"0\" cellpadding=\"0\">\n<colgroup>\n<col width=\"233\" \/>\n<col width=\"111\" \/> <\/colgroup>\n<tbody>\n<tr>\n<td width=\"233\" height=\"20\">Kadro Unvan<\/td>\n<td width=\"111\"><strong>\u00d6\u011eRET\u0130M G\u00d6REVL\u0130S\u0130<br \/>\n<\/strong><\/td>\n<\/tr>\n<tr>\n<td height=\"20\">ALES<\/td>\n<td><strong>70<\/strong><\/td>\n<\/tr>\n<tr>\n<td height=\"20\">\u00dcDS\/Dengi<\/td>\n<td><strong>&#8212;<\/strong><\/td>\n<\/tr>\n<tr>\n<td height=\"20\">Kadro Say\u0131s\u0131<\/td>\n<td><span style=\"color: #ff0000;\"><strong>1<\/strong><\/span><\/td>\n<\/tr>\n<tr>\n<td height=\"20\">Kadro Derecesi<\/td>\n<td>5<\/td>\n<\/tr>\n<tr>\n<td height=\"20\">Ba\u015fvuru Tipi<\/td>\n<td><strong>Posta, \u015eahsen<\/strong><\/td>\n<\/tr>\n<tr>\n<td height=\"20\"><strong><span style=\"color: #0000ff;\">\u00d6zel \u015eart<\/span><\/strong><\/td>\n<td style=\"text-align: justify;\"><strong>Fak\u00fcltelerinSa\u011fl\u0131k Y\u00f6netimi, Sa\u011fl\u0131k Kurumlar\u0131Y\u00f6neticili\u011fi <span style=\"color: #ff0000;\">veya Bilgi ve Belge Y\u00f6netimi B\u00f6l\u00fcm\u00fc<\/span> lisans mezunu olmak. Alan\u0131nda tezli y\u00fcksek lisans yapm\u0131\u015f veya \u00a0lisans mezuniyetinden sonra belgelendirmek kayd\u0131yla alan\u0131nda en az 2 (iki) y\u0131l tecr\u00fcbeli olmak. (Not: 14\/03\/2016 tarihinden \u00f6nce tezsiz y\u00fcksek lisansa kay\u0131tl\u0131 olup mezun olanlar 2 y\u0131l tecr\u00fcbeli olarak kabul edilir.)<br \/>\n<\/strong><\/td>\n<\/tr>\n<tr>\n<td height=\"20\">Ba\u015fvuru Yeri<\/td>\n<td><strong>Bayburt Sa\u011fl\u0131k Hizmetleri Meslek Y\u00fcksekokulu &#8211; Bayburt \u00dcniversitesi Dede Korkut K\u00fclliyesi &#8211; Gen\u00e7 Osman Mah. Bayburt<br \/>\n<\/strong><\/td>\n<\/tr>\n<tr>\n<td height=\"20\"><strong style=\"color: #ff0000; font-family: Arial, Tahoma, Verdana; font-size: 15px; line-height: 18px;\">Son Ba\u015fvuru Tarihi<\/strong><\/td>\n<td><span style=\"font-family: Arial, Tahoma, Verdana;\"><span style=\"font-size: 15px;\"><strong>17.04.2017<\/strong><\/span><\/span><\/td>\n<\/tr>\n<tr>\n<td height=\"20\">\u00d6n De\u011ferlendirme Tarihi<\/td>\n<td>04.05.2017<\/td>\n<\/tr>\n<tr>\n<td height=\"20\">S\u0131nav Giri\u015f Tarihi<\/td>\n<td>09.05.2017<\/td>\n<\/tr>\n<tr>\n<td height=\"20\"><span style=\"color: #0000ff;\"><strong>Sonu\u00e7 A\u00e7\u0131klama Tarihi<\/strong><\/span><\/td>\n<td><strong>16.05.2017<\/strong><\/td>\n<\/tr>\n<\/tbody>\n<\/table>\n<p><a href=\"https:\/\/yoksis.yok.gov.tr\/ilansayfa\/?sessionid=58146\" target=\"_blank\"><span style=\"color: #0000ff;\"><strong><span style=\"color: #0000ff;\">Daha fazla bilgi ve belge i\u00e7in t\u0131klay\u0131n\u0131z<\/span><\/strong><\/span><\/a><\/p>\n","protected":false},"excerpt":{"rendered":"<p>BAYBURT \u00dcN\u0130VERS\u0130TES\u0130&#8212;&gt;BAYBURT SA\u011eLIK H\u0130ZMETLER\u0130 MESLEK Y\u00dcKSEKOKULU&#8212;&gt;TIBB\u0130 H\u0130ZMETLER VE TEKN\u0130KLER B\u00d6L\u00dcM\u00dc&#8212;&gt;TIBB\u0130 DOK\u00dcMANTASYON VE SEKRETERL\u0130K PR.&#8217;na\u00a0&#8220;Fak\u00fcltelerin Sa\u011fl\u0131k Y\u00f6netimi, Sa\u011fl\u0131k Kurumlar\u0131 Y\u00f6neticili\u011fi veya Bilgi ve Belge Y\u00f6netimi B\u00f6l\u00fcm\u00fc lisans mezunu olmak. Alan\u0131nda tezli y\u00fcksek lisans yapm\u0131\u015f veya \u00a0lisans mezuniyetinden sonra belgelendirmek kayd\u0131yla alan\u0131nda en az 2 (iki) y\u0131l tecr\u00fcbeli olmak. (Not: 14\/03\/2016 tarihinden \u00f6nce tezsiz y\u00fcksek lisansa kay\u0131tl\u0131 [&hellip;]<\/p>\n","protected":false},"author":1,"featured_media":21644,"comment_status":"open","ping_status":"open","sticky":false,"template":"","format":"standard","meta":{"footnotes":""},"categories":[],"tags":[1393],"class_list":["post-21643","post","type-post","status-publish","format-standard","has-post-thumbnail","hentry","tag-bby-is-ilanlari-arsivi"],"_links":{"self":[{"href":"https:\/\/www.bbyhaber.com\/bby\/wp-json\/wp\/v2\/posts\/21643"}],"collection":[{"href":"https:\/\/www.bbyhaber.com\/bby\/wp-json\/wp\/v2\/posts"}],"about":[{"href":"https:\/\/www.bbyhaber.com\/bby\/wp-json\/wp\/v2\/types\/post"}],"author":[{"embeddable":true,"href":"https:\/\/www.bbyhaber.com\/bby\/wp-json\/wp\/v2\/users\/1"}],"replies":[{"embeddable":true,"href":"https:\/\/www.bbyhaber.com\/bby\/wp-json\/wp\/v2\/comments?post=21643"}],"version-history":[{"count":2,"href":"https:\/\/www.bbyhaber.com\/bby\/wp-json\/wp\/v2\/posts\/21643\/revisions"}],"predecessor-version":[{"id":21646,"href":"https:\/\/www.bbyhaber.com\/bby\/wp-json\/wp\/v2\/posts\/21643\/revisions\/21646"}],"wp:featuredmedia":[{"embeddable":true,"href":"https:\/\/www.bbyhaber.com\/bby\/wp-json\/wp\/v2\/media\/21644"}],"wp:attachment":[{"href":"https:\/\/www.bbyhaber.com\/bby\/wp-json\/wp\/v2\/media?parent=21643"}],"wp:term":[{"taxonomy":"category","embeddable":true,"href":"https:\/\/www.bbyhaber.com\/bby\/wp-json\/wp\/v2\/categories?post=21643"},{"taxonomy":"post_tag","embeddable":true,"href":"https:\/\/www.bbyhaber.com\/bby\/wp-json\/wp\/v2\/tags?post=21643"}],"curies":[{"name":"wp","href":"https:\/\/api.w.org\/{rel}","templated":true}]}}