{"id":2164,"date":"2012-01-13T15:33:46","date_gmt":"2012-01-13T15:33:46","guid":{"rendered":"http:\/\/www.bbyhaber.com\/bby\/?p=2164"},"modified":"2012-05-21T19:26:09","modified_gmt":"2012-05-21T19:26:09","slug":"yuz-bin-kitap-kapasiteli-kutuphane-acildi-diyarbakir","status":"publish","type":"post","link":"https:\/\/www.bbyhaber.com\/bby\/2012\/01\/13\/yuz-bin-kitap-kapasiteli-kutuphane-acildi-diyarbakir","title":{"rendered":"Y\u00fcz bin kitap kapasiteli k\u00fct\u00fcphane a\u00e7\u0131ld\u0131-Diyarbak\u0131r"},"content":{"rendered":"<p style=\"text-align: justify;\">Bir\u00e7ok alanda sanatsal \u00e7al\u0131\u015fma y\u00fcr\u00fcten Kayap\u0131nar Belediyesi Cegerxwin Gen\u00e7lik ve K\u00fclt\u00fcr Merkezi&#8217;nde y\u00fcz bin kitapl\u0131k k\u00fct\u00fcphanenin a\u00e7\u0131l\u0131\u015f\u0131 yap\u0131ld\u0131. A\u00e7\u0131l\u0131\u015fa Kayap\u0131nar Belediyesi Ba\u015fkan Vekili Mahmut Da\u011f, Ba\u015fkan Yard\u0131mc\u0131lar\u0131 Servet Y\u0131lmaz, \u0130hsan Avc\u0131, BDP Kayap\u0131nar \u0130l\u00e7e E\u015f Ba\u015fkanlar\u0131 Ayg\u00fcn Ta\u015fk\u0131n, Erkan Erenci, K\u00fcrt Yazarlar Derne\u011fi Ba\u015fkan\u0131 \u015eehmuz Sefer, meclis \u00fcyeleri, K\u00fclt\u00fcr ve Sosyal \u0130\u015fler M\u00fcd\u00fcr\u00fc Mahmut B\u00fcy\u00fckbayram ve konuklar kat\u0131ld\u0131.<!--more--><\/p>\n<p style=\"text-align: justify;\">A\u00e7\u0131l\u0131\u015fta konu\u015fan Ba\u015fkan Vekil Mahmut Da\u011f, &#8220;K\u00fclt\u00fcr merkezimiz 2010 y\u0131l\u0131nda bir\u00e7ok sanatsal alanda \u00e7al\u0131\u015fmalar\u0131na ba\u015flam\u0131\u015ft\u0131r. Bu g\u00fcne kadar a\u00e7\u0131lan ve \u00e7al\u0131\u015fmalar\u0131n\u0131 y\u00fcr\u00fcten be\u015f e\u011fitim destek evi ve kad\u0131n merkezimizde k\u00fct\u00fcphane olu\u015fturduk. Ancak bu k\u00fct\u00fcphane kitap say\u0131s\u0131 ve alan\u0131 bak\u0131m\u0131nda il\u00e7emizde ve ilimizde ya\u015fayan herkese a\u00e7\u0131k olacak \u00f6nemli bir aland\u0131r. Belediyemizin sosyal, k\u00fclt\u00fcrel ve her alandaki \u00e7al\u0131\u015fmalar\u0131 bundan sonrada artarak devam edecektir. Ancak b\u00f6lgede ya\u015fanan ac\u0131lar ve \u00f6l\u00fcmler belediyelerimizin yapt\u0131\u011f\u0131 bu hizmetlerin \u00f6n\u00fcne ge\u00e7iyor&#8221; \u015feklinde konu\u015ftu.<\/p>\n<p style=\"text-align: justify;\">A\u00e7\u0131l\u0131\u015f\u0131 yap\u0131lan k\u00fct\u00fcphanede T\u00fcrk\u00e7e ve K\u00fcrt\u00e7e kitaplar\u0131n d\u0131\u015f\u0131nda k\u00fclt\u00fcr ve sanat dergileri bulunmakta. Haftan\u0131n 7 g\u00fcn\u00fc a\u00e7\u0131k olacak k\u00fct\u00fcphaneye giden herkes k\u00fct\u00fcphaneden yararlanaca\u011f\u0131 gibi \u00fcye olunmas\u0131 halinde kitap alma imk\u00e2n\u0131 da bulacak. Ayr\u0131ca k\u00fclt\u00fcr merkezinin internet sitesine girerek kitaplar\u0131n listesi g\u00f6r\u00fclece\u011fi gibi kitap almak i\u00e7in internet \u00fczerinden rezervasyon yap\u0131labilecek.<\/p>\n<p style=\"text-align: justify;\">Kaynak: http:\/\/www.diyarbakirsoz.com\/<\/p>\n","protected":false},"excerpt":{"rendered":"<p>Bir\u00e7ok alanda sanatsal \u00e7al\u0131\u015fma y\u00fcr\u00fcten Kayap\u0131nar Belediyesi Cegerxwin Gen\u00e7lik ve K\u00fclt\u00fcr Merkezi&#8217;nde y\u00fcz bin kitapl\u0131k k\u00fct\u00fcphanenin a\u00e7\u0131l\u0131\u015f\u0131 yap\u0131ld\u0131. A\u00e7\u0131l\u0131\u015fa Kayap\u0131nar Belediyesi Ba\u015fkan Vekili Mahmut Da\u011f, Ba\u015fkan Yard\u0131mc\u0131lar\u0131 Servet Y\u0131lmaz, \u0130hsan Avc\u0131, BDP Kayap\u0131nar \u0130l\u00e7e E\u015f Ba\u015fkanlar\u0131 Ayg\u00fcn Ta\u015fk\u0131n, Erkan Erenci, K\u00fcrt Yazarlar Derne\u011fi Ba\u015fkan\u0131 \u015eehmuz Sefer, meclis \u00fcyeleri, K\u00fclt\u00fcr ve Sosyal \u0130\u015fler M\u00fcd\u00fcr\u00fc Mahmut B\u00fcy\u00fckbayram [&hellip;]<\/p>\n","protected":false},"author":1,"featured_media":0,"comment_status":"open","ping_status":"open","sticky":false,"template":"","format":"standard","meta":{"footnotes":""},"categories":[1],"tags":[],"class_list":["post-2164","post","type-post","status-publish","format-standard","hentry","category-genel"],"_links":{"self":[{"href":"https:\/\/www.bbyhaber.com\/bby\/wp-json\/wp\/v2\/posts\/2164"}],"collection":[{"href":"https:\/\/www.bbyhaber.com\/bby\/wp-json\/wp\/v2\/posts"}],"about":[{"href":"https:\/\/www.bbyhaber.com\/bby\/wp-json\/wp\/v2\/types\/post"}],"author":[{"embeddable":true,"href":"https:\/\/www.bbyhaber.com\/bby\/wp-json\/wp\/v2\/users\/1"}],"replies":[{"embeddable":true,"href":"https:\/\/www.bbyhaber.com\/bby\/wp-json\/wp\/v2\/comments?post=2164"}],"version-history":[{"count":0,"href":"https:\/\/www.bbyhaber.com\/bby\/wp-json\/wp\/v2\/posts\/2164\/revisions"}],"wp:attachment":[{"href":"https:\/\/www.bbyhaber.com\/bby\/wp-json\/wp\/v2\/media?parent=2164"}],"wp:term":[{"taxonomy":"category","embeddable":true,"href":"https:\/\/www.bbyhaber.com\/bby\/wp-json\/wp\/v2\/categories?post=2164"},{"taxonomy":"post_tag","embeddable":true,"href":"https:\/\/www.bbyhaber.com\/bby\/wp-json\/wp\/v2\/tags?post=2164"}],"curies":[{"name":"wp","href":"https:\/\/api.w.org\/{rel}","templated":true}]}}