{"id":21637,"date":"2017-04-13T08:56:14","date_gmt":"2017-04-13T05:56:14","guid":{"rendered":"http:\/\/www.bbyhaber.com\/bby\/?p=21637"},"modified":"2017-04-13T09:07:36","modified_gmt":"2017-04-13T06:07:36","slug":"atilim-universitesi-kutuphanesinde-gorevli-meslektaslarimizdan-belgesel","status":"publish","type":"post","link":"https:\/\/www.bbyhaber.com\/bby\/2017\/04\/13\/atilim-universitesi-kutuphanesinde-gorevli-meslektaslarimizdan-belgesel","title":{"rendered":"At\u0131l\u0131m \u00dcniversitesi K\u00fct\u00fcphanesi&#8217;nde g\u00f6revli meslekta\u015flar\u0131m\u0131zdan belgesel"},"content":{"rendered":"<p><a href=\"http:\/\/www.bbyhaber.com\/bby\/wp-content\/uploads\/2017\/04\/DSC_0061-min.jpg\"><img loading=\"lazy\" decoding=\"async\" class=\"alignleft wp-image-21640 size-medium\" src=\"http:\/\/www.bbyhaber.com\/bby\/wp-content\/uploads\/2017\/04\/DSC_0061-min-300x201.jpg\" alt=\"\" width=\"300\" height=\"201\" srcset=\"https:\/\/www.bbyhaber.com\/bby\/wp-content\/uploads\/2017\/04\/DSC_0061-min-300x201.jpg 300w, https:\/\/www.bbyhaber.com\/bby\/wp-content\/uploads\/2017\/04\/DSC_0061-min.jpg 768w, https:\/\/www.bbyhaber.com\/bby\/wp-content\/uploads\/2017\/04\/DSC_0061-min-110x75.jpg 110w\" sizes=\"(max-width: 300px) 100vw, 300px\" \/><\/a>At\u0131l\u0131m \u00dcniversitesi, Polatl\u0131 Belediyesi ile \u201cSon Kale Polatl\u0131\u201d belgesel projesinin hayata ge\u00e7irilmesi i\u00e7in 11 Nisan 2017 tarihinde protokol imzalad\u0131. \u00a0Kurtulu\u015f Sava\u015f\u0131 esnas\u0131nda Polatl\u0131\u2019n\u0131n rol\u00fcn\u00fcn belgeler \u0131\u015f\u0131\u011f\u0131nda siyasi, askeri sosyal, k\u00fclt\u00fcrel, ekonomik y\u00f6nlerden ortaya \u00e7\u0131kar\u0131lmas\u0131 ama\u00e7lanan belgeselle, Ankara\u2019n\u0131n ba\u015fkent olu\u015f s\u00fcreci ve \u00e7ok yak\u0131n\u0131nda cereyan eden Sakarya Sava\u015f\u0131\u2019n\u0131n Ankara \u00fczerindeki etkilerini g\u00f6zler \u00f6n\u00fcne sermek hedefleniyor.<!--more--><\/p>\n<p>At\u0131l\u0131m \u00dcniversitesi 20. y\u0131l\u0131 olmas\u0131 nedeniyle bulundu\u011fu \u015fehre bilimsel ara\u015ft\u0131rmalar\u0131n yan\u0131 s\u0131ra bu belgeselle sosyal ve k\u00fclt\u00fcrel anlamda da katk\u0131 sa\u011flamay\u0131 ama\u00e7l\u0131yor.<\/p>\n<p><strong>Belgeseli hayata ge\u00e7irecek olan ekibin tamam\u0131 At\u0131l\u0131m \u00dcniversitesi Kadriye Zaim K\u00fct\u00fcphanesinde g\u00f6rev alan ki\u015filerden olu\u015fuyor<\/strong>. Polatl\u0131 Belediye Ba\u015fkan\u0131 M\u00fcrsel Y\u0131ld\u0131zkaya ve Polatl\u0131 Tarih Ara\u015ft\u0131rmalar\u0131 Merkezi Ba\u015fkan\u0131 Kadim Ko\u00e7&#8217;un da destek verdi\u011fi belgeselin 8 ayda tamamlanarak 27 Aral\u0131k 2017 tarihinde galas\u0131n\u0131n yap\u0131lmas\u0131 planlan\u0131yor.<\/p>\n<p><a href=\"http:\/\/blog.library.atilim.edu.tr\" target=\"_blank\">Kaynak<\/a><\/p>\n","protected":false},"excerpt":{"rendered":"<p>At\u0131l\u0131m \u00dcniversitesi, Polatl\u0131 Belediyesi ile \u201cSon Kale Polatl\u0131\u201d belgesel projesinin hayata ge\u00e7irilmesi i\u00e7in 11 Nisan 2017 tarihinde protokol imzalad\u0131. \u00a0Kurtulu\u015f Sava\u015f\u0131 esnas\u0131nda Polatl\u0131\u2019n\u0131n rol\u00fcn\u00fcn belgeler \u0131\u015f\u0131\u011f\u0131nda siyasi, askeri sosyal, k\u00fclt\u00fcrel, ekonomik y\u00f6nlerden ortaya \u00e7\u0131kar\u0131lmas\u0131 ama\u00e7lanan belgeselle, Ankara\u2019n\u0131n ba\u015fkent olu\u015f s\u00fcreci ve \u00e7ok yak\u0131n\u0131nda cereyan eden Sakarya Sava\u015f\u0131\u2019n\u0131n Ankara \u00fczerindeki etkilerini g\u00f6zler \u00f6n\u00fcne sermek hedefleniyor.<\/p>\n","protected":false},"author":1,"featured_media":21642,"comment_status":"open","ping_status":"open","sticky":false,"template":"","format":"standard","meta":{"footnotes":""},"categories":[],"tags":[1437],"class_list":["post-21637","post","type-post","status-publish","format-standard","has-post-thumbnail","hentry","tag-univ-arastirma-kutuphaneleri"],"_links":{"self":[{"href":"https:\/\/www.bbyhaber.com\/bby\/wp-json\/wp\/v2\/posts\/21637"}],"collection":[{"href":"https:\/\/www.bbyhaber.com\/bby\/wp-json\/wp\/v2\/posts"}],"about":[{"href":"https:\/\/www.bbyhaber.com\/bby\/wp-json\/wp\/v2\/types\/post"}],"author":[{"embeddable":true,"href":"https:\/\/www.bbyhaber.com\/bby\/wp-json\/wp\/v2\/users\/1"}],"replies":[{"embeddable":true,"href":"https:\/\/www.bbyhaber.com\/bby\/wp-json\/wp\/v2\/comments?post=21637"}],"version-history":[{"count":1,"href":"https:\/\/www.bbyhaber.com\/bby\/wp-json\/wp\/v2\/posts\/21637\/revisions"}],"predecessor-version":[{"id":21641,"href":"https:\/\/www.bbyhaber.com\/bby\/wp-json\/wp\/v2\/posts\/21637\/revisions\/21641"}],"wp:featuredmedia":[{"embeddable":true,"href":"https:\/\/www.bbyhaber.com\/bby\/wp-json\/wp\/v2\/media\/21642"}],"wp:attachment":[{"href":"https:\/\/www.bbyhaber.com\/bby\/wp-json\/wp\/v2\/media?parent=21637"}],"wp:term":[{"taxonomy":"category","embeddable":true,"href":"https:\/\/www.bbyhaber.com\/bby\/wp-json\/wp\/v2\/categories?post=21637"},{"taxonomy":"post_tag","embeddable":true,"href":"https:\/\/www.bbyhaber.com\/bby\/wp-json\/wp\/v2\/tags?post=21637"}],"curies":[{"name":"wp","href":"https:\/\/api.w.org\/{rel}","templated":true}]}}