{"id":21609,"date":"2017-04-09T13:52:31","date_gmt":"2017-04-09T10:52:31","guid":{"rendered":"http:\/\/www.bbyhaber.com\/bby\/?p=21609"},"modified":"2017-04-10T09:08:59","modified_gmt":"2017-04-10T06:08:59","slug":"bisikletli-kutuphaneci-hakan-yucel-trt-haber-hayat-tadinda-programina-konuk-oldu-2","status":"publish","type":"post","link":"https:\/\/www.bbyhaber.com\/bby\/2017\/04\/09\/bisikletli-kutuphaneci-hakan-yucel-trt-haber-hayat-tadinda-programina-konuk-oldu-2","title":{"rendered":"Bisikletli K\u00fct\u00fcphaneci Hakan Y\u00fccel, TRT Haber &#8211; Hayat Tad\u0131nda Program\u0131&#8217;na Konuk Oldu"},"content":{"rendered":"<p><a href=\"http:\/\/www.bbyhaber.com\/bby\/wp-content\/uploads\/2017\/04\/Hakan-Y\u00fccel-TRT-Haber-min.jpg\"><img loading=\"lazy\" decoding=\"async\" class=\"alignleft wp-image-21606 \" src=\"http:\/\/www.bbyhaber.com\/bby\/wp-content\/uploads\/2017\/04\/Hakan-Y\u00fccel-TRT-Haber-min-1024x576.jpg\" alt=\"\" width=\"364\" height=\"205\" data-wp-pid=\"21606\" srcset=\"https:\/\/www.bbyhaber.com\/bby\/wp-content\/uploads\/2017\/04\/Hakan-Y\u00fccel-TRT-Haber-min-1024x576.jpg 1024w, https:\/\/www.bbyhaber.com\/bby\/wp-content\/uploads\/2017\/04\/Hakan-Y\u00fccel-TRT-Haber-min-300x169.jpg 300w, https:\/\/www.bbyhaber.com\/bby\/wp-content\/uploads\/2017\/04\/Hakan-Y\u00fccel-TRT-Haber-min-768x432.jpg 768w, https:\/\/www.bbyhaber.com\/bby\/wp-content\/uploads\/2017\/04\/Hakan-Y\u00fccel-TRT-Haber-min-800x450.jpg 800w, https:\/\/www.bbyhaber.com\/bby\/wp-content\/uploads\/2017\/04\/Hakan-Y\u00fccel-TRT-Haber-min.jpg 1366w\" sizes=\"(max-width: 364px) 100vw, 364px\" \/><\/a>08 Nisan 2017 tarihinde TRT Haber kanal\u0131nda yay\u0131nlanan ve Bitlis \u0130l Halk K\u00fct\u00fcphanesi M\u00fcd\u00fcr Vekili Hakan Y\u00fccel&#8217;in nam-\u0131 di\u011fer Bisikletli K\u00fct\u00fcphaneci&#8217;nin konuk oldu\u011fu &#8220;Hayat Tad\u0131nda&#8221; program\u0131nda k\u00f6y okullar\u0131na bisikletle kitap g\u00f6t\u00fcrme ser\u00fcveni ve k\u00fct\u00fcphanecilik konu\u015fuldu.<!--more--><\/p>\n<p style=\"text-align: left;\">Ayr\u0131ca <a href=\"http:\/\/www.bbyhaber.com\/bby\/2017\/03\/27\/sira-disi-okurlar-belgeseli-2017\" target=\"_blank\">S\u0131ra D\u0131\u015f\u0131 Okurlar 2017<\/a> belgeselinden kesitler ekrana getirildi. [button color=&#8221;blue&#8221; size=&#8221;small&#8221; link=&#8221;http:\/\/www.bbyhaber.com\/bby\/2017\/03\/27\/sira-disi-okurlar-belgeseli-2017&#8243; icon=&#8221;&#8221; target=&#8221;true&#8221;]Buraya T\u0131klayarak S\u0131ra D\u0131\u015f\u0131 Okurlar 2017 Belgeselini \u0130zleyebilirsiniz.[\/button]<\/p>\n<p>Program kayd\u0131na a\u015fa\u011f\u0131daki ba\u011flant\u0131dan eri\u015febilirsiniz.<\/p>\n<p style=\"text-align: center;\"><iframe loading=\"lazy\" src=\"https:\/\/www.youtube.com\/embed\/Nk3Ml1iJz64?t=24m51s\" width=\"560\" height=\"315\" frameborder=\"0\" allowfullscreen=\"allowfullscreen\"><\/iframe><\/p>\n","protected":false},"excerpt":{"rendered":"<p>08 Nisan 2017 tarihinde TRT Haber kanal\u0131nda yay\u0131nlanan ve Bitlis \u0130l Halk K\u00fct\u00fcphanesi M\u00fcd\u00fcr Vekili Hakan Y\u00fccel&#8217;in nam-\u0131 di\u011fer Bisikletli K\u00fct\u00fcphaneci&#8217;nin konuk oldu\u011fu &#8220;Hayat Tad\u0131nda&#8221; program\u0131nda k\u00f6y okullar\u0131na bisikletle kitap g\u00f6t\u00fcrme ser\u00fcveni ve k\u00fct\u00fcphanecilik konu\u015fuldu.<\/p>\n","protected":false},"author":129,"featured_media":21606,"comment_status":"open","ping_status":"open","sticky":false,"template":"","format":"standard","meta":{"footnotes":""},"categories":[1550,1],"tags":[791],"class_list":["post-21609","post","type-post","status-publish","format-standard","has-post-thumbnail","hentry","category-bisikletli-kutuphaneci","category-genel","tag-hakan-yucel"],"_links":{"self":[{"href":"https:\/\/www.bbyhaber.com\/bby\/wp-json\/wp\/v2\/posts\/21609"}],"collection":[{"href":"https:\/\/www.bbyhaber.com\/bby\/wp-json\/wp\/v2\/posts"}],"about":[{"href":"https:\/\/www.bbyhaber.com\/bby\/wp-json\/wp\/v2\/types\/post"}],"author":[{"embeddable":true,"href":"https:\/\/www.bbyhaber.com\/bby\/wp-json\/wp\/v2\/users\/129"}],"replies":[{"embeddable":true,"href":"https:\/\/www.bbyhaber.com\/bby\/wp-json\/wp\/v2\/comments?post=21609"}],"version-history":[{"count":5,"href":"https:\/\/www.bbyhaber.com\/bby\/wp-json\/wp\/v2\/posts\/21609\/revisions"}],"predecessor-version":[{"id":21614,"href":"https:\/\/www.bbyhaber.com\/bby\/wp-json\/wp\/v2\/posts\/21609\/revisions\/21614"}],"wp:featuredmedia":[{"embeddable":true,"href":"https:\/\/www.bbyhaber.com\/bby\/wp-json\/wp\/v2\/media\/21606"}],"wp:attachment":[{"href":"https:\/\/www.bbyhaber.com\/bby\/wp-json\/wp\/v2\/media?parent=21609"}],"wp:term":[{"taxonomy":"category","embeddable":true,"href":"https:\/\/www.bbyhaber.com\/bby\/wp-json\/wp\/v2\/categories?post=21609"},{"taxonomy":"post_tag","embeddable":true,"href":"https:\/\/www.bbyhaber.com\/bby\/wp-json\/wp\/v2\/tags?post=21609"}],"curies":[{"name":"wp","href":"https:\/\/api.w.org\/{rel}","templated":true}]}}