{"id":21587,"date":"2017-04-07T16:09:22","date_gmt":"2017-04-07T13:09:22","guid":{"rendered":"http:\/\/www.bbyhaber.com\/bby\/?p=21587"},"modified":"2017-04-07T17:38:58","modified_gmt":"2017-04-07T14:38:58","slug":"karabuk-universitesi-kamil-gulec-kutuphanesi-torenle-acildi","status":"publish","type":"post","link":"https:\/\/www.bbyhaber.com\/bby\/2017\/04\/07\/karabuk-universitesi-kamil-gulec-kutuphanesi-torenle-acildi","title":{"rendered":"Karab\u00fck \u00dcniversitesi Kamil G\u00fcle\u00e7 K\u00fct\u00fcphanesi T\u00f6renle A\u00e7\u0131ld\u0131"},"content":{"rendered":"<p><a href=\"http:\/\/www.bbyhaber.com\/bby\/wp-content\/uploads\/2017\/04\/karab\u00fck-\u00fcniversitesi-k\u00fct\u00fcphanesi.jpg\"><img loading=\"lazy\" decoding=\"async\" class=\"alignleft wp-image-21593 \" src=\"http:\/\/www.bbyhaber.com\/bby\/wp-content\/uploads\/2017\/04\/karab\u00fck-\u00fcniversitesi-k\u00fct\u00fcphanesi.jpg\" alt=\"\" width=\"333\" height=\"179\" data-wp-pid=\"21593\" srcset=\"https:\/\/www.bbyhaber.com\/bby\/wp-content\/uploads\/2017\/04\/karab\u00fck-\u00fcniversitesi-k\u00fct\u00fcphanesi.jpg 530w, https:\/\/www.bbyhaber.com\/bby\/wp-content\/uploads\/2017\/04\/karab\u00fck-\u00fcniversitesi-k\u00fct\u00fcphanesi-300x161.jpg 300w\" sizes=\"(max-width: 333px) 100vw, 333px\" \/><\/a>Karab\u00fck \u00dcniversitesi Kamil G\u00fcle\u00e7 K\u00fct\u00fcphanesi iklimlendirilmi\u015f \u00e7al\u0131\u015fma ve ara\u015ft\u0131rma alanlar\u0131n\u0131n yan\u0131 s\u0131ra peyzajl\u0131 ye\u015fil alanlar ve sanat galerisi ile rafa dizilmi\u015f kitaplar\u0131 g\u00f6steren dikkat \u00e7ekici bir mimariye sahip. K\u00fct\u00fcphane ayn\u0131 anda 500&#8217;den fazla \u00f6\u011frenciye \u00e7evrimi\u00e7i ve \u00e7evrimd\u0131\u015f\u0131 ara\u015ft\u0131rma yapmas\u0131na imkan sa\u011fl\u0131yor. 75 bin adet farkl\u0131 bas\u0131l\u0131 kitaba ev sahipli\u011fi yapan K\u00fct\u00fcphanede 18 online veri taban\u0131 ile 6 milyon kayna\u011fa ula\u015f\u0131m imkan\u0131 da bulunuyor.<!--more--><\/p>\n<p>Kardemir Y\u00f6netim Kurulu Ba\u015fkan Vekili, \u00c7a\u011f \u00c7elik Demir ve \u00c7elik End\u00fcstri A.\u015e Y\u00f6netim Kurulu Ba\u015fkan\u0131 hay\u0131rsever i\u015f adam\u0131 Kamil G\u00fcle\u00e7 taraf\u0131ndan yapt\u0131r\u0131lan k\u00fct\u00fcphanenin a\u00e7\u0131l\u0131\u015f t\u00f6reni geni\u015f kat\u0131l\u0131mla ger\u00e7ekle\u015ftirildi.<\/p>\n<p>Karab\u00fck \u00dcniversitesi kamp\u00fcs\u00fcnde d\u00fczenlenen a\u00e7\u0131l\u0131\u015f t\u00f6renine Karab\u00fck Valisi Mehmet Akta\u015f, Karab\u00fck Milletvekilleri Mehmet Ali \u015eahin ve Prof. Dr. Burhanettin Uysal, Garnizon Komutan\u0131 Per. Albay Tekin Nemlio\u011flu, Rekt\u00f6r Prof. Dr. Refik Polat, Karab\u00fck Belediye Ba\u015fkan\u0131 Rafet Vergili, \u0130l Emniyet M\u00fcd\u00fcr\u00fc Mehmet Emin Akay, Safranbolu Kaymakam\u0131 Murat Bulacak ve Safranbolu Belediye Ba\u015fkan\u0131 Dr. Necdet Aksoy olmak \u00fczere Karab\u00fck protokol\u00fc kat\u0131ld\u0131.<\/p>\n<p>K\u00fct\u00fcphanenin a\u00e7\u0131l\u0131\u015f\u0131nda konu\u015fan Prof. Dr. Refik Polat, k\u00fct\u00fcphanelerin birer bilgi merkezi oldu\u011funu s\u00f6yleyerek &#8220;K\u00fct\u00fcphaneler \u00fcniversitelerin kalbidir. Kitaplar ise hayat\u0131m\u0131zd\u0131r&#8221; dedi.<\/p>\n<p>Rekt\u00f6r Polat, \u0130slam inanc\u0131n\u0131n temelinde &#8220;oku&#8221; emri bulundu\u011funu belirterek Peygamberimiz Hz. Muhammed&#8217;in &#8220;Be\u015fikten mezara kadar ilim \u00f6\u011frenin&#8221; hadis-i \u015ferifini hat\u0131rlatt\u0131.<\/p>\n<p>Prof. Dr. Refik Polat konu\u015fmas\u0131nda kitaplara, k\u00fclt\u00fcre, medeniyete sahip \u00e7\u0131k\u0131lmas\u0131 gerekti\u011fini vurgulayarak bu konuda akademik kurumlara ve k\u00fct\u00fcphanelere b\u00fcy\u00fck g\u00f6revler d\u00fc\u015ft\u00fc\u011f\u00fcne de dikkat \u00e7ekti.<\/p>\n<p>\u00dcniversite K\u00fct\u00fcphanesi ile ilgili bilgiler veren Prof. Dr. Polat, 27 Elektronik veri taban\u0131na aboneli\u011finin bulundu\u011funu, bu do\u011frultuda yakla\u015f\u0131k 6 milyon elektronik kayna\u011fa ula\u015f\u0131labilmekte oldu\u011funu s\u00f6zlerine ekledi.<\/p>\n<p>K\u00fct\u00fcphanenin i\u00e7 m\u00fc\u015ftemilat\u0131n\u0131 \u00dcniversitenin \u00fcstlendi\u011fini ve ak\u0131ll\u0131 K\u00fct\u00fcphane olarak hizmet verecek \u015fekilde teknolojik olarak donat\u0131ld\u0131\u011f\u0131n\u0131 da ifade eden Rekt\u00f6r Prof. Dr. Refik Polat konu\u015fmas\u0131na \u015fu s\u00f6zlerle devam etti: &#8220;\u00d6\u011frencilerimiz ve t\u00fcm ara\u015ft\u0131rmac\u0131lar i\u00e7in tarama bilgisayarlar\u0131 ve personele ihtiya\u00e7 duymadan kendi kedine kitap al\u0131\u015f &#8211; veri\u015fi yapabilecekleri self-\u00e7ek makinalar\u0131ndan olu\u015fan bir sistem kurduk. Paradan daha fazla mikrop bar\u0131nd\u0131ran kitaplar\u0131 temizleyelim ve yararlan\u0131c\u0131lar\u0131m\u0131za o \u015fekilde sunal\u0131m diye yine kitaplar\u0131 temizlemek i\u00e7in sterilizasyon makinas\u0131 da kurduk.&#8221;<\/p>\n<p>H\u0131zla geli\u015fen ve b\u00fcy\u00fcyen Karab\u00fck \u00dcniversitesi&#8217;nin bu ba\u015far\u0131ya ula\u015fmas\u0131nda hay\u0131rseverlerin ve Kardemir y\u00f6netiminin \u00e7ok b\u00fcy\u00fck katk\u0131lar\u0131 oldu\u011funu ifade eden Rekt\u00f6r Polat, \u00fcniversitede bir\u00e7ok binan\u0131n yap\u0131m\u0131n\u0131 \u00fcstlenen Kardemir y\u00f6netimine ve K\u00fct\u00fcphanenin yap\u0131m\u0131n\u0131 \u00fcstlenen Kardemir Y\u00f6netim Kurulu Ba\u015fkan Vekili Kamil G\u00fcle\u00e7&#8217;e te\u015fekk\u00fcr etti.<\/p>\n<p>Vali Mehmet Akta\u015f ise, Karab\u00fck \u00dcniversitesi&#8217;nin \u00fclkenin en b\u00fcy\u00fck ve en \u00e7ok tercih edilen \u00fcniversitelerden biri durumuna geldi\u011fini belirterek daha da b\u00fcy\u00fctmek ve kalitesini art\u0131rmak ad\u0131na Karab\u00fck&#8217;teki herkese g\u00f6rev d\u00fc\u015ft\u00fc\u011f\u00fcn\u00fc s\u00f6yledi.<\/p>\n<p>Vali Akta\u015f ayr\u0131ca, Kamil G\u00fcle\u00e7 K\u00fct\u00fcphanesi ile \u00dcniversiteli gen\u00e7lerin modern ve rahat bir ortamda bilgiye ula\u015fabileceklerini belirterek k\u00fct\u00fcphanenin Karab\u00fck \u00dcniversitesi&#8217;nin e\u011fitim kalitesinin daha da artmas\u0131 noktas\u0131nda \u00f6nemli katk\u0131lar sunaca\u011f\u0131n\u0131 ifade etti.<\/p>\n<p>Kardemir Y\u00f6netim Kurulu Ba\u015fkan Vekili Kamil G\u00fcle\u00e7, 1980&#8217;li y\u0131llarda Karab\u00fck&#8217;te \u00dcniversite Kurma ve Ya\u015fatma Derne\u011fi&#8217;nin y\u00f6netiminde fahri g\u00f6rev alarak \u00dcniversiteye katk\u0131 sunmaya ba\u015flad\u0131\u011f\u0131n\u0131 s\u00f6yleyerek, bilimin ve ilmin yap\u0131ld\u0131\u011f\u0131 en \u00fcst kurulu\u015fun \u00fclkemizde \u00fcniversiteler oldu\u011funu kaydetti.<\/p>\n<p>Karab\u00fck Milletvekili Mehmet Ali \u015eahin de 10 y\u0131l \u00f6nce kurulan Karab\u00fck \u00dcniversitesi&#8217;ne KARDEM\u0130R&#8217;in \u00e7ok \u00f6nemli katk\u0131lar sundu\u011funu belirterek Kamil G\u00fcle\u00e7&#8217;in yapt\u0131rd\u0131\u011f\u0131 K\u00fct\u00fcphanenin de \u00e7ok anlaml\u0131 oldu\u011funu ifade ederek, &#8220;\u00c7a\u011f\u0131n teknolojisini elbette takip etmek gerekir, ancak kitap kokusunun yerini hi\u00e7bir \u015fey tutamaz&#8221; dedi.<\/p>\n<p>A\u00e7\u0131l\u0131\u015f konu\u015fmalar\u0131n\u0131n ard\u0131ndan protokol \u00fcyeleri taraf\u0131ndan Karab\u00fck \u00dcniversitesi Kamil G\u00fcle\u00e7 K\u00fct\u00fcphanesi&#8217;nin a\u00e7\u0131l\u0131\u015f kurdelesi kesildi. Protokol \u00fcyeleri ve davetliler k\u00fct\u00fcphaneyi gezerek Sezer G\u00fcle\u00e7 Sanat Galerisi&#8217;nin a\u00e7\u0131l\u0131\u015f\u0131yla birlikte orada kurulan &#8220;D\u00fcnden Bug\u00fcne Karab\u00fck \u00dcniversitesi&#8221; konulu foto\u011fraf sergisini gezdi.<\/p>\n<p><a href=\"http:\/\/www.haberler.com\" target=\"_blank\">Kaynak<\/a><\/p>\n","protected":false},"excerpt":{"rendered":"<p>Karab\u00fck \u00dcniversitesi Kamil G\u00fcle\u00e7 K\u00fct\u00fcphanesi iklimlendirilmi\u015f \u00e7al\u0131\u015fma ve ara\u015ft\u0131rma alanlar\u0131n\u0131n yan\u0131 s\u0131ra peyzajl\u0131 ye\u015fil alanlar ve sanat galerisi ile rafa dizilmi\u015f kitaplar\u0131 g\u00f6steren dikkat \u00e7ekici bir mimariye sahip. K\u00fct\u00fcphane ayn\u0131 anda 500&#8217;den fazla \u00f6\u011frenciye \u00e7evrimi\u00e7i ve \u00e7evrimd\u0131\u015f\u0131 ara\u015ft\u0131rma yapmas\u0131na imkan sa\u011fl\u0131yor. 75 bin adet farkl\u0131 bas\u0131l\u0131 kitaba ev sahipli\u011fi yapan K\u00fct\u00fcphanede 18 online veri taban\u0131 [&hellip;]<\/p>\n","protected":false},"author":1,"featured_media":21593,"comment_status":"open","ping_status":"open","sticky":false,"template":"","format":"standard","meta":{"footnotes":""},"categories":[],"tags":[1437],"class_list":["post-21587","post","type-post","status-publish","format-standard","has-post-thumbnail","hentry","tag-univ-arastirma-kutuphaneleri"],"_links":{"self":[{"href":"https:\/\/www.bbyhaber.com\/bby\/wp-json\/wp\/v2\/posts\/21587"}],"collection":[{"href":"https:\/\/www.bbyhaber.com\/bby\/wp-json\/wp\/v2\/posts"}],"about":[{"href":"https:\/\/www.bbyhaber.com\/bby\/wp-json\/wp\/v2\/types\/post"}],"author":[{"embeddable":true,"href":"https:\/\/www.bbyhaber.com\/bby\/wp-json\/wp\/v2\/users\/1"}],"replies":[{"embeddable":true,"href":"https:\/\/www.bbyhaber.com\/bby\/wp-json\/wp\/v2\/comments?post=21587"}],"version-history":[{"count":3,"href":"https:\/\/www.bbyhaber.com\/bby\/wp-json\/wp\/v2\/posts\/21587\/revisions"}],"predecessor-version":[{"id":21594,"href":"https:\/\/www.bbyhaber.com\/bby\/wp-json\/wp\/v2\/posts\/21587\/revisions\/21594"}],"wp:featuredmedia":[{"embeddable":true,"href":"https:\/\/www.bbyhaber.com\/bby\/wp-json\/wp\/v2\/media\/21593"}],"wp:attachment":[{"href":"https:\/\/www.bbyhaber.com\/bby\/wp-json\/wp\/v2\/media?parent=21587"}],"wp:term":[{"taxonomy":"category","embeddable":true,"href":"https:\/\/www.bbyhaber.com\/bby\/wp-json\/wp\/v2\/categories?post=21587"},{"taxonomy":"post_tag","embeddable":true,"href":"https:\/\/www.bbyhaber.com\/bby\/wp-json\/wp\/v2\/tags?post=21587"}],"curies":[{"name":"wp","href":"https:\/\/api.w.org\/{rel}","templated":true}]}}