{"id":21520,"date":"2017-03-31T09:29:21","date_gmt":"2017-03-31T06:29:21","guid":{"rendered":"http:\/\/www.bbyhaber.com\/bby\/?p=21520"},"modified":"2017-04-05T14:37:51","modified_gmt":"2017-04-05T11:37:51","slug":"kutuphane-karnesi-bu-yil-da-zayif","status":"publish","type":"post","link":"https:\/\/www.bbyhaber.com\/bby\/2017\/03\/31\/kutuphane-karnesi-bu-yil-da-zayif","title":{"rendered":"K\u00fct\u00fcphane karnesi bu y\u0131l da zay\u0131f!"},"content":{"rendered":"<p class=\"selectionShareable\"><strong><img loading=\"lazy\" decoding=\"async\" class=\"alignleft size-medium wp-image-21521\" src=\"http:\/\/www.bbyhaber.com\/bby\/wp-content\/uploads\/2017\/03\/58dcbb4e7af5072c0c798b45-300x169.jpg\" alt=\"\" width=\"300\" height=\"169\" data-wp-pid=\"21521\" srcset=\"https:\/\/www.bbyhaber.com\/bby\/wp-content\/uploads\/2017\/03\/58dcbb4e7af5072c0c798b45-300x169.jpg 300w, https:\/\/www.bbyhaber.com\/bby\/wp-content\/uploads\/2017\/03\/58dcbb4e7af5072c0c798b45.jpg 590w\" sizes=\"(max-width: 300px) 100vw, 300px\" \/>Okul K\u00fct\u00fcphanecileri Derne\u011fi<\/strong>\u00a0<strong>53\u2019\u00fcnc\u00fc K\u00fct\u00fcphane Haftas\u0131<\/strong> nedeniyle, okullardaki k\u00fct\u00fcphane ve \u00f6\u011frencilerin okuma al\u0131\u015fkanl\u0131\u011fa y\u00f6nelik bir a\u00e7\u0131klama yapt\u0131. Okullardaki k\u00fct\u00fcphane say\u0131s\u0131n\u0131n az oldu\u011funun vurguland\u0131\u011f\u0131 a\u00e7\u0131klamada, okul k\u00fct\u00fcphanesinin akademik ba\u015far\u0131y\u0131 da artt\u0131rd\u0131\u011f\u0131 belirtildi. Buna g\u00f6re okullar\u0131n y\u00fczde 70\u2019inde k\u00fct\u00fcphane bulunmuyor. Evinde en fazla 10 kitap olan ailelerin oran\u0131 y\u00fczde 27. T\u00fcrkiye, \u2018Cehalet Endeksi Ara\u015ft\u0131rmas\u0131\u2019 sonu\u00e7lar\u0131na g\u00f6re 40 \u00fclke aras\u0131nda en cahil 9\u2019uncu oldu. \u00c7ocuklar\u0131n yar\u0131s\u0131 hayal kurmuyor. \u00c7e\u015fitli ara\u015ft\u0131rmalardan derlenen a\u00e7\u0131klamadaki bulgular \u015f\u00f6yle:<!--more--><\/p>\n<p class=\"selectionShareable\"><strong>Y\u00fczde 39 hi\u00e7 kitap okumuyor<\/strong><\/p>\n<p class=\"selectionShareable\">Ara\u015ft\u0131rma \u015firketi \u0130PSOS\u2019un 2016\u2019da T\u00fcrkiye\u2019nin 34 ilinden 13 bin 799 ki\u015fiyle ger\u00e7ekle\u015ftirdi\u011fi ara\u015ft\u0131rman\u0131n sonu\u00e7lar\u0131n\u0131 i\u00e7eren \u2018T\u00fcrkiye\u2019yi Anlama K\u0131lavuzu\u2019na g\u00f6re toplumun y\u00fczde 39\u2019u kitap, y\u00fczde 47\u2019si hi\u00e7 dergi okumuyor. En s\u0131k yap\u0131lan aktivite y\u00fczde 85\u2019le televizyon izlemek. T\u00fcrkiye \u0130statistik Kurumu\u2019nun (T\u00dc\u0130K) en g\u00fcncel olan 2015 y\u0131l\u0131 verilerine g\u00f6re halk k\u00fct\u00fcphanelerindeki \u00fcye say\u0131s\u0131 1 milyon 367 bin 139. \u00dclke n\u00fcfusunun y\u00fczde 2\u2019sinden az. Aral\u0131k 2016\u2019da sonu\u00e7lar\u0131 a\u00e7\u0131klanan 40 \u00fclkede yap\u0131lan \u2018Cehalet Endeksi Ara\u015ft\u0131rmas\u0131\u2019 sonu\u00e7lar\u0131na g\u00f6re T\u00fcrkiye en cahil 9\u2019uncu \u00fclke oldu.<\/p>\n<p class=\"selectionShareable\"><strong>Evde kitap, okulda k\u00fct\u00fcphane yok<\/strong><\/p>\n<p class=\"selectionShareable\">Milli E\u011fitim Bakanl\u0131\u011f\u0131\u2019n\u0131n (MEB), Ekonomik Kalk\u0131nma ve \u0130\u015fbirli\u011fi \u00d6rg\u00fct\u00fc (OECD) ortakl\u0131\u011f\u0131nda T\u00fcrkiye \u00e7ap\u0131nda 15 ya\u015f\u0131nda \u00f6\u011frencilerden toplad\u0131\u011f\u0131 verilere g\u00f6re, evinde en fazla 10 kitap olan ailelerin oran\u0131 y\u00fczde 27. Evlerin y\u00fczde 54\u2019\u00fcnde kitap say\u0131s\u0131 25\u2019i ge\u00e7miyor. Evdeki 25 kitab\u0131n \u00e7o\u011funlu\u011fu edebiyat eseri de\u011fil, ders veya test kitab\u0131. T\u00fcrkiye\u2019de TIMSS 2011 \u00e7al\u0131\u015fmas\u0131na kat\u0131lan 4\u2019\u00fcnc\u00fc s\u0131n\u0131f \u00f6\u011frencilerinin y\u00fczde 1\u2019inin okullar\u0131nda 5 binden fazla farkl\u0131 kitab\u0131n bulundu\u011fu k\u00fct\u00fcphane oldu\u011fu g\u00f6r\u00fcl\u00fcyor. Bu oran G\u00fcney Kore\u2019de y\u00fczde 92, d\u00fcnya ortalamas\u0131 ise y\u00fczde 32. \u00d6\u011frencilerin y\u00fczde 38\u2019inin okul k\u00fct\u00fcphanesinde 501-5000 kitap bulunurken, y\u00fczde 37\u2019sinin okul k\u00fct\u00fcphanesinde 500 ve daha az kitap var. \u00c7al\u0131\u015fmaya kat\u0131lan \u00f6\u011frencilerin y\u00fczde 24\u2019\u00fcn\u00fcn ise okullar\u0131nda k\u00fct\u00fcphane yok.<\/p>\n<p class=\"selectionShareable\"><strong>Okul k\u00fct\u00fcphanesi e\u011fitim ba\u015far\u0131s\u0131n\u0131 artt\u0131r\u0131yor<\/strong><\/p>\n<p class=\"selectionShareable\">TIMSS \u00fclkeleri genelinde oldu\u011fu gibi T\u00fcrkiye\u2019de de okul k\u00fct\u00fcphanesindeki kitap say\u0131s\u0131 fazlala\u015ft\u0131k\u00e7a \u00f6\u011frenci ba\u015far\u0131s\u0131n\u0131n artt\u0131\u011f\u0131 g\u00f6r\u00fcl\u00fcyor. T\u00fcrkiye\u2019de en y\u00fcksek ba\u015far\u0131 ortalamas\u0131n\u0131n k\u00fct\u00fcphanelerinde 501-5000 aras\u0131 kitap bulunan okullarda, en d\u00fc\u015f\u00fck ba\u015far\u0131 ortalamas\u0131n\u0131n ise k\u00fct\u00fcphanesi olmayan okullarda \u00f6\u011frenim g\u00f6ren \u00f6\u011frencilerde tespit edildi\u011fi g\u00f6r\u00fcld\u00fc. Okul k\u00fct\u00fcphanesindeki kitap say\u0131s\u0131 artt\u0131k\u00e7a, \u00f6\u011frencilerin matematik ba\u015far\u0131lar\u0131n\u0131n da artma e\u011filiminde oldu\u011fu tespit ediliyor.<\/p>\n<p class=\"selectionShareable\"><strong>Hayal kuram\u0131yorlar<\/strong><\/p>\n<p class=\"selectionShareable\">Bright Future ve \u0130ntel\u2019in, 10 \u015fehirde 8-55 ya\u015f aras\u0131 2 bin ki\u015fiyle g\u00f6r\u00fc\u015ferek T\u00fcrkiye\u2019nin hayal haritas\u0131n\u0131 \u00e7\u0131kard\u0131\u011f\u0131 ara\u015ft\u0131rmas\u0131na g\u00f6re, \u00e7ocuklar\u0131n yar\u0131s\u0131 hayal kurmuyor. Okul \u00e7a\u011f\u0131n\u0131n ba\u015flang\u0131c\u0131nda, evde, okulda ve ya\u015fad\u0131\u011f\u0131 \u015fehirde k\u00fct\u00fcphaneyle bulu\u015famayan edebiyat eserlerinden; masal, \u00f6yk\u00fc, roman, \u015fiir ve deneme gibi kurmaca metinlerden beslenemeyen \u00e7ocuklar\u0131n hayal kurmas\u0131 olas\u0131 de\u011fil.<\/p>\n<p class=\"selectionShareable\"><strong>Okullar\u0131n y\u00fczde 70\u2019i k\u00fct\u00fcphanesiz<\/strong><\/p>\n<p class=\"selectionShareable\">\u00c7ocuklar ya\u015fam alanlar\u0131nda keyifli, kaliteli zaman ge\u00e7irecekleri ve e\u011fitimlerini destekleyecekleri yard\u0131mc\u0131 kaynaklardan, referans kitaplardan, kitap d\u0131\u015f\u0131 kaynaklardan yoksun b\u00fcy\u00fcyor. \u00d6rg\u00fcn e\u011fitimde 51 bin 622 resmi, 9 bin 581 \u00f6zel olmak \u00fczere 61 bin 203 okul ve kurum var. MEB rakamlar\u0131na g\u00f6re T\u00fcrkiye geneli \u00f6zel ve resmi okul k\u00fct\u00fcphane say\u0131s\u0131 18 bin 916. Bakanl\u0131\u011fa ba\u011fl\u0131 \u00fclke genelindeki okullarda k\u00fct\u00fcphane oran\u0131 y\u00fczde 30. Yani okullar\u0131n y\u00fczde 70\u2019inde k\u00fct\u00fcphane yok.<\/p>\n<p class=\"selectionShareable\"><strong>\u00d6\u011frencilerin yar\u0131s\u0131 okudu\u011funu anlam\u0131yor<\/strong><\/p>\n<p class=\"selectionShareable\">OECD\u2019nin \u00fc\u00e7 y\u0131lda bir haz\u0131rlad\u0131\u011f\u0131 Uluslararas\u0131 \u00d6\u011frenci De\u011ferlendirme Program\u0131 (PISA) 2015 sonu\u00e7lar\u0131na g\u00f6re, e\u011fitim ba\u015far\u0131s\u0131nda d\u00fcnyada ilk 50 \u00fclke aras\u0131nda de\u011filiz. T\u00fcrkiye, PISA 2012\u2019ye g\u00f6re ortalama 7 s\u0131ra d\u00fc\u015ferken, en \u00e7ok kay\u0131p ise okuma ve fen bilimlerinde oldu. 70 \u00fclke aras\u0131nda fen bilimlerinde 52, matematikte 49, okudu\u011funu anlamada 50\u2019nci s\u0131rada yer ald\u0131. T\u00fcrkiye\u2019nin PISA sonu\u00e7lar\u0131na g\u00f6re, s\u0131nava kat\u0131lan \u00f6\u011frencilerdeki en \u00f6nemli eksik \u2018okudu\u011funu anlama\u2019 becerisi. Bu s\u0131nava giren her iki \u00f6\u011frenciden birinin okudu\u011funu anlamad\u0131\u011f\u0131 ortaya \u00e7\u0131kt\u0131. PISA\u2019da okuma becerilerinde d\u00fc\u015f\u00fck performans, bir metindeki ana fikrin anla\u015f\u0131lmas\u0131nda zorluk \u00e7ekilmesi anlam\u0131na geliyor. Okudu\u011funu anlama oran\u0131 2003 y\u0131l\u0131na g\u00f6re geriledi. Bu alanda 12 sene geriye gidildi.<\/p>\n<p class=\"selectionShareable\"><a href=\"http:\/\/www.hurriyet.com.tr\" target=\"_blank\">Kaynak<\/a><\/p>\n","protected":false},"excerpt":{"rendered":"<p>Okul K\u00fct\u00fcphanecileri Derne\u011fi\u00a053\u2019\u00fcnc\u00fc K\u00fct\u00fcphane Haftas\u0131 nedeniyle, okullardaki k\u00fct\u00fcphane ve \u00f6\u011frencilerin okuma al\u0131\u015fkanl\u0131\u011fa y\u00f6nelik bir a\u00e7\u0131klama yapt\u0131. Okullardaki k\u00fct\u00fcphane say\u0131s\u0131n\u0131n az oldu\u011funun vurguland\u0131\u011f\u0131 a\u00e7\u0131klamada, okul k\u00fct\u00fcphanesinin akademik ba\u015far\u0131y\u0131 da artt\u0131rd\u0131\u011f\u0131 belirtildi. Buna g\u00f6re okullar\u0131n y\u00fczde 70\u2019inde k\u00fct\u00fcphane bulunmuyor. Evinde en fazla 10 kitap olan ailelerin oran\u0131 y\u00fczde 27. T\u00fcrkiye, \u2018Cehalet Endeksi Ara\u015ft\u0131rmas\u0131\u2019 sonu\u00e7lar\u0131na g\u00f6re 40 \u00fclke [&hellip;]<\/p>\n","protected":false},"author":1,"featured_media":21521,"comment_status":"open","ping_status":"open","sticky":false,"template":"","format":"standard","meta":{"footnotes":""},"categories":[1523,1],"tags":[],"class_list":["post-21520","post","type-post","status-publish","format-standard","has-post-thumbnail","hentry","category-53-kutuphane-haftasi","category-genel"],"_links":{"self":[{"href":"https:\/\/www.bbyhaber.com\/bby\/wp-json\/wp\/v2\/posts\/21520"}],"collection":[{"href":"https:\/\/www.bbyhaber.com\/bby\/wp-json\/wp\/v2\/posts"}],"about":[{"href":"https:\/\/www.bbyhaber.com\/bby\/wp-json\/wp\/v2\/types\/post"}],"author":[{"embeddable":true,"href":"https:\/\/www.bbyhaber.com\/bby\/wp-json\/wp\/v2\/users\/1"}],"replies":[{"embeddable":true,"href":"https:\/\/www.bbyhaber.com\/bby\/wp-json\/wp\/v2\/comments?post=21520"}],"version-history":[{"count":3,"href":"https:\/\/www.bbyhaber.com\/bby\/wp-json\/wp\/v2\/posts\/21520\/revisions"}],"predecessor-version":[{"id":21543,"href":"https:\/\/www.bbyhaber.com\/bby\/wp-json\/wp\/v2\/posts\/21520\/revisions\/21543"}],"wp:featuredmedia":[{"embeddable":true,"href":"https:\/\/www.bbyhaber.com\/bby\/wp-json\/wp\/v2\/media\/21521"}],"wp:attachment":[{"href":"https:\/\/www.bbyhaber.com\/bby\/wp-json\/wp\/v2\/media?parent=21520"}],"wp:term":[{"taxonomy":"category","embeddable":true,"href":"https:\/\/www.bbyhaber.com\/bby\/wp-json\/wp\/v2\/categories?post=21520"},{"taxonomy":"post_tag","embeddable":true,"href":"https:\/\/www.bbyhaber.com\/bby\/wp-json\/wp\/v2\/tags?post=21520"}],"curies":[{"name":"wp","href":"https:\/\/api.w.org\/{rel}","templated":true}]}}