{"id":21508,"date":"2017-03-30T13:56:17","date_gmt":"2017-03-30T10:56:17","guid":{"rendered":"http:\/\/www.bbyhaber.com\/bby\/?p=21508"},"modified":"2017-04-05T13:46:19","modified_gmt":"2017-04-05T10:46:19","slug":"turk-kutuphaneciligi-dergisinin-2017-ilk-sayisi-yeni-logo-ve-kapak-tasarimi-ile-yayinlandi","status":"publish","type":"post","link":"https:\/\/www.bbyhaber.com\/bby\/2017\/03\/30\/turk-kutuphaneciligi-dergisinin-2017-ilk-sayisi-yeni-logo-ve-kapak-tasarimi-ile-yayinlandi","title":{"rendered":"T\u00fcrk K\u00fct\u00fcphanecili\u011fi Dergisi&#8217;nin 2017 ilk say\u0131s\u0131 yeni logo ve kapak tasar\u0131m\u0131 ile yay\u0131nland\u0131"},"content":{"rendered":"<p><a href=\"http:\/\/www.bbyhaber.com\/bby\/wp-content\/uploads\/2017\/03\/cover_issue_276_tr_TR-compressor.jpg\"><img loading=\"lazy\" decoding=\"async\" class=\"alignleft wp-image-21511 size-medium\" src=\"http:\/\/www.bbyhaber.com\/bby\/wp-content\/uploads\/2017\/03\/cover_issue_276_tr_TR-compressor-212x300.jpg\" alt=\"\" width=\"212\" height=\"300\" data-wp-pid=\"21511\" srcset=\"https:\/\/www.bbyhaber.com\/bby\/wp-content\/uploads\/2017\/03\/cover_issue_276_tr_TR-compressor-212x300.jpg 212w, https:\/\/www.bbyhaber.com\/bby\/wp-content\/uploads\/2017\/03\/cover_issue_276_tr_TR-compressor-768x1085.jpg 768w, https:\/\/www.bbyhaber.com\/bby\/wp-content\/uploads\/2017\/03\/cover_issue_276_tr_TR-compressor-725x1024.jpg 725w, https:\/\/www.bbyhaber.com\/bby\/wp-content\/uploads\/2017\/03\/cover_issue_276_tr_TR-compressor-800x1130.jpg 800w\" sizes=\"(max-width: 212px) 100vw, 212px\" \/><\/a><\/p>\n<p>T\u00fcrk K\u00fct\u00fcphanecili\u011fi Dergisi&#8217;nin <strong><a href=\"http:\/\/tk.org.tr\/index.php\/TK\/issue\/view\/276\" target=\"_blank\">2017 y\u0131l\u0131na ait ilk say\u0131s\u0131<\/a><\/strong> yeni logo ve kapak tasar\u0131m\u0131 ile yay\u0131nland\u0131.\u00a0 Dergi edit\u00f6rlerinden Zehra Ta\u015fk\u0131n ve Fatih Canata dergideki de\u011fi\u015fimleri \u015f\u00f6yle dile getirmi\u015flerdir:&#8221;<em>Bu say\u0131dan itibaren yay\u0131mlad\u0131\u011f\u0131m\u0131z her makaleye sabit bir <span style=\"color: #ff0000;\"><strong>DOI (Digital Object Identifier; 24146 say\u0131s\u0131 derginin DOI \u00f6n ekidir)<\/strong><\/span> numaras\u0131 verilmeye ba\u015flanm\u0131\u015ft\u0131r. Bu sayede dergi sunucular\u0131 de\u011fi\u015fse bile makalelere eri\u015fim ba\u011flant\u0131lar\u0131 de\u011fi\u015fmeyecek, b\u00f6ylelikle yazarlar\u0131m\u0131z\u0131n makalelerinin g\u00f6r\u00fcn\u00fcrl\u00fckleri a\u00e7\u0131s\u0131ndan s\u00fcreklilik sa\u011flanm\u0131\u015f olacakt\u0131r. Bu say\u0131y\u0131 elinize ald\u0131\u011f\u0131n\u0131zda kar\u015f\u0131la\u015faca\u011f\u0131n\u0131z s\u00f6z\u00fc edilen iki yenili\u011fin yan\u0131nda (yeni alt b\u00f6l\u00fcmlendirme ve DOI) sizlerle payla\u015fmaktan mutluluk duyaca\u011f\u0131m\u0131z di\u011fer geli\u015fmeleri de bilgilerinize sunmak isteriz. Bunlardan ilki, <strong><span style=\"color: #ff0000;\">yeni kapak ve logo tasar\u0131m\u0131<\/span><\/strong>m\u0131zd\u0131r.<!--more--> Bir \u00f6nceki kapa\u011f\u0131m\u0131zdaki, d\u00fc\u015f\u00fcncenin ve deneyimin simgesi olan, lacivert rengi yeni kapa\u011f\u0131m\u0131zda da korunmu\u015ftur. Lacivertin yan\u0131na ise dergimizin dinamizmini ta\u015f\u0131yacak turuncu renk ana tema rengi olarak belirlenmi\u015ftir. Lacivert ve turuncu aras\u0131ndaki uyum ise dengenin simgesi gri renk ile sa\u011flanm\u0131\u015ft\u0131r. Dergimizin T\u00fcrk\u00e7e k\u00fct\u00fcphane ve bilgibilim literat\u00fcr\u00fcne getirdi\u011fi dinamizm, denge ve deneyimi yans\u0131tt\u0131\u011f\u0131m\u0131z bu yeni tasar\u0131m\u0131m\u0131z ve literat\u00fcre imzam\u0131z\u0131 att\u0131\u011f\u0131m\u0131z yeni logomuzun siz de\u011ferli okurlar\u0131m\u0131z taraf\u0131ndan be\u011fenilece\u011fini umut ediyoruz. Dergimizle ilgili bir di\u011fer geli\u015fme de i\u00e7 kapak sayfas\u0131nda yer alan hakem listemizin (Yaz\u0131 De\u011ferlendirme Kurulu) bu say\u0131dan itibaren sadece son \u00fc\u00e7 y\u0131lda de\u011ferlendirme yapan hakemleri kapsayacak \u015fekilde g\u00fcncellenmi\u015f olmas\u0131d\u0131r<\/em>&#8221;<\/p>\n<p>Yeni say\u0131y\u0131 okumak i\u00e7in <strong><a href=\"http:\/\/tk.org.tr\/index.php\/TK\/issue\/view\/276\" target=\"_blank\">l\u00fctfen t\u0131klay\u0131n\u0131z.<\/a><\/strong><\/p>\n","protected":false},"excerpt":{"rendered":"<p>T\u00fcrk K\u00fct\u00fcphanecili\u011fi Dergisi&#8217;nin 2017 y\u0131l\u0131na ait ilk say\u0131s\u0131 yeni logo ve kapak tasar\u0131m\u0131 ile yay\u0131nland\u0131.\u00a0 Dergi edit\u00f6rlerinden Zehra Ta\u015fk\u0131n ve Fatih Canata dergideki de\u011fi\u015fimleri \u015f\u00f6yle dile getirmi\u015flerdir:&#8221;Bu say\u0131dan itibaren yay\u0131mlad\u0131\u011f\u0131m\u0131z her makaleye sabit bir DOI (Digital Object Identifier; 24146 say\u0131s\u0131 derginin DOI \u00f6n ekidir) numaras\u0131 verilmeye ba\u015flanm\u0131\u015ft\u0131r. Bu sayede dergi sunucular\u0131 de\u011fi\u015fse bile makalelere eri\u015fim [&hellip;]<\/p>\n","protected":false},"author":1,"featured_media":21519,"comment_status":"open","ping_status":"open","sticky":false,"template":"","format":"standard","meta":{"footnotes":""},"categories":[],"tags":[1416],"class_list":["post-21508","post","type-post","status-publish","format-standard","has-post-thumbnail","hentry","tag-turk-kutuphaneciligi"],"_links":{"self":[{"href":"https:\/\/www.bbyhaber.com\/bby\/wp-json\/wp\/v2\/posts\/21508"}],"collection":[{"href":"https:\/\/www.bbyhaber.com\/bby\/wp-json\/wp\/v2\/posts"}],"about":[{"href":"https:\/\/www.bbyhaber.com\/bby\/wp-json\/wp\/v2\/types\/post"}],"author":[{"embeddable":true,"href":"https:\/\/www.bbyhaber.com\/bby\/wp-json\/wp\/v2\/users\/1"}],"replies":[{"embeddable":true,"href":"https:\/\/www.bbyhaber.com\/bby\/wp-json\/wp\/v2\/comments?post=21508"}],"version-history":[{"count":14,"href":"https:\/\/www.bbyhaber.com\/bby\/wp-json\/wp\/v2\/posts\/21508\/revisions"}],"predecessor-version":[{"id":21541,"href":"https:\/\/www.bbyhaber.com\/bby\/wp-json\/wp\/v2\/posts\/21508\/revisions\/21541"}],"wp:featuredmedia":[{"embeddable":true,"href":"https:\/\/www.bbyhaber.com\/bby\/wp-json\/wp\/v2\/media\/21519"}],"wp:attachment":[{"href":"https:\/\/www.bbyhaber.com\/bby\/wp-json\/wp\/v2\/media?parent=21508"}],"wp:term":[{"taxonomy":"category","embeddable":true,"href":"https:\/\/www.bbyhaber.com\/bby\/wp-json\/wp\/v2\/categories?post=21508"},{"taxonomy":"post_tag","embeddable":true,"href":"https:\/\/www.bbyhaber.com\/bby\/wp-json\/wp\/v2\/tags?post=21508"}],"curies":[{"name":"wp","href":"https:\/\/api.w.org\/{rel}","templated":true}]}}