{"id":21503,"date":"2017-03-28T18:11:32","date_gmt":"2017-03-28T15:11:32","guid":{"rendered":"http:\/\/www.bbyhaber.com\/bby\/?p=21503"},"modified":"2017-06-22T14:23:38","modified_gmt":"2017-06-22T11:23:38","slug":"kutuphaneler-08-30-ile-22-00-saatleri-arasinda-acik-olacak","status":"publish","type":"post","link":"https:\/\/www.bbyhaber.com\/bby\/2017\/03\/28\/kutuphaneler-08-30-ile-22-00-saatleri-arasinda-acik-olacak","title":{"rendered":"Halk K\u00fct\u00fcphaneleri 08.30 ile 22.00 saatleri aras\u0131nda a\u00e7\u0131k olacak"},"content":{"rendered":"<p><img loading=\"lazy\" decoding=\"async\" class=\"size-medium wp-image-21504 alignleft\" src=\"http:\/\/www.bbyhaber.com\/bby\/wp-content\/uploads\/2017\/03\/K\u00fct\u00fcphaneler-A\u00e7\u0131k-300x150.jpg\" alt=\"\" width=\"300\" height=\"150\" data-wp-pid=\"21504\" srcset=\"https:\/\/www.bbyhaber.com\/bby\/wp-content\/uploads\/2017\/03\/K\u00fct\u00fcphaneler-A\u00e7\u0131k-300x150.jpg 300w, https:\/\/www.bbyhaber.com\/bby\/wp-content\/uploads\/2017\/03\/K\u00fct\u00fcphaneler-A\u00e7\u0131k.jpg 600w\" sizes=\"(max-width: 300px) 100vw, 300px\" \/>K\u00fclt\u00fcr ve Turizm Bakan\u0131 Nabi Avc\u0131, &#8220;\u0130nsanlar g\u00fcnd\u00fczleri \u00e7al\u0131\u015f\u0131rlar, ak\u015famlar\u0131 da k\u00fct\u00fcphanelere gitmek isteyebilirler. Biz de bunu \u00fclkemizde ba\u015flatmak istiyoruz. \u0130lk pilot uygulamam\u0131z\u0131 \u0130stanbul&#8217;da planlad\u0131k. Sabah saat 08.30 ak\u015fam saat 22.00 aras\u0131nda k\u00fct\u00fcphanelerimizi a\u00e7\u0131k tutmak i\u00e7in d\u00fczenlemelerimizi yap\u0131yoruz.&#8221; dedi.<\/p>\n<p><!--more--><\/p>\n<p><b>Avc\u0131,<\/b> gazetecilere yapt\u0131\u011f\u0131 a\u00e7\u0131klamada, <b>K\u00fct\u00fcphane Haftas\u0131&#8217;<\/b>n\u0131n hay\u0131rl\u0131 olmas\u0131n\u0131 diledi. Kitapseverler ve k\u00fct\u00fcphaneciler i\u00e7in \u00e7ok g\u00fczel \u00e7al\u0131\u015fmalar\u0131n\u0131n oldu\u011funu ifade eden Avc\u0131, \u015f\u00f6yle konu\u015ftu:<\/p>\n<p>&#8220;T\u00fcrkiye&#8217;de kitap okuru ve k\u00fct\u00fcphanelere devam eden okur say\u0131s\u0131 h\u0131zla art\u0131yor. Yay\u0131n sekt\u00f6r\u00fc h\u0131zla geli\u015fiyor. T\u00fcrkiye, ge\u00e7en y\u0131l itibar\u0131yla <b>yay\u0131nc\u0131l\u0131k sekt\u00f6r\u00fcnde d\u00fcnyada 11. s\u0131rada.<\/b> \u0130n\u015fallah bu sene ilk 10&#8217;a girece\u011fiz. B\u00fct\u00fcn di\u011fer alanlarda oldu\u011fu gibi ilk 10&#8217;a girme hedefine de ilk tutturan sekt\u00f6rlerden biri de in\u015fallah kitap\u00e7\u0131l\u0131k, yay\u0131nc\u0131l\u0131k sekt\u00f6r\u00fc olacak. Eski\u015fehir&#8217;deki k\u00fct\u00fcphanemizin yap\u0131m\u0131 devam ediyor. Daha butik semt k\u00fct\u00fcphaneleri kurmay\u0131 da planl\u0131yoruz. Bir\u00e7ok kentte bunu ger\u00e7ekle\u015ftirmeye ba\u015flad\u0131k. K\u00fct\u00fcphanecilik alan\u0131nda T\u00fcrkiye, 2023 hedeflerine bir\u00e7ok sekt\u00f6rden daha \u00f6nce olu\u015facak.&#8221;<\/p>\n<p><b>&#8220;P\u0130LOT UYGULAMAMIZI \u0130STANBUL&#8217;DA PLANLADIK&#8221;<\/b><\/p>\n<p>Avc\u0131, Avrupa, ABD gibi bir\u00e7ok \u00fclkede k\u00fct\u00fcphanelerin 8 saat usul\u00fcyle \u00e7al\u0131\u015fmad\u0131\u011f\u0131n\u0131 bildirdi. K\u00fct\u00fcphanelerin bir\u00e7ok \u00fclkede gece ge\u00e7 saatlere kadar a\u00e7\u0131k oldu\u011funu anlatan Avc\u0131, \u015funlar\u0131 s\u00f6yledi:<\/p>\n<p>&#8220;\u0130nsanlar g\u00fcnd\u00fczleri \u00e7al\u0131\u015f\u0131rlar, ak\u015famlar\u0131 da k\u00fct\u00fcphanelere gitmek isteyebilirler. Onlara da bu imkan\u0131 vermek i\u00e7in k\u00fct\u00fcphanelerin mesai saatleri biraz daha uzundur. Biz de bunu \u00fclkemizde ba\u015flatmak istiyoruz. \u0130lk pilot uygulamam\u0131z\u0131 \u0130stanbul&#8217;da planlad\u0131k. <b>Sabah saat 08.30 ak\u015fam saat 22.00<\/b> aras\u0131nda k\u00fct\u00fcphanelerimizi a\u00e7\u0131k tutmak i\u00e7in d\u00fczenlemelerimizi yap\u0131yoruz. Tabi \u00e7al\u0131\u015fanlar\u0131n memnuniyeti ve motivasyonu da \u00f6nemli, k\u00fct\u00fcphanecilerimiz bu konuda s\u0131cak bak\u0131yor. Pilot uygulamadan alaca\u011f\u0131m\u0131z sonu\u00e7lar\u0131na bakarak di\u011fer illerimizde de mevsim \u015fartlar\u0131n\u0131 da g\u00f6z \u00f6n\u00fcne alarak mesai saatlerimizi k\u00fct\u00fcphanelerimiz hatta m\u00fczelerimiz i\u00e7in in\u015fallah ayarlayaca\u011f\u0131z. B\u00f6ylece vatanda\u015flar\u0131m\u0131z k\u00fct\u00fcphanelerden, in\u015fallah ileride m\u00fczelerden de daha uzun zamanlar istifade etme f\u0131rsat\u0131 bulacaklar.&#8221;<\/p>\n<p>Deniz A\u00e7\u0131k<\/p>\n<p><a href=\"http:\/\/www.memurlar.net\/haber\/656750\/kutuphaneler-08-30-ile-22-00-saatleri-arasinda-acik-olacak.html\" target=\"_blank\" rel=\"noopener noreferrer\">Kaynak<\/a><\/p>\n","protected":false},"excerpt":{"rendered":"<p>K\u00fclt\u00fcr ve Turizm Bakan\u0131 Nabi Avc\u0131, &#8220;\u0130nsanlar g\u00fcnd\u00fczleri \u00e7al\u0131\u015f\u0131rlar, ak\u015famlar\u0131 da k\u00fct\u00fcphanelere gitmek isteyebilirler. Biz de bunu \u00fclkemizde ba\u015flatmak istiyoruz. \u0130lk pilot uygulamam\u0131z\u0131 \u0130stanbul&#8217;da planlad\u0131k. Sabah saat 08.30 ak\u015fam saat 22.00 aras\u0131nda k\u00fct\u00fcphanelerimizi a\u00e7\u0131k tutmak i\u00e7in d\u00fczenlemelerimizi yap\u0131yoruz.&#8221; dedi.<\/p>\n","protected":false},"author":129,"featured_media":21504,"comment_status":"open","ping_status":"open","sticky":false,"template":"","format":"standard","meta":{"footnotes":""},"categories":[1],"tags":[1461],"class_list":["post-21503","post","type-post","status-publish","format-standard","has-post-thumbnail","hentry","category-genel","tag-kutuphane-haftasi"],"_links":{"self":[{"href":"https:\/\/www.bbyhaber.com\/bby\/wp-json\/wp\/v2\/posts\/21503"}],"collection":[{"href":"https:\/\/www.bbyhaber.com\/bby\/wp-json\/wp\/v2\/posts"}],"about":[{"href":"https:\/\/www.bbyhaber.com\/bby\/wp-json\/wp\/v2\/types\/post"}],"author":[{"embeddable":true,"href":"https:\/\/www.bbyhaber.com\/bby\/wp-json\/wp\/v2\/users\/129"}],"replies":[{"embeddable":true,"href":"https:\/\/www.bbyhaber.com\/bby\/wp-json\/wp\/v2\/comments?post=21503"}],"version-history":[{"count":2,"href":"https:\/\/www.bbyhaber.com\/bby\/wp-json\/wp\/v2\/posts\/21503\/revisions"}],"predecessor-version":[{"id":22210,"href":"https:\/\/www.bbyhaber.com\/bby\/wp-json\/wp\/v2\/posts\/21503\/revisions\/22210"}],"wp:featuredmedia":[{"embeddable":true,"href":"https:\/\/www.bbyhaber.com\/bby\/wp-json\/wp\/v2\/media\/21504"}],"wp:attachment":[{"href":"https:\/\/www.bbyhaber.com\/bby\/wp-json\/wp\/v2\/media?parent=21503"}],"wp:term":[{"taxonomy":"category","embeddable":true,"href":"https:\/\/www.bbyhaber.com\/bby\/wp-json\/wp\/v2\/categories?post=21503"},{"taxonomy":"post_tag","embeddable":true,"href":"https:\/\/www.bbyhaber.com\/bby\/wp-json\/wp\/v2\/tags?post=21503"}],"curies":[{"name":"wp","href":"https:\/\/api.w.org\/{rel}","templated":true}]}}