{"id":21498,"date":"2017-03-28T10:48:15","date_gmt":"2017-03-28T07:48:15","guid":{"rendered":"http:\/\/www.bbyhaber.com\/bby\/?p=21498"},"modified":"2017-03-28T13:49:33","modified_gmt":"2017-03-28T10:49:33","slug":"en-basarili-kutuphane-odulu-bitlis-il-halk-kutuphanesine-verildi","status":"publish","type":"post","link":"https:\/\/www.bbyhaber.com\/bby\/2017\/03\/28\/en-basarili-kutuphane-odulu-bitlis-il-halk-kutuphanesine-verildi","title":{"rendered":"En Ba\u015far\u0131l\u0131 K\u00fct\u00fcphane \u00f6d\u00fcl\u00fc Bitlis \u0130l Halk K\u00fct\u00fcphanesi&#8217;ne verildi"},"content":{"rendered":"<p><img loading=\"lazy\" decoding=\"async\" class=\"alignleft size-medium wp-image-21499\" src=\"http:\/\/www.bbyhaber.com\/bby\/wp-content\/uploads\/2017\/03\/bitlis-530-x-285-300x161.jpg\" alt=\"\" width=\"300\" height=\"161\" data-wp-pid=\"21499\" srcset=\"https:\/\/www.bbyhaber.com\/bby\/wp-content\/uploads\/2017\/03\/bitlis-530-x-285-300x161.jpg 300w, https:\/\/www.bbyhaber.com\/bby\/wp-content\/uploads\/2017\/03\/bitlis-530-x-285-310x165.jpg 310w, https:\/\/www.bbyhaber.com\/bby\/wp-content\/uploads\/2017\/03\/bitlis-530-x-285.jpg 530w\" sizes=\"(max-width: 300px) 100vw, 300px\" \/>Her y\u0131l K\u00fct\u00fcphane Haftalar\u0131nda geleneksel olarak verilen \u201c<strong>En Ba\u015far\u0131l\u0131 K\u00fct\u00fcphane<\/strong>\u201d \u00f6d\u00fcl\u00fc TKD Y\u00f6netim Kurulu taraf\u0131ndan belirlenmi\u015ftir. Bu y\u0131l, kamuoyunda k\u00fct\u00fcphane k\u00fclt\u00fcr\u00fcn\u00fcn olu\u015fmas\u0131na yapt\u0131\u011f\u0131 katk\u0131lardan dolay\u0131, \u00f6d\u00fcl\u00fcn\u00a0<strong>Bitlis \u0130l Halk K\u00fct\u00fcphanesi<\/strong>ne verilmesi kararla\u015ft\u0131r\u0131lm\u0131\u015ft\u0131r.<\/p>\n","protected":false},"excerpt":{"rendered":"<p>Her y\u0131l K\u00fct\u00fcphane Haftalar\u0131nda geleneksel olarak verilen \u201cEn Ba\u015far\u0131l\u0131 K\u00fct\u00fcphane\u201d \u00f6d\u00fcl\u00fc TKD Y\u00f6netim Kurulu taraf\u0131ndan belirlenmi\u015ftir. Bu y\u0131l, kamuoyunda k\u00fct\u00fcphane k\u00fclt\u00fcr\u00fcn\u00fcn olu\u015fmas\u0131na yapt\u0131\u011f\u0131 katk\u0131lardan dolay\u0131, \u00f6d\u00fcl\u00fcn\u00a0Bitlis \u0130l Halk K\u00fct\u00fcphanesine verilmesi kararla\u015ft\u0131r\u0131lm\u0131\u015ft\u0131r.<\/p>\n","protected":false},"author":1,"featured_media":21499,"comment_status":"open","ping_status":"open","sticky":false,"template":"","format":"standard","meta":{"footnotes":""},"categories":[1550,1],"tags":[790],"class_list":["post-21498","post","type-post","status-publish","format-standard","has-post-thumbnail","hentry","category-bisikletli-kutuphaneci","category-genel","tag-bitlis-il-halk-kutuphanesi"],"_links":{"self":[{"href":"https:\/\/www.bbyhaber.com\/bby\/wp-json\/wp\/v2\/posts\/21498"}],"collection":[{"href":"https:\/\/www.bbyhaber.com\/bby\/wp-json\/wp\/v2\/posts"}],"about":[{"href":"https:\/\/www.bbyhaber.com\/bby\/wp-json\/wp\/v2\/types\/post"}],"author":[{"embeddable":true,"href":"https:\/\/www.bbyhaber.com\/bby\/wp-json\/wp\/v2\/users\/1"}],"replies":[{"embeddable":true,"href":"https:\/\/www.bbyhaber.com\/bby\/wp-json\/wp\/v2\/comments?post=21498"}],"version-history":[{"count":2,"href":"https:\/\/www.bbyhaber.com\/bby\/wp-json\/wp\/v2\/posts\/21498\/revisions"}],"predecessor-version":[{"id":21501,"href":"https:\/\/www.bbyhaber.com\/bby\/wp-json\/wp\/v2\/posts\/21498\/revisions\/21501"}],"wp:featuredmedia":[{"embeddable":true,"href":"https:\/\/www.bbyhaber.com\/bby\/wp-json\/wp\/v2\/media\/21499"}],"wp:attachment":[{"href":"https:\/\/www.bbyhaber.com\/bby\/wp-json\/wp\/v2\/media?parent=21498"}],"wp:term":[{"taxonomy":"category","embeddable":true,"href":"https:\/\/www.bbyhaber.com\/bby\/wp-json\/wp\/v2\/categories?post=21498"},{"taxonomy":"post_tag","embeddable":true,"href":"https:\/\/www.bbyhaber.com\/bby\/wp-json\/wp\/v2\/tags?post=21498"}],"curies":[{"name":"wp","href":"https:\/\/api.w.org\/{rel}","templated":true}]}}