{"id":21492,"date":"2017-03-28T10:29:32","date_gmt":"2017-03-28T07:29:32","guid":{"rendered":"http:\/\/www.bbyhaber.com\/bby\/?p=21492"},"modified":"2017-03-28T13:49:19","modified_gmt":"2017-03-28T10:49:19","slug":"tkd-baskani-ali-fuat-kartalin-53-kutuphane-haftasi-acilis-konusmasi","status":"publish","type":"post","link":"https:\/\/www.bbyhaber.com\/bby\/2017\/03\/28\/tkd-baskani-ali-fuat-kartalin-53-kutuphane-haftasi-acilis-konusmasi","title":{"rendered":"TKD Ba\u015fkan\u0131 Ali Fuat KARTAL\u2019\u0131n 53. K\u00fct\u00fcphane Haftas\u0131 A\u00e7\u0131l\u0131\u015f Konu\u015fmas\u0131"},"content":{"rendered":"<p><img loading=\"lazy\" decoding=\"async\" class=\"alignleft size-medium wp-image-21493\" src=\"http:\/\/www.bbyhaber.com\/bby\/wp-content\/uploads\/2017\/03\/17362389_10154657268888843_7941039550240649295_n-300x225.jpg\" alt=\"\" width=\"300\" height=\"225\" data-wp-pid=\"21493\" srcset=\"https:\/\/www.bbyhaber.com\/bby\/wp-content\/uploads\/2017\/03\/17362389_10154657268888843_7941039550240649295_n-300x225.jpg 300w, https:\/\/www.bbyhaber.com\/bby\/wp-content\/uploads\/2017\/03\/17362389_10154657268888843_7941039550240649295_n-768x576.jpg 768w, https:\/\/www.bbyhaber.com\/bby\/wp-content\/uploads\/2017\/03\/17362389_10154657268888843_7941039550240649295_n-800x600.jpg 800w, https:\/\/www.bbyhaber.com\/bby\/wp-content\/uploads\/2017\/03\/17362389_10154657268888843_7941039550240649295_n.jpg 960w\" sizes=\"(max-width: 300px) 100vw, 300px\" \/>De\u011ferli Konuklar, Sevgili Meslekta\u015flar\u0131m, Bas\u0131n\u0131m\u0131z\u0131n Se\u00e7kin Temsilcileri, <strong>\u00dc\u00e7\u00fcnc\u00fc Mek\u00e2n K\u00fct\u00fcphaneler\u2026 Yeni Roller, Yeni Yakla\u015f\u0131mlar<\/strong> ana temas\u0131 ile kutlayaca\u011f\u0131m\u0131z <strong>53. K\u00fct\u00fcphane Haftas\u0131<\/strong>\u2019n\u0131n a\u00e7\u0131l\u0131\u015f\u0131na ho\u015f geldiniz. Hepinizi, sayg\u0131yla selaml\u0131yorum.<\/p>\n<p>De\u011ferli Konuklar,<!--more--><\/p>\n<p>Teknoloji, insanlar\u0131n hizmetlere eri\u015fim y\u00f6ntemlerini tamamen de\u011fi\u015ftirdi. G\u00fcn\u00fcm\u00fczde insanlar hizmetleri ne zaman ve nerede ihtiya\u00e7 duyarlarsa, orada almak istiyorlar. Teknolojinin ve internetin bilgi hizmetlerine getirdi\u011fi yeni olanaklar ile birlikte d\u00f6n\u00fc\u015f\u00fcme u\u011frayan k\u00fct\u00fcphaneler, klasik k\u00fct\u00fcphane hizmetlerinin \u00f6tesinde i\u015flevler \u00fcstlenerek, okuyucular\u0131 i\u00e7in ev ve i\u015f yerinden sonra, \u00fc\u00e7\u00fcnc\u00fc mekan durumuna geldi. K\u00fct\u00fcphaneler art\u0131k sadece kitap, s\u00fcreli yay\u0131n materyallerden olu\u015fan fiziksel mekanlardan \u00f6te, internet ve web ile kullan\u0131c\u0131lar\u0131na 7 g\u00fcn 24 saat hizmet sunan, sanal ortamlar haline gelmi\u015ftir. Asl\u0131nda k\u00fct\u00fcphaneler hi\u00e7bir zaman sadece bilgi sunan yerler olmad\u0131. G\u00fcn\u00fcm\u00fczde belirli konularda salt bilgiye internetten kolayca ula\u015f\u0131labilmektedir; fakat k\u00fct\u00fcphaneler okuyucular\u0131na bundan \u00e7ok daha fazlas\u0131n\u0131 sunuyor, bilgiye ula\u015ft\u0131rman\u0131n \u00f6tesinde insanlar\u0131n bir araya gelip birbirine ilham vererek, bilgi al\u0131\u015fveri\u015finde bulunmalar\u0131na ve bilginin yeniden \u00fcretilmesine ortam sa\u011fl\u0131yorlar. Di\u011fer taraftan k\u00fct\u00fcphane kurumu, toplumlar\u0131n bilgiye duyduklar\u0131 gereksinimlere g\u00f6re bi\u00e7imleniyor. Sorun, Bilgi\u2019ye kar\u015f\u0131 bu gereksinimi nas\u0131l yarataca\u011f\u0131z?<\/p>\n<p>De\u011ferli Konuklar,<\/p>\n<p>28 Aral\u0131k 2016 tarihinde Cumhurba\u015fkanl\u0131\u011f\u0131 2016 K\u00fclt\u00fcr ve Sanat B\u00fcy\u00fck \u00d6d\u00fclleri t\u00f6reninde konu\u015fan Say\u0131n Cumhurba\u015fkan\u0131 Erdo\u011fan; T\u00fcrkiye\u2019nin e\u011fitim, k\u00fclt\u00fcr ve sanat alan\u0131nda arzu edilen seviyeye ula\u015famamas\u0131 nedeniyle \u00fczg\u00fcn oldu\u011funu belirttikten sonra, e\u011fitimle kal\u0131c\u0131 hale getirilmemi\u015f, k\u00fclt\u00fcr ve sanatla tahkim edilmemi\u015f bir kalk\u0131nman\u0131n bizi g\u00f6t\u00fcrece\u011fi yer zevksizliktir, sevgisizliktir, karanl\u0131kt\u0131r. Nitekim bunun sanc\u0131lar\u0131n\u0131 her alanda ya\u015f\u0131yoruz\u201d a\u00e7\u0131klamas\u0131nda bulundu. Say\u0131n Cumhurba\u015fkan\u0131m\u0131z\u0131n e\u011fitim ve k\u00fclt\u00fcr hayat\u0131m\u0131za dair \u00e7ekmi\u015f oldu\u011fu bu foto\u011fraf\u0131 nas\u0131l de\u011fi\u015ftirece\u011fiz? Bu foto\u011fraf\u0131n olu\u015fmas\u0131nda, ortak paydas\u0131 bilgi olan e\u011fitim, k\u00fclt\u00fcr ve bilim politikalar\u0131m\u0131z\u0131n olmay\u0131\u015f\u0131 \u00fczerinde tart\u0131\u015f\u0131p, politikalar \u00fcretebilecek miyiz? Ya da \u00f6\u011frendikleri \u00fczerinde d\u00fc\u015f\u00fcnen, d\u00fc\u015f\u00fcnd\u00fcklerini yorumlayabilen ve nas\u0131l d\u00fc\u015f\u00fcnece\u011fini \u00f6\u011freten bir e\u011fitim sistemini hayata ge\u00e7irebilecek miyiz? Bunun i\u00e7in \u00f6ncelikle e\u011fitim sisteminin b\u00fct\u00fcnleyici bir par\u00e7as\u0131 olan modern k\u00fct\u00fcphaneleri, bir an \u00f6nce t\u00fcm okullar\u0131m\u0131zda hayata ge\u00e7irerek, \u00e7ocuklar\u0131m\u0131z\u0131 k\u00fct\u00fcphane k\u00fclt\u00fcr\u00fc alm\u0131\u015f olarak hayata haz\u0131rlamal\u0131y\u0131z. Sosyal ve k\u00fclt\u00fcrel geli\u015fme, sorumluluklar\u0131n\u0131 ve haklar\u0131n\u0131 bilen, iyi bilgilendirilmi\u015f vatanda\u015flarla m\u00fcmk\u00fcnd\u00fcr. Bu s\u00fcrece katk\u0131 koyacak olan k\u00fct\u00fcphanecilerin de meslek eti\u011fi, bilgi edinme \u00f6zg\u00fcrl\u00fc\u011f\u00fc, insan haklar\u0131 gibi konularda e\u011fitilmesi gerekmektedir. Aksi takdirde d\u00fc\u015f\u00fcnme yetene\u011fini kullanmak yerine, ba\u015fkalar\u0131 taraf\u0131ndan y\u00f6nlendirilen bir toplum olmaktan \u00f6teye gidemeyiz.<\/p>\n<p>De\u011ferli Konuklar,<\/p>\n<p>Bildi\u011finiz gibi \u00fclkemiz 15 Temmuz 2016 tarihinde ba\u015far\u0131s\u0131z bir askeri darbe giri\u015fimi ile korkun\u00e7 bir badire atlatt\u0131. \u00dclke olarak hala 15 Temmuz\u2019un sanc\u0131lar\u0131n\u0131 ya\u015famaktay\u0131z. Bu s\u00fcre\u00e7ten k\u00fct\u00fcphaneler ve k\u00fct\u00fcphaneciler de pay\u0131na d\u00fc\u015feni ald\u0131. Kapat\u0131lan \u00fcniversitelerin, k\u00fct\u00fcphanelerinde \u00e7al\u0131\u015fan ve i\u015fsiz kalan meslekta\u015flar\u0131m\u0131z, sadece mesleklerini yap\u0131yorlard\u0131. Bu meslekta\u015flar\u0131m\u0131z sekiz ayd\u0131r i\u015fsizler. \u0130\u015f ba\u015fvurular\u0131 sadece o \u00fcniversitelerde \u00e7al\u0131\u015ft\u0131klar\u0131 i\u00e7in kabul edilmiyor. En temel insan haklar\u0131ndan mahrum b\u0131rak\u0131l\u0131yorlar. TKD olarak, meslekta\u015flar\u0131m\u0131z\u0131n ma\u011fduriyetini parlamentoda milletvekillerine anlatt\u0131k. Konuyla ilgili Y\u00d6K ba\u015fkan\u0131ndan randevu talebimiz oldu. Hen\u00fcz bir yan\u0131t alamad\u0131k, ancak ilgili Y\u00d6K \u00fcyesi ile g\u00f6r\u00fc\u015ft\u00fck. Kendisine iletti\u011fimiz sorunlar\u0131, Y\u00d6K Ba\u015fkan\u0131\u2019na anlataca\u011f\u0131n\u0131 s\u00f6yledi. Umar\u0131m meslekta\u015flar\u0131m\u0131z, en temel insan haklar\u0131ndan olan \u00e7al\u0131\u015fma hakk\u0131na bir an \u00f6nce kavu\u015furlar. Di\u011fer taraftan, T\u00dc\u0130K verilerine g\u00f6re \u00fcniversite mezunu i\u015fsizlik oran\u0131n\u0131n %20\u2019ye ula\u015ft\u0131\u011f\u0131 \u00fclkemizde, bir de gen\u00e7 meslekta\u015flar\u0131m\u0131z\u0131n ya\u015fad\u0131\u011f\u0131 istihdam sorunu var. Y\u00d6K taraf\u0131ndan yeni \u00fcniversite kuruldu\u011funda ya da mevcut \u00fcniversitelere yeni b\u00f6l\u00fcmler a\u00e7\u0131ld\u0131\u011f\u0131nda, bu kararlar\u0131n neye g\u00f6re, hangi verilere dayanarak al\u0131nd\u0131\u011f\u0131 merak konusudur. \u00d6rne\u011fin istihdam konusunda hangi kurumlardan g\u00f6r\u00fc\u015f al\u0131n\u0131yor veya \u00fclkenin, hangi meslekten ne kadar \u00fcniversite mezununa ihtiyac\u0131 oldu\u011fu ara\u015ft\u0131r\u0131l\u0131yor ve bir fizibilite \u00e7al\u0131\u015fmas\u0131 yap\u0131larak, h\u00fck\u00fcmete iletiliyor mu? Bu konularda ilgili kamu kurumlar\u0131 ile koordineli olarak \u00e7al\u0131\u015f\u0131l\u0131yor mu? Sanm\u0131yorum. Mesle\u011fimiz a\u00e7\u0131s\u0131ndan 118 devlet \u00fcniversitesi, <strong>1130 halk k\u00fct\u00fcphanesi ve niteli\u011fi tart\u0131\u015f\u0131lsa da hen\u00fcz k\u00fct\u00fcphanecisi olamayan okul k\u00fct\u00fcphaneleri ile devlet hala meslekta\u015flar\u0131m\u0131z i\u00e7in en b\u00fcy\u00fck istihdam alan\u0131 olarak g\u00f6z\u00fck\u00fcyor;<\/strong>\u00a0<strong>fakat son y\u0131llarda sizin de bildi\u011finiz gibi k\u00fct\u00fcphaneci istihdam\u0131 yok denecek kadar az oldu<\/strong>. Hat\u0131rlayaca\u011f\u0131n\u0131z \u00fczere, derne\u011fimizin de giri\u015fimleri ile 2016 y\u0131l\u0131n\u0131n ocak ay\u0131nda, o d\u00f6nem ki K\u00fclt\u00fcr ve Turizm Bakan\u0131 Say\u0131n Mahir \u00dcnal ile g\u00f6r\u00fc\u015fmemizle ba\u015flayan 200 s\u00f6zle\u015fmeli k\u00fct\u00fcphaneci al\u0131m s\u00fcreci, 15 Temmuz 2016 tarihindeki askeri darbe giri\u015fiminin araya girmesi nedeniyle sonu\u00e7land\u0131r\u0131lamad\u0131. Meslekta\u015flar\u0131m\u0131z b\u00fcy\u00fck bir merakla m\u00fclakat sonu\u00e7lar\u0131n\u0131 bekliyor, umar\u0131m, K\u00fclt\u00fcr ve Turizm Bakan\u0131 Say\u0131n Nabi Avc\u0131 bu k\u00fct\u00fcphane haftas\u0131nda meslekta\u015flar\u0131m\u0131za atama m\u00fcjdesini verir.<\/p>\n<p>De\u011ferli Konuklar,<\/p>\n<p>Bildi\u011finiz gibi k\u00fct\u00fcphane haftalar\u0131nda TKD olarak, farkl\u0131 konularda \u00f6d\u00fcller veriyoruz. Bunlardan ilki, Hacettepe \u00dcniversitesi Teknokent-Teknoloji Transfer Merkezi\u2019nin giri\u015fimiyle, yerel y\u00f6netimlere ba\u011fl\u0131 k\u00fct\u00fcphanelerin toplumsal d\u00f6n\u00fc\u015f\u00fcmde daha etkin yer almalar\u0131 i\u00e7in ba\u015flat\u0131lan \u2018Herkes \u0130\u00e7in K\u00fct\u00fcphane Projesi\u2019 ne verece\u011fimiz \u00dcst\u00fcn Hizmet \u00d6d\u00fcl\u00fcd\u00fcr. Proje ekibini, Program Direkt\u00f6r\u00fc Prof. Dr Mehmet Emin K\u00fc\u00e7\u00fck\u2019\u00fcn \u015fahs\u0131nda tebrik ediyor, ba\u015far\u0131lar\u0131n\u0131n devam\u0131n\u0131 diliyorum. Ayr\u0131ca her y\u0131l K\u00fct\u00fcphane Haftalar\u0131nda geleneksel olarak verdi\u011fimiz \u201c<strong>En Ba\u015far\u0131l\u0131 K\u00fct\u00fcphane<\/strong>\u201d \u00f6d\u00fcl\u00fcn\u00fc Y\u00f6netim Kurulumuz bu y\u0131l, kamuoyunda k\u00fct\u00fcphane k\u00fclt\u00fcr\u00fcn\u00fcn olu\u015fmas\u0131na yapt\u0131\u011f\u0131 katk\u0131lardan dolay\u0131, <strong>Bitlis \u0130l Halk K\u00fct\u00fcphanesi<\/strong>ne vermeyi kararla\u015ft\u0131rm\u0131\u015ft\u0131r. Meslekta\u015flar\u0131m\u0131z\u0131 tebrik ediyor, ba\u015far\u0131lar\u0131n\u0131n devam\u0131n\u0131 diliyoruz. Yine bu y\u0131l Halk K\u00fct\u00fcphanelerinden ald\u0131\u011f\u0131m\u0131z okuyucu istatistikleri sonucunda, <strong>2016 y\u0131l\u0131n\u0131n en \u00e7ok okunan kitab\u0131<\/strong>n\u0131 tespit ettik. Buna g\u00f6re <strong>Do\u011fan Kitap\u2019tan yay\u0131nlanan Elif \u015eafak\u2019\u0131n A\u015fk adl\u0131 kitab\u0131 2016 y\u0131l\u0131nda k\u00fct\u00fcphanelerden en fazla \u00f6d\u00fcn\u00e7 al\u0131nan kitap olmu\u015ftu<\/strong>r. Say\u0131n Elif \u015eafak\u2019\u0131 ve Do\u011fan Kitap yay\u0131nevini tebrik ediyoruz.<\/p>\n<p>Konu\u015fmam\u0131 53. K\u00fct\u00fcphane Haftas\u0131 Program\u0131n\u0131 birlikte haz\u0131rlad\u0131\u011f\u0131m\u0131z K\u00fct\u00fcphane Haftas\u0131 Komitesine, \u00dcniversite ve Ara\u015ft\u0131rma K\u00fct\u00fcphanecileri Derne\u011fi\u2019ne, Okul K\u00fct\u00fcphanecileri Derne\u011fi\u2019ne, Ankara \u00dcniversitesi\u2019ne, Goethe Enstit\u00fcs\u00fc\u2019ne, haftam\u0131z\u0131n sponsorlar\u0131na ve hafta boyunca g\u00f6rev alacak olan t\u00fcm \u00f6\u011frenci arkada\u015flar\u0131ma te\u015fekk\u00fcr ederek tamaml\u0131yor, haftan\u0131n \u00fclkemize, d\u00fcnyaya bar\u0131\u015f ve g\u00fczellikler getirmesini can-\u0131 g\u00f6n\u00fclden diliyorum.<\/p>\n","protected":false},"excerpt":{"rendered":"<p>De\u011ferli Konuklar, Sevgili Meslekta\u015flar\u0131m, Bas\u0131n\u0131m\u0131z\u0131n Se\u00e7kin Temsilcileri, \u00dc\u00e7\u00fcnc\u00fc Mek\u00e2n K\u00fct\u00fcphaneler\u2026 Yeni Roller, Yeni Yakla\u015f\u0131mlar ana temas\u0131 ile kutlayaca\u011f\u0131m\u0131z 53. K\u00fct\u00fcphane Haftas\u0131\u2019n\u0131n a\u00e7\u0131l\u0131\u015f\u0131na ho\u015f geldiniz. Hepinizi, sayg\u0131yla selaml\u0131yorum. De\u011ferli Konuklar,<\/p>\n","protected":false},"author":1,"featured_media":21493,"comment_status":"open","ping_status":"open","sticky":false,"template":"","format":"standard","meta":{"footnotes":""},"categories":[1523],"tags":[1461],"class_list":["post-21492","post","type-post","status-publish","format-standard","has-post-thumbnail","hentry","category-53-kutuphane-haftasi","tag-kutuphane-haftasi"],"_links":{"self":[{"href":"https:\/\/www.bbyhaber.com\/bby\/wp-json\/wp\/v2\/posts\/21492"}],"collection":[{"href":"https:\/\/www.bbyhaber.com\/bby\/wp-json\/wp\/v2\/posts"}],"about":[{"href":"https:\/\/www.bbyhaber.com\/bby\/wp-json\/wp\/v2\/types\/post"}],"author":[{"embeddable":true,"href":"https:\/\/www.bbyhaber.com\/bby\/wp-json\/wp\/v2\/users\/1"}],"replies":[{"embeddable":true,"href":"https:\/\/www.bbyhaber.com\/bby\/wp-json\/wp\/v2\/comments?post=21492"}],"version-history":[{"count":4,"href":"https:\/\/www.bbyhaber.com\/bby\/wp-json\/wp\/v2\/posts\/21492\/revisions"}],"predecessor-version":[{"id":21502,"href":"https:\/\/www.bbyhaber.com\/bby\/wp-json\/wp\/v2\/posts\/21492\/revisions\/21502"}],"wp:featuredmedia":[{"embeddable":true,"href":"https:\/\/www.bbyhaber.com\/bby\/wp-json\/wp\/v2\/media\/21493"}],"wp:attachment":[{"href":"https:\/\/www.bbyhaber.com\/bby\/wp-json\/wp\/v2\/media?parent=21492"}],"wp:term":[{"taxonomy":"category","embeddable":true,"href":"https:\/\/www.bbyhaber.com\/bby\/wp-json\/wp\/v2\/categories?post=21492"},{"taxonomy":"post_tag","embeddable":true,"href":"https:\/\/www.bbyhaber.com\/bby\/wp-json\/wp\/v2\/tags?post=21492"}],"curies":[{"name":"wp","href":"https:\/\/api.w.org\/{rel}","templated":true}]}}