{"id":21489,"date":"2017-03-28T09:50:32","date_gmt":"2017-03-28T06:50:32","guid":{"rendered":"http:\/\/www.bbyhaber.com\/bby\/?p=21489"},"modified":"2017-03-28T09:50:32","modified_gmt":"2017-03-28T06:50:32","slug":"ankos-akademi-i-donem-web-seminerleri-sona-erdi","status":"publish","type":"post","link":"https:\/\/www.bbyhaber.com\/bby\/2017\/03\/28\/ankos-akademi-i-donem-web-seminerleri-sona-erdi","title":{"rendered":"ANKOS Akademi I. D\u00f6nem Web Seminerleri Sona Erdi"},"content":{"rendered":"<p><img loading=\"lazy\" decoding=\"async\" class=\"alignleft size-medium wp-image-21490\" src=\"http:\/\/www.bbyhaber.com\/bby\/wp-content\/uploads\/2017\/03\/ankos-akademi-300x161.jpg\" alt=\"\" width=\"300\" height=\"161\" data-wp-pid=\"21490\" srcset=\"https:\/\/www.bbyhaber.com\/bby\/wp-content\/uploads\/2017\/03\/ankos-akademi-300x161.jpg 300w, https:\/\/www.bbyhaber.com\/bby\/wp-content\/uploads\/2017\/03\/ankos-akademi-310x165.jpg 310w, https:\/\/www.bbyhaber.com\/bby\/wp-content\/uploads\/2017\/03\/ankos-akademi.jpg 530w\" sizes=\"(max-width: 300px) 100vw, 300px\" \/>ANKOS Akademi\u2019nin, 23 Ocak 2017 tarihinde ba\u015flayan mesleki ve ki\u015fisel geli\u015fime katk\u0131 sa\u011flayan, farkl\u0131 konularda d\u00fczenlenen birinci d\u00f6nem web seminerlerinin 23 Mart 2017 tarihinde ger\u00e7ekle\u015ftirilen \u201cAlmanya\u2019da K\u00fclt\u00fcrleraras\u0131 K\u00fct\u00fcphane \u00c7al\u0131\u015fmalar\u0131\u201d ba\u015fl\u0131kl\u0131 web semineri ile tamamland\u0131\u011f\u0131 bildirildi. Web seminerlerine toplamda 400\u2019\u00fcn \u00fczerinde kat\u0131l\u0131m\u0131n sa\u011fland\u0131\u011f\u0131 ifade edildi ve her web semineri sonras\u0131 kat\u0131l\u0131mc\u0131lara anket d\u00fczenlendi\u011fi a\u00e7\u0131kland\u0131. Anket sonu\u00e7lar\u0131na g\u00f6re, seminerlerin ba\u015far\u0131l\u0131 oldu\u011fu belirtildi.<!--more--><\/p>\n<p><strong>Birinci D\u00f6nem Ger\u00e7ekle\u015ftirilen Web Seminerleri:<\/strong><\/p>\n<ol>\n<li><em>\u201cK\u00fct\u00fcphanelerde Sosyal Medya Y\u00f6netimi\u201d<\/em><strong>\u2013 Ertu\u011frul \u00c7imen \u2013 K\u00fct\u00fcphane Direkt\u00f6r\u00fc, MEF \u00dcniversitesi<\/strong><\/li>\n<li><em>\u201cCreative Commons a\u00e7\u0131k lisanslar\u0131\u201d<\/em><strong>\u2013 \u0130lkay Holt \u2013 Creative Commons T\u00fcrkiye<\/strong><\/li>\n<li><em>\u201cK\u00fct\u00fcphanecilikte Yeni Trendler: ABD\u2019deki K\u00fct\u00fcphanecilerin De\u011fi\u015fen \u00c7al\u0131\u015fma Ortam\u0131 ve Yeni \u00dcnvanlar\u201d<\/em><strong>\u2013 Dr. Selenay Ayta\u00e7 -Long Island University<\/strong><\/li>\n<li><em>\u201cMutluluk ve \u0130yi Olu\u015fumuz \u0130\u00e7in Kendimizle Nas\u0131l Daha Sa\u011fl\u0131kl\u0131 Bir \u0130li\u015fki Kurabiliriz?\u201d \u2013\u00a0<\/em><strong>Yrd. Do\u00e7. Dr. G\u00f6k\u00e7e Bulgan \u2013 MEF \u00dcniversitesi<\/strong><\/li>\n<li><em>\u201cK\u00fct\u00fcphanelerde De\u011fi\u015fim Y\u00f6netimi\u201d<\/em> <strong>\u2013 G\u00fcl\u00e7in Cribb \u2013 Singapore Management University<\/strong><\/li>\n<li><em>\u201cAlmanya\u2019da K\u00fclt\u00fcrleraras\u0131 K\u00fct\u00fcphane \u00c7al\u0131\u015fmalar\u0131\u201d<\/em><strong> Y\u0131lmaz Holtz-Ersahin \u2013 Stadtbibliothek Duisburg<\/strong><\/li>\n<\/ol>\n","protected":false},"excerpt":{"rendered":"<p>ANKOS Akademi\u2019nin, 23 Ocak 2017 tarihinde ba\u015flayan mesleki ve ki\u015fisel geli\u015fime katk\u0131 sa\u011flayan, farkl\u0131 konularda d\u00fczenlenen birinci d\u00f6nem web seminerlerinin 23 Mart 2017 tarihinde ger\u00e7ekle\u015ftirilen \u201cAlmanya\u2019da K\u00fclt\u00fcrleraras\u0131 K\u00fct\u00fcphane \u00c7al\u0131\u015fmalar\u0131\u201d ba\u015fl\u0131kl\u0131 web semineri ile tamamland\u0131\u011f\u0131 bildirildi. Web seminerlerine toplamda 400\u2019\u00fcn \u00fczerinde kat\u0131l\u0131m\u0131n sa\u011fland\u0131\u011f\u0131 ifade edildi ve her web semineri sonras\u0131 kat\u0131l\u0131mc\u0131lara anket d\u00fczenlendi\u011fi a\u00e7\u0131kland\u0131. Anket sonu\u00e7lar\u0131na [&hellip;]<\/p>\n","protected":false},"author":1,"featured_media":21490,"comment_status":"open","ping_status":"open","sticky":false,"template":"","format":"standard","meta":{"footnotes":""},"categories":[1536,1],"tags":[],"class_list":["post-21489","post","type-post","status-publish","format-standard","has-post-thumbnail","hentry","category-ankos-akademi","category-genel"],"_links":{"self":[{"href":"https:\/\/www.bbyhaber.com\/bby\/wp-json\/wp\/v2\/posts\/21489"}],"collection":[{"href":"https:\/\/www.bbyhaber.com\/bby\/wp-json\/wp\/v2\/posts"}],"about":[{"href":"https:\/\/www.bbyhaber.com\/bby\/wp-json\/wp\/v2\/types\/post"}],"author":[{"embeddable":true,"href":"https:\/\/www.bbyhaber.com\/bby\/wp-json\/wp\/v2\/users\/1"}],"replies":[{"embeddable":true,"href":"https:\/\/www.bbyhaber.com\/bby\/wp-json\/wp\/v2\/comments?post=21489"}],"version-history":[{"count":1,"href":"https:\/\/www.bbyhaber.com\/bby\/wp-json\/wp\/v2\/posts\/21489\/revisions"}],"predecessor-version":[{"id":21491,"href":"https:\/\/www.bbyhaber.com\/bby\/wp-json\/wp\/v2\/posts\/21489\/revisions\/21491"}],"wp:featuredmedia":[{"embeddable":true,"href":"https:\/\/www.bbyhaber.com\/bby\/wp-json\/wp\/v2\/media\/21490"}],"wp:attachment":[{"href":"https:\/\/www.bbyhaber.com\/bby\/wp-json\/wp\/v2\/media?parent=21489"}],"wp:term":[{"taxonomy":"category","embeddable":true,"href":"https:\/\/www.bbyhaber.com\/bby\/wp-json\/wp\/v2\/categories?post=21489"},{"taxonomy":"post_tag","embeddable":true,"href":"https:\/\/www.bbyhaber.com\/bby\/wp-json\/wp\/v2\/tags?post=21489"}],"curies":[{"name":"wp","href":"https:\/\/api.w.org\/{rel}","templated":true}]}}