{"id":21475,"date":"2017-03-27T20:04:59","date_gmt":"2017-03-27T17:04:59","guid":{"rendered":"http:\/\/www.bbyhaber.com\/bby\/?p=21475"},"modified":"2017-04-09T13:01:29","modified_gmt":"2017-04-09T10:01:29","slug":"sira-disi-okurlar-belgeseli-2017","status":"publish","type":"post","link":"https:\/\/www.bbyhaber.com\/bby\/2017\/03\/27\/sira-disi-okurlar-belgeseli-2017","title":{"rendered":"S\u0131ra D\u0131\u015f\u0131 Okurlar Belgeseli 2017"},"content":{"rendered":"<p><img loading=\"lazy\" decoding=\"async\" class=\"alignnone size-medium wp-image-21476 alignleft\" src=\"http:\/\/www.bbyhaber.com\/bby\/wp-content\/uploads\/2017\/03\/siradisi-okurlar-belgeseli-300x167.jpg\" alt=\"\" width=\"300\" height=\"167\" data-wp-pid=\"21476\" srcset=\"https:\/\/www.bbyhaber.com\/bby\/wp-content\/uploads\/2017\/03\/siradisi-okurlar-belgeseli-300x167.jpg 300w, https:\/\/www.bbyhaber.com\/bby\/wp-content\/uploads\/2017\/03\/siradisi-okurlar-belgeseli.jpg 450w\" sizes=\"(max-width: 300px) 100vw, 300px\" \/>K\u00fct\u00fcphaneler ve Yay\u0131mlar Genel M\u00fcd\u00fcrl\u00fc\u011f\u00fc taraf\u0131ndan haz\u0131rlanan ve 53. K\u00fct\u00fcphane Haftas\u0131 kutlamalar\u0131 kapsam\u0131nda g\u00f6sterimi yap\u0131lan, T\u00fcrkiye\u2019nin farkl\u0131 \u015fehirlerinde ya\u015fayan s\u0131ra d\u0131\u015f\u0131 halk k\u00fct\u00fcphanesi kullan\u0131c\u0131lar\u0131n\u0131 anlatan belgesel filmlerinin yedincisi a\u015fa\u011f\u0131dad\u0131r.<\/p>\n<p style=\"text-align: justify;\">S\u0131rad\u0131\u015f\u0131 Okurlar Belgeseli yine g\u00fczel \u00f6rneklerle dolu.<\/p>\n<p style=\"text-align: justify;\"><!--more--><\/p>\n<p>[button color=&#8221;blue&#8221; size=&#8221;small&#8221; link=&#8221;http:\/\/www.bbyhaber.com\/bby\/2015\/04\/14\/sira-disi-okurlar-belgeseli&#8221; icon=&#8221;&#8221; target=&#8221;true&#8221;]S\u0131rad\u0131\u015f\u0131 Okurlar Belgeseli 5 | 2015[\/button]<br \/>\n[button color=&#8221;red&#8221; size=&#8221;small&#8221; link=&#8221;http:\/\/www.bbyhaber.com\/bby\/2016\/03\/28\/sira-disi-okurlar-belgeseli-2016&#8243; icon=&#8221;&#8221; target=&#8221;true&#8221;]S\u0131ra D\u0131\u015f\u0131 Okurlar Belgeseli 6 | 2016[\/button]<\/p>\n<p style=\"text-align: center;\">\n<iframe loading=\"lazy\" src=\"https:\/\/www.youtube.com\/embed\/DHBz8eWVEUM\" width=\"560\" height=\"315\" frameborder=\"0\" allowfullscreen=\"allowfullscreen\"><\/iframe><\/p>\n<p>&nbsp;<\/p>\n<p><strong>K\u00fclt\u00fcr ve Turizm Bakanl\u0131\u011f\u0131, kitap okuman\u0131n ya\u015f\u0131 ve mazereti olmad\u0131\u011f\u0131n\u0131 g\u00f6zler \u00f6n\u00fcne seren d\u00f6rt &#8220;kitap kurdu&#8221;nun hikayesini \u00f6l\u00fcms\u00fczle\u015ftirdi<\/strong><\/p>\n<p>Bulunduklar\u0131 illerin halk k\u00fct\u00fcphanelerinin m\u00fcdavimi olan d\u00f6rt ki\u015finin kitapla tan\u0131\u015fma s\u00fcre\u00e7lerinden, kitab\u0131n kendileri i\u00e7in ne ifade etti\u011fine kadar kadar bir\u00e7ok detay &#8220;S\u0131ra D\u0131\u015f\u0131 Okurlar 7&#8221; belgeselinde bir araya getirildi<\/p>\n<p>K\u00fclt\u00fcr ve Turizm Bakanl\u0131\u011f\u0131, kitap okuman\u0131n ya\u015f\u0131 ve mazereti olmad\u0131\u011f\u0131n\u0131, ko\u015fullar\u0131n zorlanabilece\u011fini g\u00f6zler \u00f6n\u00fcne seren ve bulunduklar\u0131 illerdeki halk k\u00fct\u00fcphanelerinin m\u00fcdavimleri olan d\u00f6rt kitap kurdunun hikayesini belgeselle\u015ftirdi. &#8220;S\u0131ra D\u0131\u015f\u0131 Okurlar 7&#8221; belgeseline konu olan d\u00f6rt kitapsever, yar\u0131n K\u00fclt\u00fcr ve Turizm Bakan\u0131 Nabi Avc\u0131 ile bir araya gelerek ve \u00f6d\u00fcllerini ald\u0131lar.<\/p>\n<p style=\"text-align: center;\">K\u00fclt\u00fcr ve Turizm Bakanl\u0131\u011f\u0131 yetkililerinden al\u0131nan bilgiye g\u00f6re, K\u00fct\u00fcphaneler ve Yay\u0131mlar Genel M\u00fcd\u00fcrl\u00fc\u011f\u00fcnce \u00fclke genelindeki k\u00fct\u00fcphanelerin \u00f6nerisiyle d\u00f6rt isim &#8221;S\u0131ra D\u0131\u015f\u0131 Okur&#8221; olarak belirlendi. Bu d\u00f6rt ki\u015fi, \u00fclkedeki okuma al\u0131\u015fkanl\u0131\u011f\u0131n\u0131n yayg\u0131nla\u015ft\u0131r\u0131lmas\u0131 ve k\u00fct\u00fcphane kullan\u0131m\u0131 konusunda toplumda duyarl\u0131l\u0131k yarat\u0131lmas\u0131 amac\u0131yla 2010&#8217;dan bu yana y\u00fcr\u00fct\u00fclen proje kapsam\u0131nda haz\u0131rlanan &#8220;S\u0131ra D\u0131\u015f\u0131 Okurlar&#8221; belgeselinin yedincisinin de konusunu olu\u015fturdu.<\/p>\n<p>Kitapla tan\u0131\u015fma s\u00fcre\u00e7lerinden, kitab\u0131n kendileri i\u00e7in \u00f6nemine kadar bir \u00e7ok detay\u0131 i\u00e7eren belgeselde d\u00f6rt &#8220;kitap kurdu&#8221;, kitap okuman\u0131n ya\u015f\u0131 ve mazereti olmad\u0131\u011f\u0131n\u0131, ko\u015fullar\u0131n zorlanabilece\u011fini g\u00f6zler \u00f6n\u00fcne seriyor.<\/p>\n<p><strong>K\u0131z\u0131yla S\u0131nava Girdi<br \/>\n<\/strong><br \/>\nKitapseverlerden biri Safranbolu&#8217;da ya\u015fayan 53 ya\u015f\u0131ndaki Handan \u00c7etir. Bulundu\u011fu yerde lise olmad\u0131\u011f\u0131 i\u00e7in e\u011fitim hayat\u0131na devam edemeyen ve ailesi taraf\u0131ndan 17 ya\u015f\u0131nda evlendirilen Handan \u00c7etir, evlendikten 7 y\u0131l sonra e\u015fini kaybetmesinin ard\u0131ndan \u00fc\u00e7 \u00e7ocu\u011funa hem annelik hem babal\u0131k yapt\u0131. Zorluklara ra\u011fmen y\u0131lmayan \u00c7etir, liseyi d\u0131\u015far\u0131dan bitirdi. Kurslara gidip ebru ve hat \u00f6\u011frenen Handan \u00c7etir, k\u0131z\u0131yla birlikte \u00fcniversite s\u0131nav\u0131na girdi. Tek tercihi olan Safranbolu Meslek Y\u00fcksekokulu Geleneksel El Sanatlar\u0131 B\u00f6l\u00fcm\u00fc\u2019nde k\u0131z\u0131yla e\u011fitim almaya ba\u015flayan \u00c7etir, Safranbolu \u0130l\u00e7e Halk K\u00fct\u00fcphanesinin m\u00fcdavimleri aras\u0131nda bulunuyor.<\/p>\n<p><strong>Serebral Palsi Hastas\u0131 Kitapsever<br \/>\n<\/strong><br \/>\nK\u0131r\u0131kkale&#8217;den Emirhan Tolubilek de hen\u00fcz 12 ya\u015f\u0131nda bir ortaokul \u00f6\u011frencisi. Serebral Palsi (SP) hastas\u0131 olan Emirhan evde \u00f6zel e\u011fitim g\u00f6r\u00fcyor. Hi\u00e7bir \u015feyin kitap okumaya engel olmad\u0131\u011f\u0131n\u0131 herkese g\u00f6steren minik Emirhan, kimi zaman kapan\u0131\u015f saatine kadar k\u00fct\u00fcphanede kal\u0131yor. En b\u00fcy\u00fck hayali K\u00fct\u00fcphane Haftas\u0131&#8217;nda \u00f6d\u00fcl almak olan Emirhan, 2015&#8217;te de &#8220;En \u00c7ok Kitap Okuyan Okur&#8221; \u00f6d\u00fcl\u00fcn\u00fcn sahibi olmu\u015ftu.<\/p>\n<p><strong>Kitap Tutkunu Bal\u0131k\u00e7\u0131<br \/>\n<\/strong><br \/>\nKitap okumay\u0131 hayat\u0131n\u0131n tutkusu haline getirenlerden biri de bal\u0131k\u00e7\u0131l\u0131kla ge\u00e7imini sa\u011flayan Zonguldakl\u0131 Kadriye Bilgili. 33 ya\u015f\u0131ndaki Bilgili, sabah\u0131n erken saatlerinde kay\u0131kla denize a\u00e7\u0131l\u0131p tuttuklar\u0131 bal\u0131klar\u0131, ge\u00e7 saatlere kadar kay\u0131npederine ait bal\u0131k\u00e7\u0131 d\u00fckkan\u0131nda satarak aile b\u00fct\u00e7esine katk\u0131 sa\u011flayor. Kadriye Bilgili, yo\u011fun \u00e7al\u0131\u015fma temposuna ra\u011fmen buldu\u011fu her f\u0131rsatta o\u011fluyla k\u00fct\u00fcphaneye giderek, \u00f6d\u00fcn\u00e7 kitap al\u0131yor ve kitap okumay\u0131 hayat\u0131n\u0131n vazge\u00e7ilmezi olarak g\u00f6r\u00fcyor.<\/p>\n<p><strong>72 Ya\u015f\u0131ndaki Kitap Kurdu<br \/>\n<\/strong><br \/>\nBir di\u011fer kitap kurdu ise K\u0131r\u015fehir&#8217;den 72 ya\u015f\u0131ndaki \u00a0G\u00fclpe\u015fe Ata. \u0130lkokul mezunu olan ve K\u0131r\u015fehir ba\u011fl\u0131 bir k\u00f6yde ya\u015fayan G\u00fclpe\u015fe Ata, her hafta k\u00f6y dolmu\u015fuyla k\u00fct\u00fcphaneye gidiyor. K\u00f6y hayat\u0131n\u0131n gere\u011fi t\u00fcm i\u015fleri yapan ancak okumay\u0131 da ihmal etmeyen Ata, g\u00fcnde en az 3-4 saatini okumaya ay\u0131r\u0131yor.<\/p>\n<p>Belgeselde, kendi kendine okuma al\u0131\u015fkanl\u0131\u011f\u0131 kazanm\u0131\u015f ve bunu ya\u015fam\u0131n\u0131n en \u00f6nemli par\u00e7as\u0131 haline getirmi\u015f, okuduklar\u0131yla hayat\u0131na y\u00f6n vermi\u015f ki\u015filerin hikayelerine ve halk\u0131n k\u00fct\u00fcphaneler hakk\u0131nda d\u00fc\u015f\u00fcncelerini anlatan sokak r\u00f6portajlar\u0131na da yer veriliyor.<\/p>\n<p>(Kaynak AA)<\/p>\n","protected":false},"excerpt":{"rendered":"<p>K\u00fct\u00fcphaneler ve Yay\u0131mlar Genel M\u00fcd\u00fcrl\u00fc\u011f\u00fc taraf\u0131ndan haz\u0131rlanan ve 53. K\u00fct\u00fcphane Haftas\u0131 kutlamalar\u0131 kapsam\u0131nda g\u00f6sterimi yap\u0131lan, T\u00fcrkiye\u2019nin farkl\u0131 \u015fehirlerinde ya\u015fayan s\u0131ra d\u0131\u015f\u0131 halk k\u00fct\u00fcphanesi kullan\u0131c\u0131lar\u0131n\u0131 anlatan belgesel filmlerinin yedincisi a\u015fa\u011f\u0131dad\u0131r. S\u0131rad\u0131\u015f\u0131 Okurlar Belgeseli yine g\u00fczel \u00f6rneklerle dolu.<\/p>\n","protected":false},"author":129,"featured_media":21476,"comment_status":"open","ping_status":"open","sticky":false,"template":"","format":"standard","meta":{"footnotes":""},"categories":[1523,1],"tags":[1461,835],"class_list":["post-21475","post","type-post","status-publish","format-standard","has-post-thumbnail","hentry","category-53-kutuphane-haftasi","category-genel","tag-kutuphane-haftasi","tag-sira-disi-okurlar"],"_links":{"self":[{"href":"https:\/\/www.bbyhaber.com\/bby\/wp-json\/wp\/v2\/posts\/21475"}],"collection":[{"href":"https:\/\/www.bbyhaber.com\/bby\/wp-json\/wp\/v2\/posts"}],"about":[{"href":"https:\/\/www.bbyhaber.com\/bby\/wp-json\/wp\/v2\/types\/post"}],"author":[{"embeddable":true,"href":"https:\/\/www.bbyhaber.com\/bby\/wp-json\/wp\/v2\/users\/129"}],"replies":[{"embeddable":true,"href":"https:\/\/www.bbyhaber.com\/bby\/wp-json\/wp\/v2\/comments?post=21475"}],"version-history":[{"count":7,"href":"https:\/\/www.bbyhaber.com\/bby\/wp-json\/wp\/v2\/posts\/21475\/revisions"}],"predecessor-version":[{"id":21597,"href":"https:\/\/www.bbyhaber.com\/bby\/wp-json\/wp\/v2\/posts\/21475\/revisions\/21597"}],"wp:featuredmedia":[{"embeddable":true,"href":"https:\/\/www.bbyhaber.com\/bby\/wp-json\/wp\/v2\/media\/21476"}],"wp:attachment":[{"href":"https:\/\/www.bbyhaber.com\/bby\/wp-json\/wp\/v2\/media?parent=21475"}],"wp:term":[{"taxonomy":"category","embeddable":true,"href":"https:\/\/www.bbyhaber.com\/bby\/wp-json\/wp\/v2\/categories?post=21475"},{"taxonomy":"post_tag","embeddable":true,"href":"https:\/\/www.bbyhaber.com\/bby\/wp-json\/wp\/v2\/tags?post=21475"}],"curies":[{"name":"wp","href":"https:\/\/api.w.org\/{rel}","templated":true}]}}