{"id":2146,"date":"2012-01-12T21:14:24","date_gmt":"2012-01-12T21:14:24","guid":{"rendered":"http:\/\/www.bbyhaber.com\/bby\/?p=2146"},"modified":"2012-01-13T12:57:05","modified_gmt":"2012-01-13T12:57:05","slug":"ak-partili-genclerden-vana-yardim-kampanyasi","status":"publish","type":"post","link":"https:\/\/www.bbyhaber.com\/bby\/2012\/01\/12\/ak-partili-genclerden-vana-yardim-kampanyasi","title":{"rendered":"Ak Partili Gen\u00e7lerden Van&#8217;a Yard\u0131m Kampanyas\u0131"},"content":{"rendered":"<p style=\"text-align: justify;\">Ak Parti \u0130stanbul Ka\u011f\u0131thane \u0130l\u00e7e Gen\u00e7lik Kollar\u0131 Ba\u015fkanl\u0131\u011f\u0131, deprem sonras\u0131 Van&#8217;daki 5 okula 5 k\u00fct\u00fcphane kazand\u0131rmak i\u00e7in bir yard\u0131m projesi ba\u015flatt\u0131.Gen\u00e7lik Kollar\u0131 Ba\u015fkanl\u0131\u011f\u0131 taraf\u0131ndan 15 Ocak 2012-15 \u015eubat 2012 tarihleri aras\u0131nda &#8216;E\u011fitime g\u00f6n\u00fcl ver, Van i\u00e7in de\u011fer&#8217; slogan\u0131yla ba\u015flat\u0131lan kampanyada, Van&#8217;da bulunan 5 k\u00f6y okuluna 5 k\u00fct\u00fcphane kazand\u0131r\u0131lmas\u0131 ve 3 bin \u00f6\u011frenciye k\u0131rtasiye malzemesi yard\u0131m\u0131 yap\u0131lmas\u0131 hedefleniyor.Yard\u0131mlar\u0131n Ka\u011f\u0131thane K\u00fclt\u00fcr Merkezi&#8217;nde toplanaca\u011f\u0131 belirlenirken, b\u00fct\u00fcn duyarl\u0131 vatanda\u015flar\u0131n kampanyaya destek vermesi istendi.<\/p>\n<p style=\"text-align: justify;\">Kaynak: http:\/\/www.haberciniz.biz\/<\/p>\n","protected":false},"excerpt":{"rendered":"<p>Ak Parti \u0130stanbul Ka\u011f\u0131thane \u0130l\u00e7e Gen\u00e7lik Kollar\u0131 Ba\u015fkanl\u0131\u011f\u0131, deprem sonras\u0131 Van&#8217;daki 5 okula 5 k\u00fct\u00fcphane kazand\u0131rmak i\u00e7in bir yard\u0131m projesi ba\u015flatt\u0131.Gen\u00e7lik Kollar\u0131 Ba\u015fkanl\u0131\u011f\u0131 taraf\u0131ndan 15 Ocak 2012-15 \u015eubat 2012 tarihleri aras\u0131nda &#8216;E\u011fitime g\u00f6n\u00fcl ver, Van i\u00e7in de\u011fer&#8217; slogan\u0131yla ba\u015flat\u0131lan kampanyada, Van&#8217;da bulunan 5 k\u00f6y okuluna 5 k\u00fct\u00fcphane kazand\u0131r\u0131lmas\u0131 ve 3 bin \u00f6\u011frenciye k\u0131rtasiye malzemesi yard\u0131m\u0131 [&hellip;]<\/p>\n","protected":false},"author":1,"featured_media":0,"comment_status":"open","ping_status":"open","sticky":false,"template":"","format":"standard","meta":{"footnotes":""},"categories":[1],"tags":[],"class_list":["post-2146","post","type-post","status-publish","format-standard","hentry","category-genel"],"_links":{"self":[{"href":"https:\/\/www.bbyhaber.com\/bby\/wp-json\/wp\/v2\/posts\/2146"}],"collection":[{"href":"https:\/\/www.bbyhaber.com\/bby\/wp-json\/wp\/v2\/posts"}],"about":[{"href":"https:\/\/www.bbyhaber.com\/bby\/wp-json\/wp\/v2\/types\/post"}],"author":[{"embeddable":true,"href":"https:\/\/www.bbyhaber.com\/bby\/wp-json\/wp\/v2\/users\/1"}],"replies":[{"embeddable":true,"href":"https:\/\/www.bbyhaber.com\/bby\/wp-json\/wp\/v2\/comments?post=2146"}],"version-history":[{"count":0,"href":"https:\/\/www.bbyhaber.com\/bby\/wp-json\/wp\/v2\/posts\/2146\/revisions"}],"wp:attachment":[{"href":"https:\/\/www.bbyhaber.com\/bby\/wp-json\/wp\/v2\/media?parent=2146"}],"wp:term":[{"taxonomy":"category","embeddable":true,"href":"https:\/\/www.bbyhaber.com\/bby\/wp-json\/wp\/v2\/categories?post=2146"},{"taxonomy":"post_tag","embeddable":true,"href":"https:\/\/www.bbyhaber.com\/bby\/wp-json\/wp\/v2\/tags?post=2146"}],"curies":[{"name":"wp","href":"https:\/\/api.w.org\/{rel}","templated":true}]}}