{"id":21458,"date":"2017-03-25T20:20:48","date_gmt":"2017-03-25T17:20:48","guid":{"rendered":"http:\/\/www.bbyhaber.com\/bby\/?p=21458"},"modified":"2017-03-25T21:02:58","modified_gmt":"2017-03-25T18:02:58","slug":"tkd-istanbul-subesi-kutuphane-haftasi-etkinlikleri","status":"publish","type":"post","link":"https:\/\/www.bbyhaber.com\/bby\/2017\/03\/25\/tkd-istanbul-subesi-kutuphane-haftasi-etkinlikleri","title":{"rendered":"TKD \u0130stanbul \u015eubesi K\u00fct\u00fcphane Haftas\u0131 Etkinlikleri"},"content":{"rendered":"<p><a href=\"http:\/\/kutuphaneetkinlikleri.bbyhaber.com\/portfolio\/tkd-istanbul-subesi-53-kutuphane-haftasi-program-detayi\" target=\"_blank\"><img loading=\"lazy\" decoding=\"async\" class=\"alignleft wp-image-21464\" src=\"http:\/\/www.bbyhaber.com\/bby\/wp-content\/uploads\/2017\/03\/53-afis-731x1024-2-731x1024.jpg\" alt=\"\" width=\"237\" height=\"332\" data-wp-pid=\"21464\" srcset=\"https:\/\/www.bbyhaber.com\/bby\/wp-content\/uploads\/2017\/03\/53-afis-731x1024-2.jpg 731w, https:\/\/www.bbyhaber.com\/bby\/wp-content\/uploads\/2017\/03\/53-afis-731x1024-2-214x300.jpg 214w\" sizes=\"(max-width: 237px) 100vw, 237px\" \/><\/a>Bu y\u0131l K\u00fct\u00fcphane Haftas\u0131 t\u00fcm yurtta \u00e7e\u015fitli etkinliklerle b\u00fcy\u00fck bir co\u015fkuyla kutlanacak.<\/p>\n<p>Bu ba\u011flamda bir\u00e7ok program organize ederek mesleki camiaya \u00e7at\u0131 olma g\u00f6revini yerine getiren TKD \u0130stanbul \u015eubesi&#8217;nin faaliyetleri dikkati \u00e7ekiyor.<!--more--><\/p>\n<p>T\u00fcrk K\u00fct\u00fcphaneciler Derne\u011fi \u0130stanbul \u015eubesi, Okul K\u00fct\u00fcphanecileri Derne\u011fi ve T.C. K\u00fclt\u00fcr ve Turizm Bakanl\u0131\u011f\u0131 \u0130stanbul \u0130l K\u00fclt\u00fcr ve Turizm M\u00fcd\u00fcrl\u00fc\u011f\u00fc programlar\u0131 a\u015fa\u011f\u0131daki adreste:<\/p>\n<p>[button color=&#8221;blue&#8221; size=&#8221;medium&#8221; link=&#8221;http:\/\/kutuphaneetkinlikleri.bbyhaber.com\/portfolio\/tkd-istanbul-subesi-53-kutuphane-haftasi-program-detayi\/&#8221; icon=&#8221;&#8221; target=&#8221;true&#8221;]TKD \u0130stanbul \u015eubesi 53. K\u00fct\u00fcphane Haftas\u0131 Etkinlikleri \u0130\u00e7in T\u0131klay\u0131n\u0131z.[\/button]<\/p>\n<p>&nbsp;<\/p>\n<p>53. K\u00fct\u00fcphane Haftas\u0131 etkinlikleri hakk\u0131nda TKD \u0130stanbul \u015eubesi Ba\u015fkan\u0131 Mustafa \u00d6zy\u00fcrek, T\u00fcrk K\u00fct\u00fcphaneciler Derne\u011fi&#8217;nin 68 y\u0131ll\u0131k birle\u015ftirici misyonunu, mesle\u011fimizin \u00e7at\u0131 \u00f6rg\u00fct\u00fc olma g\u00f6revini olanaklar \u00f6l\u00e7\u00fcs\u00fcnde yerine getirmeye \u00e7al\u0131\u015ft\u0131klar\u0131n\u0131 belirterek, bu s\u00fcre\u00e7te desteklerini esirgemeyen ki\u015fi ve kurumlara te\u015fekk\u00fcrlerini iletti.<\/p>\n<p>TKD \u0130stanbul \u015eubesi 53. K\u00fct\u00fcphane Haftas\u0131 etkinli\u011fi ve t\u00fcm yurttaki di\u011fer K\u00fct\u00fcphane Haftas\u0131 etkinliklerine [button color=&#8221;red&#8221; size=&#8221;small&#8221; link=&#8221;http:\/\/kutuphaneetkinlikleri.bbyhaber.com &#8221; icon=&#8221;&#8221; target=&#8221;true&#8221;]kutuphaneetkinlikleri.bbyhaber.com[\/button] adresli web sitemizden g\u00f6z atabilirsiniz.<\/p>\n<p><img loading=\"lazy\" decoding=\"async\" class=\"aligncenter wp-image-21460 size-full\" src=\"http:\/\/www.bbyhaber.com\/bby\/wp-content\/uploads\/2017\/03\/tkdistanbulbirle\u015ftirici.jpg\" alt=\"\" width=\"1024\" height=\"768\" data-wp-pid=\"21460\" srcset=\"https:\/\/www.bbyhaber.com\/bby\/wp-content\/uploads\/2017\/03\/tkdistanbulbirle\u015ftirici.jpg 1024w, https:\/\/www.bbyhaber.com\/bby\/wp-content\/uploads\/2017\/03\/tkdistanbulbirle\u015ftirici-300x225.jpg 300w, https:\/\/www.bbyhaber.com\/bby\/wp-content\/uploads\/2017\/03\/tkdistanbulbirle\u015ftirici-768x576.jpg 768w, https:\/\/www.bbyhaber.com\/bby\/wp-content\/uploads\/2017\/03\/tkdistanbulbirle\u015ftirici-800x600.jpg 800w\" sizes=\"(max-width: 1024px) 100vw, 1024px\" \/><\/p>\n<p>&nbsp;<\/p>\n","protected":false},"excerpt":{"rendered":"<p>Bu y\u0131l K\u00fct\u00fcphane Haftas\u0131 t\u00fcm yurtta \u00e7e\u015fitli etkinliklerle b\u00fcy\u00fck bir co\u015fkuyla kutlanacak. Bu ba\u011flamda bir\u00e7ok program organize ederek mesleki camiaya \u00e7at\u0131 olma g\u00f6revini yerine getiren TKD \u0130stanbul \u015eubesi&#8217;nin faaliyetleri dikkati \u00e7ekiyor.<\/p>\n","protected":false},"author":129,"featured_media":21459,"comment_status":"open","ping_status":"open","sticky":false,"template":"","format":"standard","meta":{"footnotes":""},"categories":[1],"tags":[1461],"class_list":["post-21458","post","type-post","status-publish","format-standard","has-post-thumbnail","hentry","category-genel","tag-kutuphane-haftasi"],"_links":{"self":[{"href":"https:\/\/www.bbyhaber.com\/bby\/wp-json\/wp\/v2\/posts\/21458"}],"collection":[{"href":"https:\/\/www.bbyhaber.com\/bby\/wp-json\/wp\/v2\/posts"}],"about":[{"href":"https:\/\/www.bbyhaber.com\/bby\/wp-json\/wp\/v2\/types\/post"}],"author":[{"embeddable":true,"href":"https:\/\/www.bbyhaber.com\/bby\/wp-json\/wp\/v2\/users\/129"}],"replies":[{"embeddable":true,"href":"https:\/\/www.bbyhaber.com\/bby\/wp-json\/wp\/v2\/comments?post=21458"}],"version-history":[{"count":10,"href":"https:\/\/www.bbyhaber.com\/bby\/wp-json\/wp\/v2\/posts\/21458\/revisions"}],"predecessor-version":[{"id":21472,"href":"https:\/\/www.bbyhaber.com\/bby\/wp-json\/wp\/v2\/posts\/21458\/revisions\/21472"}],"wp:featuredmedia":[{"embeddable":true,"href":"https:\/\/www.bbyhaber.com\/bby\/wp-json\/wp\/v2\/media\/21459"}],"wp:attachment":[{"href":"https:\/\/www.bbyhaber.com\/bby\/wp-json\/wp\/v2\/media?parent=21458"}],"wp:term":[{"taxonomy":"category","embeddable":true,"href":"https:\/\/www.bbyhaber.com\/bby\/wp-json\/wp\/v2\/categories?post=21458"},{"taxonomy":"post_tag","embeddable":true,"href":"https:\/\/www.bbyhaber.com\/bby\/wp-json\/wp\/v2\/tags?post=21458"}],"curies":[{"name":"wp","href":"https:\/\/api.w.org\/{rel}","templated":true}]}}